{"id":61422,"date":"2023-05-02T18:28:35","date_gmt":"2023-05-02T23:28:35","guid":{"rendered":"https:\/\/interaccionnoticias.com.mx\/?p=61422"},"modified":"2023-05-02T18:28:40","modified_gmt":"2023-05-02T23:28:40","slug":"maestros-y-administrativos-del-cren-de-iguala-denunciaron-herencia-de-plazas-en-esa-institucion","status":"publish","type":"post","link":"https:\/\/www.interaccionnoticias.com.mx\/?p=61422","title":{"rendered":"Maestros y administrativos del CREN de Iguala denunciaron herencia de plazas en esa instituci\u00f3n"},"content":{"rendered":"\n<p><strong><em>&#8212; Aseguran que el director del plantel es acusado por nepotismo<\/em><\/strong><\/p>\n\n\n\n<p><strong>Rosario Garc\u00eda Orozco<\/strong><\/p>\n\n\n\n<p><strong>Chilpancingo, Gro., 2 de mayo del 2023.-<\/strong> Personal docente y administrativo de Centro Regional de Educaci\u00f3n Normal (CREN) de Iguala, denunci\u00f3 que en esa instituci\u00f3n cuentan con 7 vacantes, por lo que se abri\u00f3 una convocatoria, pero no dejaron participar a los maestros y personal de apoyo que tienen m\u00e1s de 12 a\u00f1os laborando y que por escalaf\u00f3n les toca ese beneficio, sino que impusieron a hijos de maestros jubilados y a un hijo del director de esa escuela, con lo que consideraron son violados sus derechos laborales.<\/p>\n\n\n\n<p>Mar\u00eda Heriberta Valle Alonso, trabajadora administrativa del CREN de Iguala, en conferencia de prensa, inform\u00f3 que en ese plantel hay 7 vacantes para docentes y administrativos, pero asegur\u00f3 que se violenta el derecho de los trabajadores de esa escuela a participar en la convocatoria porque \u00abya van etiquetadas esas plazas para hijos de docentes jubilados, por lo que no se le permite participar al resto de docentes en los corrimientos\u00bb.<\/p>\n\n\n\n<p>Por esa situaci\u00f3n, dijeron que acudieron a la delegaci\u00f3n regional de la Comisi\u00f3n de Derechos Humanos del Estado de Guerrero, para denunciar que son violados los derechos de los trabajadores que tienen hasta 12 a\u00f1os laborando en ese plantel.<\/p>\n\n\n\n<p>Los inconformes expresaron que \u00abya pidieron el apoyo de la gobernadora Evelyn Salgado Pineda, y a trav\u00e9s de un oficio le hicieron saber la situaci\u00f3n que est\u00e1n viviendo, y le recordaron que el lema de su administraci\u00f3n de cero corrupci\u00f3n debe seguir vigente, \u00abpero a trav\u00e9s de sus funcionarios se sigue permitiendo la herencia de plazas, con todo y que se han enviado oficios al secretario de Educaci\u00f3n, Marcial Rodr\u00edguez Salda\u00f1a, al subsecretario de Finanzas, Alejandro Moreno Lira, y al subsecretario de Educaci\u00f3n Media Superior, Marcos Marb\u00e1n Galv\u00e1n, para que pongan atenci\u00f3n en lo que sucede en el CREN y se corrijan los procesos\u00bb.<\/p>\n\n\n\n<p>Se dijeron molestos tambi\u00e9n porque el director de esa escuela formadora de maestros, Omar Antonio Zamilpa Bello, de manera constante se ha negado a recibirlos en reuni\u00f3n y contin\u00faa el proceso de asignaci\u00f3n de las plazas docentes y administrativas para beneficiar a familiares de personal jubilado, sin respetar los derechos a escalaf\u00f3n de personal con 12 o m\u00e1s a\u00f1os de servicio, y agregaron que ya iniciaron tambi\u00e9n una denuncia por nepotismo, porque pretende beneficiar con plaza a uno de sus hijos.<\/p>\n\n\n\n<p>Finalmente, expusieron que el director del CREN les ha dicho que el derecho a la herencia de plazas est\u00e1 por encima de los derechos laborales del resto de los trabajadores, y lamentaron que en esa lucha por plazas, tampoco cuentan con el respaldo del Sindicato Nacional de Trabajadores de la Educaci\u00f3n (SNTE).<\/p>\n","protected":false},"excerpt":{"rendered":"<p>&#8212; Aseguran que el director del plantel es acusado por nepotismo Rosario Garc\u00eda Orozco Chilpancingo, Gro., 2 de mayo del 2023.- Personal docente y administrativo de Centro Regional de Educaci\u00f3n&hellip; <\/p>\n","protected":false},"author":14,"featured_media":61423,"comment_status":"open","ping_status":"open","sticky":false,"template":"","format":"standard","meta":{"fifu_image_url":"","fifu_image_alt":"","footnotes":""},"categories":[6],"tags":[],"class_list":["post-61422","post","type-post","status-publish","format-standard","has-post-thumbnail","hentry","category-educacion"],"_links":{"self":[{"href":"https:\/\/www.interaccionnoticias.com.mx\/index.php?rest_route=\/wp\/v2\/posts\/61422","targetHints":{"allow":["GET"]}}],"collection":[{"href":"https:\/\/www.interaccionnoticias.com.mx\/index.php?rest_route=\/wp\/v2\/posts"}],"about":[{"href":"https:\/\/www.interaccionnoticias.com.mx\/index.php?rest_route=\/wp\/v2\/types\/post"}],"author":[{"embeddable":true,"href":"https:\/\/www.interaccionnoticias.com.mx\/index.php?rest_route=\/wp\/v2\/users\/14"}],"replies":[{"embeddable":true,"href":"https:\/\/www.interaccionnoticias.com.mx\/index.php?rest_route=%2Fwp%2Fv2%2Fcomments&post=61422"}],"version-history":[{"count":1,"href":"https:\/\/www.interaccionnoticias.com.mx\/index.php?rest_route=\/wp\/v2\/posts\/61422\/revisions"}],"predecessor-version":[{"id":61424,"href":"https:\/\/www.interaccionnoticias.com.mx\/index.php?rest_route=\/wp\/v2\/posts\/61422\/revisions\/61424"}],"wp:featuredmedia":[{"embeddable":true,"href":"https:\/\/www.interaccionnoticias.com.mx\/index.php?rest_route=\/wp\/v2\/media\/61423"}],"wp:attachment":[{"href":"https:\/\/www.interaccionnoticias.com.mx\/index.php?rest_route=%2Fwp%2Fv2%2Fmedia&parent=61422"}],"wp:term":[{"taxonomy":"category","embeddable":true,"href":"https:\/\/www.interaccionnoticias.com.mx\/index.php?rest_route=%2Fwp%2Fv2%2Fcategories&post=61422"},{"taxonomy":"post_tag","embeddable":true,"href":"https:\/\/www.interaccionnoticias.com.mx\/index.php?rest_route=%2Fwp%2Fv2%2Ftags&post=61422"}],"curies":[{"name":"wp","href":"https:\/\/api.w.org\/{rel}","templated":true}]}}