{"id":6142,"date":"2017-07-04T20:38:46","date_gmt":"2017-07-05T01:38:46","guid":{"rendered":"http:\/\/www.inter-accion.com.mx\/?p=6142"},"modified":"2017-07-04T20:38:46","modified_gmt":"2017-07-05T01:38:46","slug":"en-integracion-presunta-queja-contra-vocal-ejecutivo-del-ine-en-guerrero","status":"publish","type":"post","link":"https:\/\/www.interaccionnoticias.com.mx\/?p=6142","title":{"rendered":"En integraci\u00f3n presunta queja contra vocal ejecutivo del INE en Guerrero"},"content":{"rendered":"<p>El partido Movimiento Regeneraci\u00f3n Nacional (MORENA), integrar\u00e1 una denuncia en contra del vocal ejecutivo de la junta local del Instituto Nacional Electoral (INE) en Guerrero, Dagoberto Santos Trigo, por presuntamente haber descalificado a Andr\u00e9s Manuel L\u00f3pez Obrador.<br \/>\nEl representante de MORENA ante el Instituto Electoral y de Participaci\u00f3n Ciudadana (IEPC), Sergio Montes Carrillo manifest\u00f3 que a\u00fan se est\u00e1n integrando las pruebas de los comentarios que realiz\u00f3 el funcionario del INE, en una gira de trabajo.<br \/>\nRelat\u00f3 que la primera semana de mayo, Santos Trigo realiz\u00f3 una gira de trabajo en el distrito 16, con cabecera en San Luis Acatl\u00e1n.<br \/>\nPosteriormente, concluidas las actividades de trabajo programadas, un par de representantes de otros partidos, le comunicaron que el representante del INE hab\u00eda exhortado a algunos pobladores a hacer funcionar la democracia, para evitar la llegada de \u201clideres mesi\u00e1nicos\u201d.<br \/>\nMontes Carrillo, asegur\u00f3 que aunque no es una prueba contundente, Andr\u00e9s Manuel L\u00f3pez Obrador ha sido catalogado por la opini\u00f3n p\u00fablica como una figura \u201cmesi\u00e1nica\u201d en la pol\u00edtica.<br \/>\nTras una llamada que realiz\u00f3 con el vocal ejecutivo del INE en Guerrero, el representante de MORENA se comprometi\u00f3 a conseguir un audio para fundamentar la acusaci\u00f3n, sin embargo, la grabaci\u00f3n se encuentra \u201cperdida\u201d.<br \/>\n\u201cMe dijo textualmente, yo no dije nada, no es mi estilo, si usted quiere siga buscando la grabaci\u00f3n, nunca es mi estilo decir esas cosas, y si es as\u00ed, si usted considera que comet\u00ed un il\u00edcito, proceda conforme a su derecho\u201d, se\u00f1al\u00f3.<\/p>\n","protected":false},"excerpt":{"rendered":"<p>El partido Movimiento Regeneraci\u00f3n Nacional (MORENA), integrar\u00e1 una denuncia en contra del vocal ejecutivo de la junta local del Instituto Nacional Electoral (INE) en Guerrero, Dagoberto Santos Trigo, por presuntamente&hellip; <\/p>\n","protected":false},"author":1,"featured_media":0,"comment_status":"closed","ping_status":"closed","sticky":false,"template":"","format":"standard","meta":{"fifu_image_url":"","fifu_image_alt":"","footnotes":""},"categories":[8,18],"tags":[],"class_list":["post-6142","post","type-post","status-publish","format-standard","hentry","category-featured","category-partidos-politicos"],"_links":{"self":[{"href":"https:\/\/www.interaccionnoticias.com.mx\/index.php?rest_route=\/wp\/v2\/posts\/6142","targetHints":{"allow":["GET"]}}],"collection":[{"href":"https:\/\/www.interaccionnoticias.com.mx\/index.php?rest_route=\/wp\/v2\/posts"}],"about":[{"href":"https:\/\/www.interaccionnoticias.com.mx\/index.php?rest_route=\/wp\/v2\/types\/post"}],"author":[{"embeddable":true,"href":"https:\/\/www.interaccionnoticias.com.mx\/index.php?rest_route=\/wp\/v2\/users\/1"}],"replies":[{"embeddable":true,"href":"https:\/\/www.interaccionnoticias.com.mx\/index.php?rest_route=%2Fwp%2Fv2%2Fcomments&post=6142"}],"version-history":[{"count":0,"href":"https:\/\/www.interaccionnoticias.com.mx\/index.php?rest_route=\/wp\/v2\/posts\/6142\/revisions"}],"wp:attachment":[{"href":"https:\/\/www.interaccionnoticias.com.mx\/index.php?rest_route=%2Fwp%2Fv2%2Fmedia&parent=6142"}],"wp:term":[{"taxonomy":"category","embeddable":true,"href":"https:\/\/www.interaccionnoticias.com.mx\/index.php?rest_route=%2Fwp%2Fv2%2Fcategories&post=6142"},{"taxonomy":"post_tag","embeddable":true,"href":"https:\/\/www.interaccionnoticias.com.mx\/index.php?rest_route=%2Fwp%2Fv2%2Ftags&post=6142"}],"curies":[{"name":"wp","href":"https:\/\/api.w.org\/{rel}","templated":true}]}}