{"id":61419,"date":"2023-05-02T18:24:58","date_gmt":"2023-05-02T23:24:58","guid":{"rendered":"https:\/\/interaccionnoticias.com.mx\/?p=61419"},"modified":"2023-05-02T18:25:04","modified_gmt":"2023-05-02T23:25:04","slug":"ejidatarios-de-juan-r-escudero-exigen-indemnizacion-por-la-construccion-de-la-autopista-del-sol","status":"publish","type":"post","link":"https:\/\/www.interaccionnoticias.com.mx\/?p=61419","title":{"rendered":"Ejidatarios de Juan R, Escudero exigen indemnizaci\u00f3n por la construcci\u00f3n de la Autopista del Sol"},"content":{"rendered":"\n<p><strong>Rosario Garc\u00eda Orozco<\/strong><\/p>\n\n\n\n<p><strong>Chilpancingo, Gro., 2 de mayo del 2023.- <\/strong>Ejidatarios de tres comunidades de Juan R. Escudero, reclamaron que a m\u00e1s de 20 a\u00f1os de gesti\u00f3n, autoridades del gobierno federal no les han pagado la indemnizaci\u00f3n de 154 mil metros cuadrados afectados por la construcci\u00f3n de la Autopista del Sol.<\/p>\n\n\n\n<p>En conferencia de prensa, Pedro Carrera Robles y Leonardo Bello Luna, ejidatarios de 3 localidades de Juan R. Escudero, con cabecera en Tierra Colorada, denunciaron que desde hace 20 a\u00f1os iniciaron las gestiones para ser indemnizados, y fue hasta 2018 cuando la dependencia federal acept\u00f3 pagarles 160 pesos por hect\u00e1rea afectada, pero \u00abes la fecha en que no nos pagan nada, y s\u00f3lo nos han llevado a puras largas, vuelta y vuelta a la Ciudad de M\u00e9xico, nos traen como mendigos, y s\u00f3lo corriendo riesgos, sin que hasta el momento nos solucionen nuestra demanda\u00bb.<\/p>\n\n\n\n<p>Recordaron que cuando el senador F\u00e9lix Salgado Macedonio empez\u00f3 su campa\u00f1a para gobernador, se acercaron a \u00e9l y los acompa\u00f1\u00f3 a la Secretar\u00eda de Infraestructura, Comunicaciones y Transportes, \u00abpero ya no hemos sabido de \u00e9l, a lo mejor si se entera de que seguimos con este problema nos haga caso y nos ayude\u00bb, confiaron los campesinos.<\/p>\n\n\n\n<p>Dijeron que la indemnizaci\u00f3n de la Federaci\u00f3n es por da\u00f1os y prejuicios y por derecho de v\u00eda, pero adem\u00e1s, que ya acept\u00f3 la dependencia desde 2018 pagar a raz\u00f3n de 160 pesos cada metro cuadrado afectado, sin embargo ese pago no se ha concretado.<\/p>\n\n\n\n<p>Explicaron que en los terrenos afectados ya no se puede sembrar, ni se puede construir, porque en el trabajo que realiz\u00f3 empresa ICA, que fue a la que contrataron para la construcci\u00f3n de la Autopista del Sol, \u00abtiraron escombro y piedras y ya no sirven para nada\u00bb.<\/p>\n\n\n\n<p>Los afectados por la construcci\u00f3n de esa vialidad, comentaron que solicitaron el apoyo de la Liga de Comunidades Agrarias y Sindicatos Campesinos, que lidera Evencio Romero Sotelo, para que el equipo de abogados de esa organizaci\u00f3n los asesore.<\/p>\n\n\n\n<p>Al respecto, Romero Sotelo mencion\u00f3 que es mucho el tiempo que los ejidatarios han esperado una respuesta por parte del gobierno federal, por lo que ahora van a dar la lucha jur\u00eddica, como lo hicieron hace varios a\u00f1os para apoyar a los campesinos afectados por el tramo de Tierra Colorada-La Venta, a quienes despu\u00e9s de todo un proceso jur\u00eddico lograron que se indemnizara a sus representados.<\/p>\n","protected":false},"excerpt":{"rendered":"<p>Rosario Garc\u00eda Orozco Chilpancingo, Gro., 2 de mayo del 2023.- Ejidatarios de tres comunidades de Juan R. Escudero, reclamaron que a m\u00e1s de 20 a\u00f1os de gesti\u00f3n, autoridades del gobierno&hellip; <\/p>\n","protected":false},"author":14,"featured_media":61420,"comment_status":"open","ping_status":"open","sticky":false,"template":"","format":"standard","meta":{"fifu_image_url":"","fifu_image_alt":"","footnotes":""},"categories":[23],"tags":[],"class_list":["post-61419","post","type-post","status-publish","format-standard","has-post-thumbnail","hentry","category-regionales"],"_links":{"self":[{"href":"https:\/\/www.interaccionnoticias.com.mx\/index.php?rest_route=\/wp\/v2\/posts\/61419","targetHints":{"allow":["GET"]}}],"collection":[{"href":"https:\/\/www.interaccionnoticias.com.mx\/index.php?rest_route=\/wp\/v2\/posts"}],"about":[{"href":"https:\/\/www.interaccionnoticias.com.mx\/index.php?rest_route=\/wp\/v2\/types\/post"}],"author":[{"embeddable":true,"href":"https:\/\/www.interaccionnoticias.com.mx\/index.php?rest_route=\/wp\/v2\/users\/14"}],"replies":[{"embeddable":true,"href":"https:\/\/www.interaccionnoticias.com.mx\/index.php?rest_route=%2Fwp%2Fv2%2Fcomments&post=61419"}],"version-history":[{"count":1,"href":"https:\/\/www.interaccionnoticias.com.mx\/index.php?rest_route=\/wp\/v2\/posts\/61419\/revisions"}],"predecessor-version":[{"id":61421,"href":"https:\/\/www.interaccionnoticias.com.mx\/index.php?rest_route=\/wp\/v2\/posts\/61419\/revisions\/61421"}],"wp:featuredmedia":[{"embeddable":true,"href":"https:\/\/www.interaccionnoticias.com.mx\/index.php?rest_route=\/wp\/v2\/media\/61420"}],"wp:attachment":[{"href":"https:\/\/www.interaccionnoticias.com.mx\/index.php?rest_route=%2Fwp%2Fv2%2Fmedia&parent=61419"}],"wp:term":[{"taxonomy":"category","embeddable":true,"href":"https:\/\/www.interaccionnoticias.com.mx\/index.php?rest_route=%2Fwp%2Fv2%2Fcategories&post=61419"},{"taxonomy":"post_tag","embeddable":true,"href":"https:\/\/www.interaccionnoticias.com.mx\/index.php?rest_route=%2Fwp%2Fv2%2Ftags&post=61419"}],"curies":[{"name":"wp","href":"https:\/\/api.w.org\/{rel}","templated":true}]}}