{"id":61410,"date":"2023-05-02T16:25:07","date_gmt":"2023-05-02T21:25:07","guid":{"rendered":"https:\/\/interaccionnoticias.com.mx\/?p=61410"},"modified":"2023-05-02T16:25:13","modified_gmt":"2023-05-02T21:25:13","slug":"comunicadores-protestan-contra-el-regidor-genero-vazquez-en-acapulco","status":"publish","type":"post","link":"https:\/\/www.interaccionnoticias.com.mx\/?p=61410","title":{"rendered":"Comunicadores protestan contra el regidor G\u00e9nero V\u00e1zquez, en Acapulco"},"content":{"rendered":"\n<p><strong><em>Por amenazar con &#8216;cachetear\u00bb a reportero<\/em><\/strong><\/p>\n\n\n\n<p><strong>Javier Trujillo<\/strong><\/p>\n\n\n\n<p><strong>Acapulco, Gro. &#8211; <\/strong>Medio centenar de periodistas de Acapulco, se manifestaron en el ayuntamiento porte\u00f1o tras las amenazas del regidor de Movimiento Ciudadano, Genaro V\u00e1zquez Flores, qui\u00e9n p\u00fablicamente dijo que dar\u00eda de \u00abcachetadas\u00bb, al periodista C\u00e9sar de Labra.<\/p>\n\n\n\n<p>Lo anterior, debido a que el edil, de Movimiento Ciudadano, se molest\u00f3 por las cr\u00edticas que hizo el periodista en el programa de radio \u00abPunto de Encuentro Guerrero\u00bb, que se transmite en Audiorama, tras una protesta del regidor en la que provoc\u00f3 y atemorizo a una veintena de ni\u00f1os en la sesi\u00f3n del Cabildo Infantil.<\/p>\n\n\n\n<p>El pasado viernes el edil de MC, iba encabezando un grupo de habitantes de varias colonias del puerto, para exigir al gobierno de la alcaldesa Abelina L\u00f3pez Rodr\u00edguez, obras para los habitantes e irrumpio en forma violenta.<\/p>\n\n\n\n<p>Con lenguaje florido el regidor de Movimiento Ciudadano, exigi\u00f3 a la alcaldesa de Morena Abelina L\u00f3pez que atendiera a la comisi\u00f3n de colonos y al mismo tiempo se comprometiera a realizar diversas obras en cada una de las colonias.<\/p>\n\n\n\n<p>Esta ma\u00f1ana, fotoreporteros, periodistas y camar\u00f3grafos acompa\u00f1aron a C\u00e9sar de Labra a presentar una denuncia ante las autoridades de la Comisi\u00f3n de Derechos Humanos, ante las amenazas proferidas contra el comunicador.<\/p>\n\n\n\n<p>M\u00e1s tarde, los periodistas colocaron cartulinas en la oficina del edil de MC y exigieron el desafuero \u00abmoral\u00bb del regidor.<\/p>\n","protected":false},"excerpt":{"rendered":"<p>Por amenazar con &#8216;cachetear\u00bb a reportero Javier Trujillo Acapulco, Gro. &#8211; Medio centenar de periodistas de Acapulco, se manifestaron en el ayuntamiento porte\u00f1o tras las amenazas del regidor de Movimiento&hellip; <\/p>\n","protected":false},"author":3,"featured_media":61411,"comment_status":"open","ping_status":"open","sticky":false,"template":"","format":"standard","meta":{"fifu_image_url":"","fifu_image_alt":"","footnotes":""},"categories":[242],"tags":[],"class_list":["post-61410","post","type-post","status-publish","format-standard","has-post-thumbnail","hentry","category-acapulco"],"_links":{"self":[{"href":"https:\/\/www.interaccionnoticias.com.mx\/index.php?rest_route=\/wp\/v2\/posts\/61410","targetHints":{"allow":["GET"]}}],"collection":[{"href":"https:\/\/www.interaccionnoticias.com.mx\/index.php?rest_route=\/wp\/v2\/posts"}],"about":[{"href":"https:\/\/www.interaccionnoticias.com.mx\/index.php?rest_route=\/wp\/v2\/types\/post"}],"author":[{"embeddable":true,"href":"https:\/\/www.interaccionnoticias.com.mx\/index.php?rest_route=\/wp\/v2\/users\/3"}],"replies":[{"embeddable":true,"href":"https:\/\/www.interaccionnoticias.com.mx\/index.php?rest_route=%2Fwp%2Fv2%2Fcomments&post=61410"}],"version-history":[{"count":1,"href":"https:\/\/www.interaccionnoticias.com.mx\/index.php?rest_route=\/wp\/v2\/posts\/61410\/revisions"}],"predecessor-version":[{"id":61412,"href":"https:\/\/www.interaccionnoticias.com.mx\/index.php?rest_route=\/wp\/v2\/posts\/61410\/revisions\/61412"}],"wp:featuredmedia":[{"embeddable":true,"href":"https:\/\/www.interaccionnoticias.com.mx\/index.php?rest_route=\/wp\/v2\/media\/61411"}],"wp:attachment":[{"href":"https:\/\/www.interaccionnoticias.com.mx\/index.php?rest_route=%2Fwp%2Fv2%2Fmedia&parent=61410"}],"wp:term":[{"taxonomy":"category","embeddable":true,"href":"https:\/\/www.interaccionnoticias.com.mx\/index.php?rest_route=%2Fwp%2Fv2%2Fcategories&post=61410"},{"taxonomy":"post_tag","embeddable":true,"href":"https:\/\/www.interaccionnoticias.com.mx\/index.php?rest_route=%2Fwp%2Fv2%2Ftags&post=61410"}],"curies":[{"name":"wp","href":"https:\/\/api.w.org\/{rel}","templated":true}]}}