{"id":61392,"date":"2023-05-02T13:36:32","date_gmt":"2023-05-02T18:36:32","guid":{"rendered":"https:\/\/interaccionnoticias.com.mx\/?p=61392"},"modified":"2023-05-02T13:36:37","modified_gmt":"2023-05-02T18:36:37","slug":"los-gobiernos-municipales-tambien-deben-invertir-en-equipamiento-de-sus-direcciones-de-proteccion-civil","status":"publish","type":"post","link":"https:\/\/www.interaccionnoticias.com.mx\/?p=61392","title":{"rendered":"Los gobiernos municipales tambi\u00e9n deben invertir en equipamiento de sus direcciones de Protecci\u00f3n Civil"},"content":{"rendered":"\n<p><strong><em>Rosario Garc\u00eda Orozco<\/em><\/strong><\/p>\n\n\n\n<p><strong>Chilpancingo, Gro., 2 de mayo del 2023.-<\/strong> Los municipios deben invertir en equipamiento y capacitaci\u00f3n para los combatientes de incendios forestales, urbanos y suburbanos, porque algunos est\u00e1n dejando esa responsabilidad solo a los gobiernos estatal y federal, consider\u00f3 el secretario de la Comisi\u00f3n de Protecci\u00f3n Civil del Congreso Local, Marco Tulio S\u00e1nchez Alarc\u00f3n.<\/p>\n\n\n\n<p>Recientemente, durante la movilizaci\u00f3n de personal de la Secretar\u00eda de Gesti\u00f3n de Riesgos y Protecci\u00f3n Civil, el dirigente del Sindicato de esa dependencia, \u00c1ngel Mart\u00ednez Reyes, denunci\u00f3 que los combatientes de incendios no cuentan con equipo de protecci\u00f3n personal adecuado para hacer frente a esos siniestros, ni con camiones de bomberos, porque s\u00f3lo hay en todo el estado 3 unidades, cuando esa dependencia deber\u00eda tener por lo menos una para cada regi\u00f3n.<\/p>\n\n\n\n<p>El diputado local mencion\u00f3 que si bien es cierto, el Congreso de Guerrero en diciembre pasado aprob\u00f3 un presupuesto que incluye recursos para equipamiento y capacitaci\u00f3n de los trabajadores de la Secretar\u00eda de Gesti\u00f3n de Riesgos y Protecci\u00f3n Civil, tambi\u00e9n lo es que los ayuntamientos \u00abno pueden dejarle todo el peso solo al gobierno del estado o al federal, tambi\u00e9n tienen que aportar, tienen que caminar de la mano, no dejarle todo al Estado, todos los municipios tienen su gu\u00eda de protecci\u00f3n civil, su gu\u00eda de bomberos, no podemos trabajar cada quien por su lado, si se juntan lo esfuerzos, creo se pueden atacar estos incendios de la zona, y es que hay lugares donde los incendios est\u00e1n causando estragos, y esto pasa a perjudicar la siembra en los pr\u00f3ximos d\u00edas, y estamos revisando, donde tengamos que etiquetar y destinar m\u00e1s recursos se pueden hacer gestiones\u00bb.<\/p>\n\n\n\n<p>Explic\u00f3 que los ayuntamientos tambi\u00e9n deben destinar recursos suficientes para la capacitaci\u00f3n de su personal, porque no siempre es suficiente con lo que asigna el gobierno del estado con quienes \u00abseremos responsables de hacer an\u00e1lisis y capacitaci\u00f3n al personal en la Autopista del Sol simulando incendios para poder controlarse, estamos preparados pero falta mucho\u00bb.<\/p>\n\n\n\n<p>El legislador local sostuvo que en materia de combate a incendios \u00abestamos preparados pero falta mucho\u00bb, a comparaci\u00f3n con otros estado como Jalisco, en Guerrero no se cuenta con centros de atenci\u00f3n inmediata \u00abpero cuenta con centros de atenci\u00f3n inmediata \u00abnos siguen dando muy duro los temas meteorol\u00f3gicos cuando sucede algo, pero eso es parte de que podamos caminar ayuntamientos y ciudadanos\u00bb.<\/p>\n","protected":false},"excerpt":{"rendered":"<p>Rosario Garc\u00eda Orozco Chilpancingo, Gro., 2 de mayo del 2023.- Los municipios deben invertir en equipamiento y capacitaci\u00f3n para los combatientes de incendios forestales, urbanos y suburbanos, porque algunos est\u00e1n&hellip; <\/p>\n","protected":false},"author":14,"featured_media":61393,"comment_status":"open","ping_status":"open","sticky":false,"template":"","format":"standard","meta":{"fifu_image_url":"","fifu_image_alt":"","footnotes":""},"categories":[2],"tags":[],"class_list":["post-61392","post","type-post","status-publish","format-standard","has-post-thumbnail","hentry","category-congreso"],"_links":{"self":[{"href":"https:\/\/www.interaccionnoticias.com.mx\/index.php?rest_route=\/wp\/v2\/posts\/61392","targetHints":{"allow":["GET"]}}],"collection":[{"href":"https:\/\/www.interaccionnoticias.com.mx\/index.php?rest_route=\/wp\/v2\/posts"}],"about":[{"href":"https:\/\/www.interaccionnoticias.com.mx\/index.php?rest_route=\/wp\/v2\/types\/post"}],"author":[{"embeddable":true,"href":"https:\/\/www.interaccionnoticias.com.mx\/index.php?rest_route=\/wp\/v2\/users\/14"}],"replies":[{"embeddable":true,"href":"https:\/\/www.interaccionnoticias.com.mx\/index.php?rest_route=%2Fwp%2Fv2%2Fcomments&post=61392"}],"version-history":[{"count":1,"href":"https:\/\/www.interaccionnoticias.com.mx\/index.php?rest_route=\/wp\/v2\/posts\/61392\/revisions"}],"predecessor-version":[{"id":61394,"href":"https:\/\/www.interaccionnoticias.com.mx\/index.php?rest_route=\/wp\/v2\/posts\/61392\/revisions\/61394"}],"wp:featuredmedia":[{"embeddable":true,"href":"https:\/\/www.interaccionnoticias.com.mx\/index.php?rest_route=\/wp\/v2\/media\/61393"}],"wp:attachment":[{"href":"https:\/\/www.interaccionnoticias.com.mx\/index.php?rest_route=%2Fwp%2Fv2%2Fmedia&parent=61392"}],"wp:term":[{"taxonomy":"category","embeddable":true,"href":"https:\/\/www.interaccionnoticias.com.mx\/index.php?rest_route=%2Fwp%2Fv2%2Fcategories&post=61392"},{"taxonomy":"post_tag","embeddable":true,"href":"https:\/\/www.interaccionnoticias.com.mx\/index.php?rest_route=%2Fwp%2Fv2%2Ftags&post=61392"}],"curies":[{"name":"wp","href":"https:\/\/api.w.org\/{rel}","templated":true}]}}