{"id":6138,"date":"2017-07-04T20:24:04","date_gmt":"2017-07-05T01:24:04","guid":{"rendered":"http:\/\/www.inter-accion.com.mx\/?p=6138"},"modified":"2017-07-04T20:24:04","modified_gmt":"2017-07-05T01:24:04","slug":"congreso-exhorta-a-salud-y-educacion-a-prevenir-brotes-de-coxsackie","status":"publish","type":"post","link":"https:\/\/www.interaccionnoticias.com.mx\/?p=6138","title":{"rendered":"Congreso exhorta a Salud y Educaci\u00f3n a prevenir brotes de coxsackie"},"content":{"rendered":"<p>Por unanimidad, el Pleno del Congreso local exhort\u00f3 al gobernador, H\u00e9ctor Astudillo Flores, para que instruya a los secretarios de Salud y Educaci\u00f3n, a que implementen un programa de prevenci\u00f3n y vigilancia a guarder\u00edas, escuelas y poblaci\u00f3n en general, para evitar un brote del virus coxsackie.<br \/>\nEl punto de acuerdo fue presentado por el diputado panista Iv\u00e1n Pachuca Dom\u00ednguez, quien record\u00f3 que la poblaci\u00f3n de Guerrero ha padecido de enfermedades transmitidas por virus y vectores, como la influenza, dengue y chikungunya, a consecuencia \u201cde la pasividad\u201d de la Secretar\u00eda de Salud estatal para prevenir, controlar y erradicar el problema.<br \/>\n\u201cAhora enfrentamos una nueva amenaza para la salud de los guerrerenses, el virus del coxsackie (\u2026) la Secretar\u00eda de Salud Federal la tiene catalogada como una enfermedad altamente contagiosa, transmitida principalmente a ni\u00f1os que conviven en las guarder\u00edas y escuelas, los primeros s\u00edntomas se pueden presentar de tres a cinco d\u00edas, a partir del contagio y puede durar de siete a diez d\u00edas\u201d, dijo durante la&nbsp; exposici\u00f3n de motivos.<br \/>\nSe\u00f1al\u00f3 que las secretar\u00edas de Salud en los estados de&nbsp; Tlaxcala, Oaxaca, Hidalgo, M\u00e9xico, Quer\u00e9taro, Zacatecas y Tamaulipas emitieron alerta sanitaria al detectar brotes de coxsackie, y que en los municipios de Puebla, Cholula y San Mart\u00edn Texmelucan se han confirmado algunos casos de contagio, por lo que es necesario que la Secretar\u00eda de Salud de Guerrero est\u00e9 preparada para prevenir, y en su caso, controlar un brote de la enfermedad.<br \/>\nPuntualiz\u00f3 que no se trata de alarmar a la poblaci\u00f3n, sino de que las autoridades adopten nuevas estrategias que conlleven a la prevenci\u00f3n de enfermedades contagiosas.<br \/>\n<strong>Nombran Comisi\u00f3n de Presea Sentimientos de la Naci\u00f3n.<\/strong><br \/>\nLa Mesa Directiva del Congreso local tom\u00f3 protesta a los integrantes de la Comisi\u00f3n Especial encargada de expedir la convocatoria y dictaminar sobre las candidaturas que se presenten para elegir al recipiendario de la Presea Sentimientos de la Naci\u00f3n, que ser\u00e1 entregada este 2017.<br \/>\nLos integrantes de dicha Comisi\u00f3n son los diputados Flor A\u00f1orve Ocampo (PRI), Erika Alcaraz Sosa (PRD) Eduardo Cueva Ruiz, (PVEM), Ricardo Mej\u00eda Berdeja (MC), Iv\u00e1n Pachuca Dom\u00ednguez (PAN), Fredy Garc\u00eda Guevara (PT) y Mar\u00eda de Jes\u00fas Cisneros Mart\u00ednez (Morena), quienes tambi\u00e9n son integrantes de la Junta de Coordinaci\u00f3n Pol\u00edtica (JUCOPO) del Congreso.<br \/>\nEl punto de acuerdo que fue votado a favor por unanimidad, se\u00f1ala que fueron designados para la Comisi\u00f3n Especial los mismos diputados de la JUCOPO al considerar que est\u00e1n representadas todas las expresiones pol\u00edticas del Congreso.<br \/>\nEsta Comisi\u00f3n ser\u00e1 la encargada de emitir la convocatoria durante el presente mes, as\u00ed como de dictaminar de entre las propuestas, al recipiendario de la Presea Sentimientos de la Naci\u00f3n, la cual es la m\u00e1xima condecoraci\u00f3n que entrega el Congreso de Guerrero a un ciudadano que, con sus acciones,&nbsp; evoca&nbsp; los principios plasmados en los Sentimientos de la Naci\u00f3n promulgados por Jos\u00e9 Mar\u00eda Morelos y Pav\u00f3n el 14 de septiembre de 1813.<br \/>\nLa Presea, que el a\u00f1o pasado fue otorgada al escritor Enrique Krauze Kleinbort, ser\u00e1 entregada el pr\u00f3ximo 13 de septiembre en sesi\u00f3n p\u00fablica y solemne que se desarrollar\u00e1 en la Iglesia Asunci\u00f3n de Mar\u00eda, en el marco de la conmemoraci\u00f3n de la instalaci\u00f3n del Primer Congreso de An\u00e1huac.<\/p>\n","protected":false},"excerpt":{"rendered":"<p>Por unanimidad, el Pleno del Congreso local exhort\u00f3 al gobernador, H\u00e9ctor Astudillo Flores, para que instruya a los secretarios de Salud y Educaci\u00f3n, a que implementen un programa de prevenci\u00f3n&hellip; <\/p>\n","protected":false},"author":1,"featured_media":0,"comment_status":"closed","ping_status":"closed","sticky":false,"template":"","format":"standard","meta":{"fifu_image_url":"","fifu_image_alt":"","footnotes":""},"categories":[28],"tags":[],"class_list":["post-6138","post","type-post","status-publish","format-standard","hentry","category-sin-categoria"],"_links":{"self":[{"href":"https:\/\/www.interaccionnoticias.com.mx\/index.php?rest_route=\/wp\/v2\/posts\/6138","targetHints":{"allow":["GET"]}}],"collection":[{"href":"https:\/\/www.interaccionnoticias.com.mx\/index.php?rest_route=\/wp\/v2\/posts"}],"about":[{"href":"https:\/\/www.interaccionnoticias.com.mx\/index.php?rest_route=\/wp\/v2\/types\/post"}],"author":[{"embeddable":true,"href":"https:\/\/www.interaccionnoticias.com.mx\/index.php?rest_route=\/wp\/v2\/users\/1"}],"replies":[{"embeddable":true,"href":"https:\/\/www.interaccionnoticias.com.mx\/index.php?rest_route=%2Fwp%2Fv2%2Fcomments&post=6138"}],"version-history":[{"count":0,"href":"https:\/\/www.interaccionnoticias.com.mx\/index.php?rest_route=\/wp\/v2\/posts\/6138\/revisions"}],"wp:attachment":[{"href":"https:\/\/www.interaccionnoticias.com.mx\/index.php?rest_route=%2Fwp%2Fv2%2Fmedia&parent=6138"}],"wp:term":[{"taxonomy":"category","embeddable":true,"href":"https:\/\/www.interaccionnoticias.com.mx\/index.php?rest_route=%2Fwp%2Fv2%2Fcategories&post=6138"},{"taxonomy":"post_tag","embeddable":true,"href":"https:\/\/www.interaccionnoticias.com.mx\/index.php?rest_route=%2Fwp%2Fv2%2Ftags&post=6138"}],"curies":[{"name":"wp","href":"https:\/\/api.w.org\/{rel}","templated":true}]}}