{"id":61352,"date":"2023-05-01T19:27:46","date_gmt":"2023-05-02T00:27:46","guid":{"rendered":"https:\/\/interaccionnoticias.com.mx\/?p=61352"},"modified":"2023-05-01T19:27:50","modified_gmt":"2023-05-02T00:27:50","slug":"diputados-de-morena-respaldan-a-la-gobernadora-y-la-fiscal-de-guerrero-en-su-actuacion-frente-a-los-grupos-delictivos-de-tierra-caliente","status":"publish","type":"post","link":"https:\/\/www.interaccionnoticias.com.mx\/?p=61352","title":{"rendered":"Diputados de MORENA respaldan a la gobernadora y la fiscal de Guerrero, \u201cen su actuaci\u00f3n frente a los grupos delictivos de Tierra Caliente\u201d"},"content":{"rendered":"\n<p><strong><em>&#8212; Piden a los alcaldes que encabezan los bloqueos, apegarse a las v\u00edas institucionales para manifestarse<br>&#8212; En el pasado se aliaron con quien no deb\u00edan, acusan los y las legisladoras morenistas<\/em><\/strong><\/p>\n\n\n\n<p><strong>Rogelio Agust\u00edn<\/strong><\/p>\n\n\n\n<p>Las y los 23 diputados de MORENA-Guerrero respaldaron a la gobernadora Evelyn Salgado Pineda y la titular de la Fiscal\u00eda General del Estado (FGE), Sandra Luz Valdovinos Salmer\u00f3n, en lo que calificaron como \u201cuna decidida actuaci\u00f3n contra los grupos delictivos de la Tierra Caliente\u201d.<\/p>\n\n\n\n<p>Las y los representantes populares, manifestaron tambi\u00e9n al bloqueo carretero que durante tres d\u00edas ha paralizado las actividades productivas en dicha entidad.<\/p>\n\n\n\n<p>En un comunicado que se coloc\u00f3 en la plataforma digital del Congreso del Estado, se hace referencia a \u201clas y los diputados que integran la fracci\u00f3n parlamentaria de MORENA\u201d, cuando en la Ley Org\u00e1nica ya no aparece la figura de fracci\u00f3n, si no de grupos parlamentarios.<\/p>\n\n\n\n<p>El documento adolece de firmas, sin embargo, los reporteros de la fuente lo dieron por v\u00e1lido, por estar colocado en la p\u00e1gina oficial del Congreso.<\/p>\n\n\n\n<p>Las y los diputados de MORENA reconocen el trabajo que realizan las instituciones encargadas de garantizar la seguridad de la poblaci\u00f3n, como la Polic\u00eda del Estado, las fuerzas armadas, Guardia Nacional y la Fiscal\u00eda General del Estado (FGE).<\/p>\n\n\n\n<p>Y plantean: \u201cSe\u00f1alamos que las reacciones que se manifiestan en estos momentos en la Tierra Caliente, son resultados del poco compromiso y la falta de atenci\u00f3n que existi\u00f3 por parte de quienes en su momento fueron responsables de la gobernabilidad en nuestro estado, y de aquellas autoridades que a\u00f1os atr\u00e1s abrieron paso y se aliaron con quienes no deb\u00edan, por lo que consideramos positivo que hoy haya una agenda institucional por parte del estado y as fuerzas de seguridad que integran la Mesa de Coordinaci\u00f3n para la Construcci\u00f3n de la Paz, para trabajar por la paz, combatiendo la impunidad , la corrupci\u00f3n y haciendo prevalecer el Estado de Derecho\u201d.<\/p>\n\n\n\n<p>Para los diputados de MORENA, es natural que ante el trabajo que se realiza desde el Gobierno de Guerrero se generen resistencias, mismas que anota, pueden llegar a ser violentas, por lo que se dirigen a las autoridades que toman parte de los bloqueos: \u201cLlamamos a los presidentes municipales a utilizar las v\u00edas institucionales para hacer valer sus quejas y no incurrir en ning\u00fan tipo de acci\u00f3n fuera de la ley, al afectar las v\u00edas de comunicaci\u00f3n en sus municipios, ponderando intereses ajenos al bienestar de la poblaci\u00f3n en general\u201d.<\/p>\n\n\n\n<p>El texto cierra con la ratificaci\u00f3n del respaldo a la gobernadora Salgado Pineda y la titular de la FGE, Sandra Luz Valdovinos Salmer\u00f3n, al tiempo en que rechazan los bloqueos carreteros que este lunes cumplieron tres d\u00edas en la Tierra Caliente de Guerrero, afectando todas las actividades productivas de la regi\u00f3n.<\/p>\n\n\n\n<figure class=\"wp-block-gallery columns-1 is-cropped wp-block-gallery-1 is-layout-flex wp-block-gallery-is-layout-flex\"><ul class=\"blocks-gallery-grid\"><li class=\"blocks-gallery-item\"><figure><img decoding=\"async\" src=\"data:image\/gif;base64,R0lGODlhAQABAIAAAAAAAP\/\/\/ywAAAAAAQABAAACAUwAOw==\" fifu-lazy=\"1\" fifu-data-sizes=\"auto\" fifu-data-srcset=\"https:\/\/i0.wp.com\/interaccionnoticias.com.mx\/wp-content\/uploads\/2023\/05\/230501-MORENA-1.jpg?ssl=1&w=75&resize=75&ssl=1 75w, https:\/\/i0.wp.com\/interaccionnoticias.com.mx\/wp-content\/uploads\/2023\/05\/230501-MORENA-1.jpg?ssl=1&w=100&resize=100&ssl=1 100w, https:\/\/i0.wp.com\/interaccionnoticias.com.mx\/wp-content\/uploads\/2023\/05\/230501-MORENA-1.jpg?ssl=1&w=150&resize=150&ssl=1 150w, https:\/\/i0.wp.com\/interaccionnoticias.com.mx\/wp-content\/uploads\/2023\/05\/230501-MORENA-1.jpg?ssl=1&w=240&resize=240&ssl=1 240w, https:\/\/i0.wp.com\/interaccionnoticias.com.mx\/wp-content\/uploads\/2023\/05\/230501-MORENA-1.jpg?ssl=1&w=320&resize=320&ssl=1 320w, https:\/\/i0.wp.com\/interaccionnoticias.com.mx\/wp-content\/uploads\/2023\/05\/230501-MORENA-1.jpg?ssl=1&w=500&resize=500&ssl=1 500w, https:\/\/i0.wp.com\/interaccionnoticias.com.mx\/wp-content\/uploads\/2023\/05\/230501-MORENA-1.jpg?ssl=1&w=640&resize=640&ssl=1 640w, https:\/\/i0.wp.com\/interaccionnoticias.com.mx\/wp-content\/uploads\/2023\/05\/230501-MORENA-1.jpg?ssl=1&w=800&resize=800&ssl=1 800w, https:\/\/i0.wp.com\/interaccionnoticias.com.mx\/wp-content\/uploads\/2023\/05\/230501-MORENA-1.jpg?ssl=1&w=1024&resize=1024&ssl=1 1024w, https:\/\/i0.wp.com\/interaccionnoticias.com.mx\/wp-content\/uploads\/2023\/05\/230501-MORENA-1.jpg?ssl=1&w=1280&resize=1280&ssl=1 1280w, https:\/\/i0.wp.com\/interaccionnoticias.com.mx\/wp-content\/uploads\/2023\/05\/230501-MORENA-1.jpg?ssl=1&w=1600&resize=1600&ssl=1 1600w\" fifu-data-src=\"https:\/\/i0.wp.com\/interaccionnoticias.com.mx\/wp-content\/uploads\/2023\/05\/230501-MORENA-1.jpg?ssl=1\" alt=\"\" data-id=\"61354\" data-full-url=\"https:\/\/i0.wp.com\/interaccionnoticias.com.mx\/wp-content\/uploads\/2023\/05\/230501-MORENA-1.jpg?ssl=1\" data-link=\"https:\/\/interaccionnoticias.com.mx\/?attachment_id=61354\" class=\"wp-image-61354\"\/><\/figure><\/li><\/ul><\/figure>\n","protected":false},"excerpt":{"rendered":"<p>&#8212; Piden a los alcaldes que encabezan los bloqueos, apegarse a las v\u00edas institucionales para manifestarse&#8212; En el pasado se aliaron con quien no deb\u00edan, acusan los y las legisladoras&hellip; <\/p>\n","protected":false},"author":21,"featured_media":61353,"comment_status":"open","ping_status":"open","sticky":false,"template":"","format":"standard","meta":{"fifu_image_url":"","fifu_image_alt":"","footnotes":""},"categories":[21],"tags":[],"class_list":["post-61352","post","type-post","status-publish","format-standard","has-post-thumbnail","hentry","category-politica"],"_links":{"self":[{"href":"https:\/\/www.interaccionnoticias.com.mx\/index.php?rest_route=\/wp\/v2\/posts\/61352","targetHints":{"allow":["GET"]}}],"collection":[{"href":"https:\/\/www.interaccionnoticias.com.mx\/index.php?rest_route=\/wp\/v2\/posts"}],"about":[{"href":"https:\/\/www.interaccionnoticias.com.mx\/index.php?rest_route=\/wp\/v2\/types\/post"}],"author":[{"embeddable":true,"href":"https:\/\/www.interaccionnoticias.com.mx\/index.php?rest_route=\/wp\/v2\/users\/21"}],"replies":[{"embeddable":true,"href":"https:\/\/www.interaccionnoticias.com.mx\/index.php?rest_route=%2Fwp%2Fv2%2Fcomments&post=61352"}],"version-history":[{"count":1,"href":"https:\/\/www.interaccionnoticias.com.mx\/index.php?rest_route=\/wp\/v2\/posts\/61352\/revisions"}],"predecessor-version":[{"id":61355,"href":"https:\/\/www.interaccionnoticias.com.mx\/index.php?rest_route=\/wp\/v2\/posts\/61352\/revisions\/61355"}],"wp:featuredmedia":[{"embeddable":true,"href":"https:\/\/www.interaccionnoticias.com.mx\/index.php?rest_route=\/wp\/v2\/media\/61353"}],"wp:attachment":[{"href":"https:\/\/www.interaccionnoticias.com.mx\/index.php?rest_route=%2Fwp%2Fv2%2Fmedia&parent=61352"}],"wp:term":[{"taxonomy":"category","embeddable":true,"href":"https:\/\/www.interaccionnoticias.com.mx\/index.php?rest_route=%2Fwp%2Fv2%2Fcategories&post=61352"},{"taxonomy":"post_tag","embeddable":true,"href":"https:\/\/www.interaccionnoticias.com.mx\/index.php?rest_route=%2Fwp%2Fv2%2Ftags&post=61352"}],"curies":[{"name":"wp","href":"https:\/\/api.w.org\/{rel}","templated":true}]}}