{"id":61318,"date":"2023-05-01T14:02:32","date_gmt":"2023-05-01T19:02:32","guid":{"rendered":"https:\/\/interaccionnoticias.com.mx\/?p=61318"},"modified":"2023-05-01T14:02:37","modified_gmt":"2023-05-01T19:02:37","slug":"jornada-de-violencia-deja-7-muertos-en-acapulco","status":"publish","type":"post","link":"https:\/\/www.interaccionnoticias.com.mx\/?p=61318","title":{"rendered":"Jornada de violencia deja 7 muertos en Acapulco"},"content":{"rendered":"\n<p><strong><em>&#8212; Adem\u00e1s hubo cuatro heridos por arma de fuego<\/em><\/strong><\/p>\n\n\n\n<p><strong>Javier Trujillo<\/strong><\/p>\n\n\n\n<p><strong>Acapulco, Gro. &#8211;<\/strong> En una nueva jornada de violencia, dej\u00f3 un saldo de siete muertos y cuatro personas lesionadas en diferentes hechos de violencia, est\u00e1 madrugada en el puerto de Acapulco.<\/p>\n\n\n\n<p>De acuerdo con autoridades de seguridad p\u00fablica, ministeriales y federales los hechos se registraron entre las 12:10 y las 03:05 horas en la zona urbana y suburbana de las colonias Las Cruces, Cuauht\u00e9moc, y Ciudad Renacimiento.<\/p>\n\n\n\n<p>Con relaci\u00f3n a los homicidios dolosos ocurridos durante la madrugada de este primero de mayo, la fiscal\u00eda general del Estado (FGE), confirm\u00f3 los hechos, aunque solo se tiene informes de seis personas que asesinaron.<\/p>\n\n\n\n<p>Adem\u00e1s, se confirma que a las 01:10 horas, dos personas con lesiones producidas por arma de fuego en el Bar Chidas los trasladaron hasta el hospital de El Quemado.<\/p>\n\n\n\n<p>Al mismo tiempo, en el interior del Bar Chidas, en la colonia Las Cruces, quedaron los cuerpos de tres hombres con lesiones de arma de grueso calibre en cabeza, t\u00f3rax, brazos y piernas.<\/p>\n\n\n\n<p>M\u00e1s tarde, alrededor de las 02:10 horas, entre las colonias Bellavista y Cuauht\u00e9moc, un comando dispar\u00f3 contra un grupo de personas, privando de la vida a dos hombres que estaban en el lugar.<\/p>\n\n\n\n<p>Posteriormente, casi a las tres de la madrugada dos personas fueron privadas de la vida por disparos de arma de fuego, el primero qued\u00f3 en la v\u00eda p\u00fablica frente a una miscel\u00e1nea, el otro cuerpo fue arrojado desde un puente vehicular.<\/p>\n\n\n\n<p>El doble homicidio ocurri\u00f3 en la calle Circuito Interior a la altura del Minisuper con raz\u00f3n social \u00abEstrella\u00bb, ubicada en Ciudad Renacimiento, zona suburbana del puerto.<\/p>\n\n\n\n<p>En el lugar de los hechos, encontraron dos hombres privados de la vida, a los que se les aprecian heridas producidas por arma de fuego en la extremidad cef\u00e1lica y otro de los cuerpos se le observan las manos atadas.<\/p>\n\n\n\n<p>Cabe mencionar que otro cuerpo se observa alrededor del cuello una franela y tambi\u00e9n atado a la altura de las mu\u00f1ecas con una cuerda.<\/p>\n\n\n\n<p>De los hechos la FGE confirm\u00f3 los hechos de violencia hasta donde llegaron agentes de la Polic\u00eda de Investigaci\u00f3n Ministerial, al bulevar L\u00e1zaro C\u00e1rdenas de la colonia Las Cruces.<\/p>\n\n\n\n<p>De los siete hombre asesinados, seis no han sido identificados, y una de las v\u00edctimas se lo llev\u00f3 la familia a su domicilio.<\/p>\n\n\n\n<div class=\"wp-block-jetpack-slideshow aligncenter\" data-effect=\"slide\"><div class=\"wp-block-jetpack-slideshow_container swiper-container\"><ul class=\"wp-block-jetpack-slideshow_swiper-wrapper swiper-wrapper\"><li class=\"wp-block-jetpack-slideshow_slide swiper-slide\"><figure><img decoding=\"async\" src=\"data:image\/gif;base64,R0lGODlhAQABAIAAAAAAAP\/\/\/ywAAAAAAQABAAACAUwAOw==\" fifu-lazy=\"1\" fifu-data-sizes=\"auto\" fifu-data-srcset=\"https:\/\/i0.wp.com\/interaccionnoticias.com.mx\/wp-content\/uploads\/2023\/05\/230501-Jornada-violencia-Acapulco-1-1024x683.jpg?ssl=1&w=75&resize=75&ssl=1 75w, https:\/\/i0.wp.com\/interaccionnoticias.com.mx\/wp-content\/uploads\/2023\/05\/230501-Jornada-violencia-Acapulco-1-1024x683.jpg?ssl=1&w=100&resize=100&ssl=1 100w, https:\/\/i0.wp.com\/interaccionnoticias.com.mx\/wp-content\/uploads\/2023\/05\/230501-Jornada-violencia-Acapulco-1-1024x683.jpg?ssl=1&w=150&resize=150&ssl=1 150w, https:\/\/i0.wp.com\/interaccionnoticias.com.mx\/wp-content\/uploads\/2023\/05\/230501-Jornada-violencia-Acapulco-1-1024x683.jpg?ssl=1&w=240&resize=240&ssl=1 240w, https:\/\/i0.wp.com\/interaccionnoticias.com.mx\/wp-content\/uploads\/2023\/05\/230501-Jornada-violencia-Acapulco-1-1024x683.jpg?ssl=1&w=320&resize=320&ssl=1 320w, https:\/\/i0.wp.com\/interaccionnoticias.com.mx\/wp-content\/uploads\/2023\/05\/230501-Jornada-violencia-Acapulco-1-1024x683.jpg?ssl=1&w=500&resize=500&ssl=1 500w, https:\/\/i0.wp.com\/interaccionnoticias.com.mx\/wp-content\/uploads\/2023\/05\/230501-Jornada-violencia-Acapulco-1-1024x683.jpg?ssl=1&w=640&resize=640&ssl=1 640w, https:\/\/i0.wp.com\/interaccionnoticias.com.mx\/wp-content\/uploads\/2023\/05\/230501-Jornada-violencia-Acapulco-1-1024x683.jpg?ssl=1&w=800&resize=800&ssl=1 800w, https:\/\/i0.wp.com\/interaccionnoticias.com.mx\/wp-content\/uploads\/2023\/05\/230501-Jornada-violencia-Acapulco-1-1024x683.jpg?ssl=1&w=1024&resize=1024&ssl=1 1024w, https:\/\/i0.wp.com\/interaccionnoticias.com.mx\/wp-content\/uploads\/2023\/05\/230501-Jornada-violencia-Acapulco-1-1024x683.jpg?ssl=1&w=1280&resize=1280&ssl=1 1280w, https:\/\/i0.wp.com\/interaccionnoticias.com.mx\/wp-content\/uploads\/2023\/05\/230501-Jornada-violencia-Acapulco-1-1024x683.jpg?ssl=1&w=1600&resize=1600&ssl=1 1600w\" alt=\"\" class=\"wp-block-jetpack-slideshow_image wp-image-61319\" data-id=\"61319\" fifu-data-src=\"https:\/\/i0.wp.com\/interaccionnoticias.com.mx\/wp-content\/uploads\/2023\/05\/230501-Jornada-violencia-Acapulco-1-1024x683.jpg?ssl=1\"\/><\/figure><\/li><li class=\"wp-block-jetpack-slideshow_slide swiper-slide\"><figure><img decoding=\"async\" src=\"data:image\/gif;base64,R0lGODlhAQABAIAAAAAAAP\/\/\/ywAAAAAAQABAAACAUwAOw==\" fifu-lazy=\"1\" fifu-data-sizes=\"auto\" fifu-data-srcset=\"https:\/\/i3.wp.com\/interaccionnoticias.com.mx\/wp-content\/uploads\/2023\/05\/230501-Jornada-violencia-Acapulco-2-1024x683.jpg?ssl=1&w=75&resize=75&ssl=1 75w, https:\/\/i3.wp.com\/interaccionnoticias.com.mx\/wp-content\/uploads\/2023\/05\/230501-Jornada-violencia-Acapulco-2-1024x683.jpg?ssl=1&w=100&resize=100&ssl=1 100w, https:\/\/i3.wp.com\/interaccionnoticias.com.mx\/wp-content\/uploads\/2023\/05\/230501-Jornada-violencia-Acapulco-2-1024x683.jpg?ssl=1&w=150&resize=150&ssl=1 150w, https:\/\/i3.wp.com\/interaccionnoticias.com.mx\/wp-content\/uploads\/2023\/05\/230501-Jornada-violencia-Acapulco-2-1024x683.jpg?ssl=1&w=240&resize=240&ssl=1 240w, https:\/\/i3.wp.com\/interaccionnoticias.com.mx\/wp-content\/uploads\/2023\/05\/230501-Jornada-violencia-Acapulco-2-1024x683.jpg?ssl=1&w=320&resize=320&ssl=1 320w, https:\/\/i3.wp.com\/interaccionnoticias.com.mx\/wp-content\/uploads\/2023\/05\/230501-Jornada-violencia-Acapulco-2-1024x683.jpg?ssl=1&w=500&resize=500&ssl=1 500w, https:\/\/i3.wp.com\/interaccionnoticias.com.mx\/wp-content\/uploads\/2023\/05\/230501-Jornada-violencia-Acapulco-2-1024x683.jpg?ssl=1&w=640&resize=640&ssl=1 640w, https:\/\/i3.wp.com\/interaccionnoticias.com.mx\/wp-content\/uploads\/2023\/05\/230501-Jornada-violencia-Acapulco-2-1024x683.jpg?ssl=1&w=800&resize=800&ssl=1 800w, https:\/\/i3.wp.com\/interaccionnoticias.com.mx\/wp-content\/uploads\/2023\/05\/230501-Jornada-violencia-Acapulco-2-1024x683.jpg?ssl=1&w=1024&resize=1024&ssl=1 1024w, https:\/\/i3.wp.com\/interaccionnoticias.com.mx\/wp-content\/uploads\/2023\/05\/230501-Jornada-violencia-Acapulco-2-1024x683.jpg?ssl=1&w=1280&resize=1280&ssl=1 1280w, https:\/\/i3.wp.com\/interaccionnoticias.com.mx\/wp-content\/uploads\/2023\/05\/230501-Jornada-violencia-Acapulco-2-1024x683.jpg?ssl=1&w=1600&resize=1600&ssl=1 1600w\" alt=\"\" class=\"wp-block-jetpack-slideshow_image wp-image-61320\" data-id=\"61320\" fifu-data-src=\"https:\/\/i3.wp.com\/interaccionnoticias.com.mx\/wp-content\/uploads\/2023\/05\/230501-Jornada-violencia-Acapulco-2-1024x683.jpg?ssl=1\"\/><\/figure><\/li><li class=\"wp-block-jetpack-slideshow_slide swiper-slide\"><figure><img decoding=\"async\" src=\"data:image\/gif;base64,R0lGODlhAQABAIAAAAAAAP\/\/\/ywAAAAAAQABAAACAUwAOw==\" fifu-lazy=\"1\" fifu-data-sizes=\"auto\" fifu-data-srcset=\"https:\/\/i1.wp.com\/interaccionnoticias.com.mx\/wp-content\/uploads\/2023\/05\/230501-Jornada-violencia-Acapulco-3-1024x683.jpg?ssl=1&w=75&resize=75&ssl=1 75w, https:\/\/i1.wp.com\/interaccionnoticias.com.mx\/wp-content\/uploads\/2023\/05\/230501-Jornada-violencia-Acapulco-3-1024x683.jpg?ssl=1&w=100&resize=100&ssl=1 100w, https:\/\/i1.wp.com\/interaccionnoticias.com.mx\/wp-content\/uploads\/2023\/05\/230501-Jornada-violencia-Acapulco-3-1024x683.jpg?ssl=1&w=150&resize=150&ssl=1 150w, https:\/\/i1.wp.com\/interaccionnoticias.com.mx\/wp-content\/uploads\/2023\/05\/230501-Jornada-violencia-Acapulco-3-1024x683.jpg?ssl=1&w=240&resize=240&ssl=1 240w, https:\/\/i1.wp.com\/interaccionnoticias.com.mx\/wp-content\/uploads\/2023\/05\/230501-Jornada-violencia-Acapulco-3-1024x683.jpg?ssl=1&w=320&resize=320&ssl=1 320w, https:\/\/i1.wp.com\/interaccionnoticias.com.mx\/wp-content\/uploads\/2023\/05\/230501-Jornada-violencia-Acapulco-3-1024x683.jpg?ssl=1&w=500&resize=500&ssl=1 500w, https:\/\/i1.wp.com\/interaccionnoticias.com.mx\/wp-content\/uploads\/2023\/05\/230501-Jornada-violencia-Acapulco-3-1024x683.jpg?ssl=1&w=640&resize=640&ssl=1 640w, https:\/\/i1.wp.com\/interaccionnoticias.com.mx\/wp-content\/uploads\/2023\/05\/230501-Jornada-violencia-Acapulco-3-1024x683.jpg?ssl=1&w=800&resize=800&ssl=1 800w, https:\/\/i1.wp.com\/interaccionnoticias.com.mx\/wp-content\/uploads\/2023\/05\/230501-Jornada-violencia-Acapulco-3-1024x683.jpg?ssl=1&w=1024&resize=1024&ssl=1 1024w, https:\/\/i1.wp.com\/interaccionnoticias.com.mx\/wp-content\/uploads\/2023\/05\/230501-Jornada-violencia-Acapulco-3-1024x683.jpg?ssl=1&w=1280&resize=1280&ssl=1 1280w, https:\/\/i1.wp.com\/interaccionnoticias.com.mx\/wp-content\/uploads\/2023\/05\/230501-Jornada-violencia-Acapulco-3-1024x683.jpg?ssl=1&w=1600&resize=1600&ssl=1 1600w\" alt=\"\" class=\"wp-block-jetpack-slideshow_image wp-image-61321\" data-id=\"61321\" fifu-data-src=\"https:\/\/i1.wp.com\/interaccionnoticias.com.mx\/wp-content\/uploads\/2023\/05\/230501-Jornada-violencia-Acapulco-3-1024x683.jpg?ssl=1\"\/><\/figure><\/li><li class=\"wp-block-jetpack-slideshow_slide swiper-slide\"><figure><img decoding=\"async\" src=\"data:image\/gif;base64,R0lGODlhAQABAIAAAAAAAP\/\/\/ywAAAAAAQABAAACAUwAOw==\" fifu-lazy=\"1\" fifu-data-sizes=\"auto\" fifu-data-srcset=\"https:\/\/i1.wp.com\/interaccionnoticias.com.mx\/wp-content\/uploads\/2023\/05\/230501-Jornada-violencia-Acapulco-4-1024x683.jpg?ssl=1&w=75&resize=75&ssl=1 75w, https:\/\/i1.wp.com\/interaccionnoticias.com.mx\/wp-content\/uploads\/2023\/05\/230501-Jornada-violencia-Acapulco-4-1024x683.jpg?ssl=1&w=100&resize=100&ssl=1 100w, https:\/\/i1.wp.com\/interaccionnoticias.com.mx\/wp-content\/uploads\/2023\/05\/230501-Jornada-violencia-Acapulco-4-1024x683.jpg?ssl=1&w=150&resize=150&ssl=1 150w, https:\/\/i1.wp.com\/interaccionnoticias.com.mx\/wp-content\/uploads\/2023\/05\/230501-Jornada-violencia-Acapulco-4-1024x683.jpg?ssl=1&w=240&resize=240&ssl=1 240w, https:\/\/i1.wp.com\/interaccionnoticias.com.mx\/wp-content\/uploads\/2023\/05\/230501-Jornada-violencia-Acapulco-4-1024x683.jpg?ssl=1&w=320&resize=320&ssl=1 320w, https:\/\/i1.wp.com\/interaccionnoticias.com.mx\/wp-content\/uploads\/2023\/05\/230501-Jornada-violencia-Acapulco-4-1024x683.jpg?ssl=1&w=500&resize=500&ssl=1 500w, https:\/\/i1.wp.com\/interaccionnoticias.com.mx\/wp-content\/uploads\/2023\/05\/230501-Jornada-violencia-Acapulco-4-1024x683.jpg?ssl=1&w=640&resize=640&ssl=1 640w, https:\/\/i1.wp.com\/interaccionnoticias.com.mx\/wp-content\/uploads\/2023\/05\/230501-Jornada-violencia-Acapulco-4-1024x683.jpg?ssl=1&w=800&resize=800&ssl=1 800w, https:\/\/i1.wp.com\/interaccionnoticias.com.mx\/wp-content\/uploads\/2023\/05\/230501-Jornada-violencia-Acapulco-4-1024x683.jpg?ssl=1&w=1024&resize=1024&ssl=1 1024w, https:\/\/i1.wp.com\/interaccionnoticias.com.mx\/wp-content\/uploads\/2023\/05\/230501-Jornada-violencia-Acapulco-4-1024x683.jpg?ssl=1&w=1280&resize=1280&ssl=1 1280w, https:\/\/i1.wp.com\/interaccionnoticias.com.mx\/wp-content\/uploads\/2023\/05\/230501-Jornada-violencia-Acapulco-4-1024x683.jpg?ssl=1&w=1600&resize=1600&ssl=1 1600w\" alt=\"\" class=\"wp-block-jetpack-slideshow_image wp-image-61322\" data-id=\"61322\" fifu-data-src=\"https:\/\/i1.wp.com\/interaccionnoticias.com.mx\/wp-content\/uploads\/2023\/05\/230501-Jornada-violencia-Acapulco-4-1024x683.jpg?ssl=1\"\/><\/figure><\/li><li class=\"wp-block-jetpack-slideshow_slide swiper-slide\"><figure><img decoding=\"async\" src=\"data:image\/gif;base64,R0lGODlhAQABAIAAAAAAAP\/\/\/ywAAAAAAQABAAACAUwAOw==\" fifu-lazy=\"1\" fifu-data-sizes=\"auto\" fifu-data-srcset=\"https:\/\/i3.wp.com\/interaccionnoticias.com.mx\/wp-content\/uploads\/2023\/05\/230501-Jornada-violencia-Acapulco-5-1024x683.jpg?ssl=1&w=75&resize=75&ssl=1 75w, https:\/\/i3.wp.com\/interaccionnoticias.com.mx\/wp-content\/uploads\/2023\/05\/230501-Jornada-violencia-Acapulco-5-1024x683.jpg?ssl=1&w=100&resize=100&ssl=1 100w, https:\/\/i3.wp.com\/interaccionnoticias.com.mx\/wp-content\/uploads\/2023\/05\/230501-Jornada-violencia-Acapulco-5-1024x683.jpg?ssl=1&w=150&resize=150&ssl=1 150w, https:\/\/i3.wp.com\/interaccionnoticias.com.mx\/wp-content\/uploads\/2023\/05\/230501-Jornada-violencia-Acapulco-5-1024x683.jpg?ssl=1&w=240&resize=240&ssl=1 240w, https:\/\/i3.wp.com\/interaccionnoticias.com.mx\/wp-content\/uploads\/2023\/05\/230501-Jornada-violencia-Acapulco-5-1024x683.jpg?ssl=1&w=320&resize=320&ssl=1 320w, https:\/\/i3.wp.com\/interaccionnoticias.com.mx\/wp-content\/uploads\/2023\/05\/230501-Jornada-violencia-Acapulco-5-1024x683.jpg?ssl=1&w=500&resize=500&ssl=1 500w, https:\/\/i3.wp.com\/interaccionnoticias.com.mx\/wp-content\/uploads\/2023\/05\/230501-Jornada-violencia-Acapulco-5-1024x683.jpg?ssl=1&w=640&resize=640&ssl=1 640w, https:\/\/i3.wp.com\/interaccionnoticias.com.mx\/wp-content\/uploads\/2023\/05\/230501-Jornada-violencia-Acapulco-5-1024x683.jpg?ssl=1&w=800&resize=800&ssl=1 800w, https:\/\/i3.wp.com\/interaccionnoticias.com.mx\/wp-content\/uploads\/2023\/05\/230501-Jornada-violencia-Acapulco-5-1024x683.jpg?ssl=1&w=1024&resize=1024&ssl=1 1024w, https:\/\/i3.wp.com\/interaccionnoticias.com.mx\/wp-content\/uploads\/2023\/05\/230501-Jornada-violencia-Acapulco-5-1024x683.jpg?ssl=1&w=1280&resize=1280&ssl=1 1280w, https:\/\/i3.wp.com\/interaccionnoticias.com.mx\/wp-content\/uploads\/2023\/05\/230501-Jornada-violencia-Acapulco-5-1024x683.jpg?ssl=1&w=1600&resize=1600&ssl=1 1600w\" alt=\"\" class=\"wp-block-jetpack-slideshow_image wp-image-61323\" data-id=\"61323\" fifu-data-src=\"https:\/\/i3.wp.com\/interaccionnoticias.com.mx\/wp-content\/uploads\/2023\/05\/230501-Jornada-violencia-Acapulco-5-1024x683.jpg?ssl=1\"\/><\/figure><\/li><li class=\"wp-block-jetpack-slideshow_slide swiper-slide\"><figure><img decoding=\"async\" src=\"data:image\/gif;base64,R0lGODlhAQABAIAAAAAAAP\/\/\/ywAAAAAAQABAAACAUwAOw==\" fifu-lazy=\"1\" fifu-data-sizes=\"auto\" fifu-data-srcset=\"https:\/\/i0.wp.com\/interaccionnoticias.com.mx\/wp-content\/uploads\/2023\/05\/230501-Jornada-violencia-Acapulco-6-1024x683.jpg?ssl=1&w=75&resize=75&ssl=1 75w, https:\/\/i0.wp.com\/interaccionnoticias.com.mx\/wp-content\/uploads\/2023\/05\/230501-Jornada-violencia-Acapulco-6-1024x683.jpg?ssl=1&w=100&resize=100&ssl=1 100w, https:\/\/i0.wp.com\/interaccionnoticias.com.mx\/wp-content\/uploads\/2023\/05\/230501-Jornada-violencia-Acapulco-6-1024x683.jpg?ssl=1&w=150&resize=150&ssl=1 150w, https:\/\/i0.wp.com\/interaccionnoticias.com.mx\/wp-content\/uploads\/2023\/05\/230501-Jornada-violencia-Acapulco-6-1024x683.jpg?ssl=1&w=240&resize=240&ssl=1 240w, https:\/\/i0.wp.com\/interaccionnoticias.com.mx\/wp-content\/uploads\/2023\/05\/230501-Jornada-violencia-Acapulco-6-1024x683.jpg?ssl=1&w=320&resize=320&ssl=1 320w, https:\/\/i0.wp.com\/interaccionnoticias.com.mx\/wp-content\/uploads\/2023\/05\/230501-Jornada-violencia-Acapulco-6-1024x683.jpg?ssl=1&w=500&resize=500&ssl=1 500w, https:\/\/i0.wp.com\/interaccionnoticias.com.mx\/wp-content\/uploads\/2023\/05\/230501-Jornada-violencia-Acapulco-6-1024x683.jpg?ssl=1&w=640&resize=640&ssl=1 640w, https:\/\/i0.wp.com\/interaccionnoticias.com.mx\/wp-content\/uploads\/2023\/05\/230501-Jornada-violencia-Acapulco-6-1024x683.jpg?ssl=1&w=800&resize=800&ssl=1 800w, https:\/\/i0.wp.com\/interaccionnoticias.com.mx\/wp-content\/uploads\/2023\/05\/230501-Jornada-violencia-Acapulco-6-1024x683.jpg?ssl=1&w=1024&resize=1024&ssl=1 1024w, https:\/\/i0.wp.com\/interaccionnoticias.com.mx\/wp-content\/uploads\/2023\/05\/230501-Jornada-violencia-Acapulco-6-1024x683.jpg?ssl=1&w=1280&resize=1280&ssl=1 1280w, https:\/\/i0.wp.com\/interaccionnoticias.com.mx\/wp-content\/uploads\/2023\/05\/230501-Jornada-violencia-Acapulco-6-1024x683.jpg?ssl=1&w=1600&resize=1600&ssl=1 1600w\" alt=\"\" class=\"wp-block-jetpack-slideshow_image wp-image-61324\" data-id=\"61324\" fifu-data-src=\"https:\/\/i0.wp.com\/interaccionnoticias.com.mx\/wp-content\/uploads\/2023\/05\/230501-Jornada-violencia-Acapulco-6-1024x683.jpg?ssl=1\"\/><\/figure><\/li><li class=\"wp-block-jetpack-slideshow_slide swiper-slide\"><figure><img decoding=\"async\" src=\"data:image\/gif;base64,R0lGODlhAQABAIAAAAAAAP\/\/\/ywAAAAAAQABAAACAUwAOw==\" fifu-lazy=\"1\" fifu-data-sizes=\"auto\" fifu-data-srcset=\"https:\/\/i2.wp.com\/interaccionnoticias.com.mx\/wp-content\/uploads\/2023\/05\/230501-Jornada-violencia-Acapulco-7-1024x683.jpg?ssl=1&w=75&resize=75&ssl=1 75w, https:\/\/i2.wp.com\/interaccionnoticias.com.mx\/wp-content\/uploads\/2023\/05\/230501-Jornada-violencia-Acapulco-7-1024x683.jpg?ssl=1&w=100&resize=100&ssl=1 100w, https:\/\/i2.wp.com\/interaccionnoticias.com.mx\/wp-content\/uploads\/2023\/05\/230501-Jornada-violencia-Acapulco-7-1024x683.jpg?ssl=1&w=150&resize=150&ssl=1 150w, https:\/\/i2.wp.com\/interaccionnoticias.com.mx\/wp-content\/uploads\/2023\/05\/230501-Jornada-violencia-Acapulco-7-1024x683.jpg?ssl=1&w=240&resize=240&ssl=1 240w, https:\/\/i2.wp.com\/interaccionnoticias.com.mx\/wp-content\/uploads\/2023\/05\/230501-Jornada-violencia-Acapulco-7-1024x683.jpg?ssl=1&w=320&resize=320&ssl=1 320w, https:\/\/i2.wp.com\/interaccionnoticias.com.mx\/wp-content\/uploads\/2023\/05\/230501-Jornada-violencia-Acapulco-7-1024x683.jpg?ssl=1&w=500&resize=500&ssl=1 500w, https:\/\/i2.wp.com\/interaccionnoticias.com.mx\/wp-content\/uploads\/2023\/05\/230501-Jornada-violencia-Acapulco-7-1024x683.jpg?ssl=1&w=640&resize=640&ssl=1 640w, https:\/\/i2.wp.com\/interaccionnoticias.com.mx\/wp-content\/uploads\/2023\/05\/230501-Jornada-violencia-Acapulco-7-1024x683.jpg?ssl=1&w=800&resize=800&ssl=1 800w, https:\/\/i2.wp.com\/interaccionnoticias.com.mx\/wp-content\/uploads\/2023\/05\/230501-Jornada-violencia-Acapulco-7-1024x683.jpg?ssl=1&w=1024&resize=1024&ssl=1 1024w, https:\/\/i2.wp.com\/interaccionnoticias.com.mx\/wp-content\/uploads\/2023\/05\/230501-Jornada-violencia-Acapulco-7-1024x683.jpg?ssl=1&w=1280&resize=1280&ssl=1 1280w, https:\/\/i2.wp.com\/interaccionnoticias.com.mx\/wp-content\/uploads\/2023\/05\/230501-Jornada-violencia-Acapulco-7-1024x683.jpg?ssl=1&w=1600&resize=1600&ssl=1 1600w\" alt=\"\" class=\"wp-block-jetpack-slideshow_image wp-image-61325\" data-id=\"61325\" fifu-data-src=\"https:\/\/i2.wp.com\/interaccionnoticias.com.mx\/wp-content\/uploads\/2023\/05\/230501-Jornada-violencia-Acapulco-7-1024x683.jpg?ssl=1\"\/><\/figure><\/li><\/ul><a class=\"wp-block-jetpack-slideshow_button-prev swiper-button-prev swiper-button-white\" role=\"button\"><\/a><a class=\"wp-block-jetpack-slideshow_button-next swiper-button-next swiper-button-white\" role=\"button\"><\/a><a aria-label=\"Pause Slideshow\" class=\"wp-block-jetpack-slideshow_button-pause\" role=\"button\"><\/a><div class=\"wp-block-jetpack-slideshow_pagination swiper-pagination swiper-pagination-white\"><\/div><\/div><\/div>\n","protected":false},"excerpt":{"rendered":"<p>&#8212; Adem\u00e1s hubo cuatro heridos por arma de fuego Javier Trujillo Acapulco, Gro. &#8211; En una nueva jornada de violencia, dej\u00f3 un saldo de siete muertos y cuatro personas lesionadas&hellip; <\/p>\n","protected":false},"author":3,"featured_media":61321,"comment_status":"open","ping_status":"open","sticky":false,"template":"","format":"standard","meta":{"fifu_image_url":"","fifu_image_alt":"","footnotes":""},"categories":[242],"tags":[],"class_list":["post-61318","post","type-post","status-publish","format-standard","has-post-thumbnail","hentry","category-acapulco"],"_links":{"self":[{"href":"https:\/\/www.interaccionnoticias.com.mx\/index.php?rest_route=\/wp\/v2\/posts\/61318","targetHints":{"allow":["GET"]}}],"collection":[{"href":"https:\/\/www.interaccionnoticias.com.mx\/index.php?rest_route=\/wp\/v2\/posts"}],"about":[{"href":"https:\/\/www.interaccionnoticias.com.mx\/index.php?rest_route=\/wp\/v2\/types\/post"}],"author":[{"embeddable":true,"href":"https:\/\/www.interaccionnoticias.com.mx\/index.php?rest_route=\/wp\/v2\/users\/3"}],"replies":[{"embeddable":true,"href":"https:\/\/www.interaccionnoticias.com.mx\/index.php?rest_route=%2Fwp%2Fv2%2Fcomments&post=61318"}],"version-history":[{"count":1,"href":"https:\/\/www.interaccionnoticias.com.mx\/index.php?rest_route=\/wp\/v2\/posts\/61318\/revisions"}],"predecessor-version":[{"id":61326,"href":"https:\/\/www.interaccionnoticias.com.mx\/index.php?rest_route=\/wp\/v2\/posts\/61318\/revisions\/61326"}],"wp:featuredmedia":[{"embeddable":true,"href":"https:\/\/www.interaccionnoticias.com.mx\/index.php?rest_route=\/wp\/v2\/media\/61321"}],"wp:attachment":[{"href":"https:\/\/www.interaccionnoticias.com.mx\/index.php?rest_route=%2Fwp%2Fv2%2Fmedia&parent=61318"}],"wp:term":[{"taxonomy":"category","embeddable":true,"href":"https:\/\/www.interaccionnoticias.com.mx\/index.php?rest_route=%2Fwp%2Fv2%2Fcategories&post=61318"},{"taxonomy":"post_tag","embeddable":true,"href":"https:\/\/www.interaccionnoticias.com.mx\/index.php?rest_route=%2Fwp%2Fv2%2Ftags&post=61318"}],"curies":[{"name":"wp","href":"https:\/\/api.w.org\/{rel}","templated":true}]}}