{"id":61139,"date":"2023-04-26T21:46:39","date_gmt":"2023-04-27T02:46:39","guid":{"rendered":"https:\/\/interaccionnoticias.com.mx\/?p=61139"},"modified":"2023-04-26T21:46:43","modified_gmt":"2023-04-27T02:46:43","slug":"conmocion-por-asesinato-de-jovencita-de-16-anos-en-acapulco-y-profesora-de-kinder-en-chilpancingo","status":"publish","type":"post","link":"https:\/\/www.interaccionnoticias.com.mx\/?p=61139","title":{"rendered":"Conmoci\u00f3n por asesinato de jovencita de 16 a\u00f1os en Acapulco y profesora de kinder en Chilpancingo"},"content":{"rendered":"\n<p><strong>&#8212; En redes sociales, se plasman expresiones de solidaridad y clamor de justicia<\/strong><\/p>\n\n\n\n<p><strong>Rogelio Agust\u00edn<\/strong><\/p>\n\n\n\n<p>Los asesinatos de mujeres registrados en Acapulco Chilpancingo durante las \u00faltimas 24 horas generaron conmoci\u00f3n en las redes sociales, aunque pocos actores del \u00e1mbito pol\u00edtico reaccionaron.<\/p>\n\n\n\n<p>La tarde del martes 25 de abril, en pleno \u201cD\u00eda Naranja\u201d, alusivo a la lucha contra la violencia hacia las mujeres, se confirm\u00f3 el hallazgo del cad\u00e1ver de la menor de 16 a\u00f1os de edad, Enya Vanesa P\u00e9rez Bahena, quien hab\u00eda sido reportada como desaparecida la jornada del lunes 24.<\/p>\n\n\n\n<p>Primero se conoci\u00f3 la noticia del hallazgo, luego la ficha correspondiente a la Alerta Amber, emitida por la Fiscal\u00eda General del Estado (FGE) se volvi\u00f3 a publicar en la plataforma digital oficial con la leyenda \u201clocalizada\u201d, pero no mencionaba que sin vida, lo que gener\u00f3 reproches de los usuarios de redes sociales.<\/p>\n\n\n\n<p>M\u00e1s tarde, la FGE public\u00f3 un comunicado en el que se\u00f1alaba que ya existe la carpeta de investigaci\u00f3n correspondiente, estableciendo que se investiga bajo el protocolo de feminicidio y que se est\u00e1 a la espera del desarrollo de la necropsia correspondiente, para establecer la causa de muerte.<\/p>\n\n\n\n<p>Yolitzin Jaimes Rend\u00f3n, vocera de la colectiva \u201cLas Revueltas\u201d, public\u00f3 en la plataforma oficial de dicha organizaci\u00f3n, que indebidamente en los medios se difundi\u00f3 la versi\u00f3n de que la menor \u201cfue en contrada sin vida\u201d.<\/p>\n\n\n\n<p>\u201cElla no apareci\u00f3 sin vida nom\u00e1s porque s\u00ed, a Enya Vanesa alguien se la llev\u00f3, la intercept\u00f3 cuando se dirig\u00eda a sus clases de baile el domingo 23 de abril en la colonia Morelos, ese alguien la mantuvo cautiva para despu\u00e9s exponerla en un paraje, ya asesinada\u201d.<\/p>\n\n\n\n<p>Detalla: \u201cAs\u00ed se configura un feminicidio, el dolor de una familia que pierde una hija, una hermana, una nieta, una sobrina y el mensaje para todas las dem\u00e1s es; esto sucede, esto incrementa, esto te puede pasar, as\u00ed se configura la violencia feminicida, que tambi\u00e9n es violencia institucional por la inoperancia y omisi\u00f3n\u201d.<\/p>\n\n\n\n<p>La activista sostiene que buscar a una ni\u00f1a, adolescente o mujer, no debe reducirse a colocar su ficha de busqueda en las redes sociales de la Fiscal\u00eda, no deber\u00eda pero as\u00ed le hacen, su juego es siempre lavarse las manos y dejarlo en manos de los familiares y de la sociedad\u201d.<\/p>\n\n\n\n<p>Tambi\u00e9n hay varones que se pronunciaron en el caso de la menor estudiante de danza moderna, uno de ellos fue Asunci\u00f3n Mart\u00ednez, ex dirigente del PRD en Chilpancingo.<\/p>\n\n\n\n<p>El se\u00f1al\u00f3: \u201cVanesa ten\u00eda solo 16 a\u00f1os, hoy le arrebataron la vida. su cuerpo fue encontrado en un barranco en Acapulco. Guerrero est\u00e1 perdido en la frivolidad, la violencia y la miseria humana. Sin nuestros j\u00f3venes no hay futuro\u201d.<br>El grupo de Abogados de Chilpancingo, a trav\u00e9s de Enrique Visoso expuso: \u201cNos sumamos a la exigencia de justicia y mano dura contra los responsables\u201d.<\/p>\n\n\n\n<p><strong>Lamentan el crimen de la profesora Marlen Enriquez<\/strong><\/p>\n\n\n\n<p>La ma\u00f1ana del mi\u00e9rcoles 26, la maestra Marlene Enriquez Brito, de 27 a\u00f1os de edad fue atacada a balazos cuando llegaba a su centro de trabajo, el jard\u00edn de ni\u00f1os Gabriela Mistral, ubicado en el sector oriente de la ciudad.<\/p>\n\n\n\n<p>A la profesora Enriquez Brito la esperaba una persona, misma que se tom\u00f3 el tiempo para permitir que descendiera de su vehiculo y al tener la certeza de que se trataba de ella dispar\u00f3 en cinco ocasiones, provoc\u00e1ndole una muerte instant\u00e1nea.<\/p>\n\n\n\n<p>Marlen era una joven nativa de Chilpancingo, dedicada a sus dos peque\u00f1os que se encuentran en edad inicial, a los que este pas\u00f3 a dejar a su estancia infantil antes de dirigirse a su plantel.<\/p>\n\n\n\n<p>Estaba casada con Juan Enrique Cadena Espinosa, director administrativo del Instituto Guerrerense de Infraestructura Educativa (IGIFE) no se le conocen problemas y los mensajes de solidaridad para su familia rapidamente se notaron en las redes sociales.<\/p>\n\n\n\n<p>El sindicato de dicho instituto, de inmediato manifest\u00f3 su solidaridad con la familia de la v\u00edctima.<\/p>\n\n\n\n<p>La ex directora del Instituto Guerrerense de Atenci\u00f3n a los Adultos Mayores (IGATIPAM), Mara Vicencio Talamentes expres\u00f3: \u201cesta noticia me sacudi\u00f3 el coraz\u00f3n, medio un mareo y tuve que sentarme para digerir este hecho tan lamentable\u201d.<\/p>\n\n\n\n<p>Continu\u00f3: \u201cHoy fuiste t\u00fa la v\u00edctima de este mundo lleno de violencia y odio contra el sexo m\u00e1s noble y bueno, contra una mujer dadora de vida, hija, madre tierma, esposa amorosa, amiga, compa\u00f1era, conocida\u201d.<\/p>\n\n\n\n<p>Cierra: \u201cHoy me duele el alma, el cielo est\u00e1 gris, tengo tristeza, nostalgia, un pecho apretado con mil sentimientos atrapados, sin encontrar una explicaci\u00f3n\u201d.<\/p>\n\n\n\n<p>El titular de la Auditor\u00eda Superior del Estado (ASE), Marco C\u00e9sar Par\u00eds Peralta Hidalgo manifiesto su solidaridad con la familia doliente, lo mismo que el director general de Gobernaci\u00f3n Estatal, Francisco Rodr\u00edguez Cisneros.<\/p>\n","protected":false},"excerpt":{"rendered":"<p>&#8212; En redes sociales, se plasman expresiones de solidaridad y clamor de justicia Rogelio Agust\u00edn Los asesinatos de mujeres registrados en Acapulco Chilpancingo durante las \u00faltimas 24 horas generaron conmoci\u00f3n&hellip; <\/p>\n","protected":false},"author":21,"featured_media":61140,"comment_status":"open","ping_status":"open","sticky":false,"template":"","format":"standard","meta":{"fifu_image_url":"","fifu_image_alt":"","footnotes":""},"categories":[29],"tags":[],"class_list":["post-61139","post","type-post","status-publish","format-standard","has-post-thumbnail","hentry","category-sociedad"],"_links":{"self":[{"href":"https:\/\/www.interaccionnoticias.com.mx\/index.php?rest_route=\/wp\/v2\/posts\/61139","targetHints":{"allow":["GET"]}}],"collection":[{"href":"https:\/\/www.interaccionnoticias.com.mx\/index.php?rest_route=\/wp\/v2\/posts"}],"about":[{"href":"https:\/\/www.interaccionnoticias.com.mx\/index.php?rest_route=\/wp\/v2\/types\/post"}],"author":[{"embeddable":true,"href":"https:\/\/www.interaccionnoticias.com.mx\/index.php?rest_route=\/wp\/v2\/users\/21"}],"replies":[{"embeddable":true,"href":"https:\/\/www.interaccionnoticias.com.mx\/index.php?rest_route=%2Fwp%2Fv2%2Fcomments&post=61139"}],"version-history":[{"count":1,"href":"https:\/\/www.interaccionnoticias.com.mx\/index.php?rest_route=\/wp\/v2\/posts\/61139\/revisions"}],"predecessor-version":[{"id":61141,"href":"https:\/\/www.interaccionnoticias.com.mx\/index.php?rest_route=\/wp\/v2\/posts\/61139\/revisions\/61141"}],"wp:featuredmedia":[{"embeddable":true,"href":"https:\/\/www.interaccionnoticias.com.mx\/index.php?rest_route=\/wp\/v2\/media\/61140"}],"wp:attachment":[{"href":"https:\/\/www.interaccionnoticias.com.mx\/index.php?rest_route=%2Fwp%2Fv2%2Fmedia&parent=61139"}],"wp:term":[{"taxonomy":"category","embeddable":true,"href":"https:\/\/www.interaccionnoticias.com.mx\/index.php?rest_route=%2Fwp%2Fv2%2Fcategories&post=61139"},{"taxonomy":"post_tag","embeddable":true,"href":"https:\/\/www.interaccionnoticias.com.mx\/index.php?rest_route=%2Fwp%2Fv2%2Ftags&post=61139"}],"curies":[{"name":"wp","href":"https:\/\/api.w.org\/{rel}","templated":true}]}}