{"id":61111,"date":"2023-04-26T16:39:32","date_gmt":"2023-04-26T21:39:32","guid":{"rendered":"https:\/\/interaccionnoticias.com.mx\/?p=61111"},"modified":"2023-04-26T16:39:37","modified_gmt":"2023-04-26T21:39:37","slug":"frente-popular-francisco-villa-instala-planton-en-palacio-de-gobierno","status":"publish","type":"post","link":"https:\/\/www.interaccionnoticias.com.mx\/?p=61111","title":{"rendered":"Frente Popular Francisco Villa instala plant\u00f3n en Palacio de Gobierno"},"content":{"rendered":"\n<p><strong><em>&#8212; Exigen reuni\u00f3n con la gobernadora Evelyn Salgado Pineda<\/em><\/strong><\/p>\n\n\n\n<p><strong>Jes\u00fas Dorantes<\/strong><\/p>\n\n\n\n<p><strong>Chilpancingo, Gro.-<\/strong> Integrantes del Frente Popular, Francisco Villa (FPFV) instalaron un plant\u00f3n en la puerta principal del Palacio de Gobierno, con la intenci\u00f3n de exigir una audiencia con la gobernadora Evelyn Salgado Pineda.<\/p>\n\n\n\n<p>La ma\u00f1ana del mi\u00e9rcoles, integrantes del FPFV colocaron lonas sobre la entrada a la sede oficial del Poder Ejecutivo local, \u00fabicada en los sentidos norte-sur del boulevard Ren\u00e9 Ju\u00e1rez Cisneros.<\/p>\n\n\n\n<p>Clemencia Guevara Tejedor, dirigente del FPFV, dio a conocer que su protesta era para exigir una audiencia con la gobernadora Salgado Pineda, ya que hay temas que necesitan atenci\u00f3n, como lo es la seguridad, educaci\u00f3n e infraestructura en comunidades donde la organizaci\u00f3n tiene presencia.<\/p>\n\n\n\n<p>Mencion\u00f3 los casos de Tecoanapa; M\u00e1rtir de Cuilapan, Chilapa, Jos\u00e9 Joaqu\u00edn de Herrera y Eduardo Neri, ubicados en las regiones Centro, Costa Chica y Monta\u00f1a baja.<\/p>\n\n\n\n<p>Adem\u00e1s, exigen la presentaci\u00f3n con vida de su compa\u00f1ero Jos\u00e9 Abundio Bola\u00f1os Calvario, quien desapareci\u00f3 desde hace ya un a\u00f1o.<\/p>\n\n\n\n<p>A pregunta expresa sobre reuniones anteriores con el gobierno estatal, Clemencia Guevara refiri\u00f3 que en fechas pasadas fueron atendidos por el secretario general de Gobierno, Ludwig Marcial Reynoso N\u00fa\u00f1ez, pero no les a resuelto ning\u00fana de las demandas expuestas.<\/p>\n","protected":false},"excerpt":{"rendered":"<p>&#8212; Exigen reuni\u00f3n con la gobernadora Evelyn Salgado Pineda Jes\u00fas Dorantes Chilpancingo, Gro.- Integrantes del Frente Popular, Francisco Villa (FPFV) instalaron un plant\u00f3n en la puerta principal del Palacio de&hellip; <\/p>\n","protected":false},"author":8,"featured_media":61113,"comment_status":"open","ping_status":"open","sticky":false,"template":"","format":"standard","meta":{"fifu_image_url":"","fifu_image_alt":"","footnotes":""},"categories":[29],"tags":[],"class_list":["post-61111","post","type-post","status-publish","format-standard","has-post-thumbnail","hentry","category-sociedad"],"_links":{"self":[{"href":"https:\/\/www.interaccionnoticias.com.mx\/index.php?rest_route=\/wp\/v2\/posts\/61111","targetHints":{"allow":["GET"]}}],"collection":[{"href":"https:\/\/www.interaccionnoticias.com.mx\/index.php?rest_route=\/wp\/v2\/posts"}],"about":[{"href":"https:\/\/www.interaccionnoticias.com.mx\/index.php?rest_route=\/wp\/v2\/types\/post"}],"author":[{"embeddable":true,"href":"https:\/\/www.interaccionnoticias.com.mx\/index.php?rest_route=\/wp\/v2\/users\/8"}],"replies":[{"embeddable":true,"href":"https:\/\/www.interaccionnoticias.com.mx\/index.php?rest_route=%2Fwp%2Fv2%2Fcomments&post=61111"}],"version-history":[{"count":1,"href":"https:\/\/www.interaccionnoticias.com.mx\/index.php?rest_route=\/wp\/v2\/posts\/61111\/revisions"}],"predecessor-version":[{"id":61114,"href":"https:\/\/www.interaccionnoticias.com.mx\/index.php?rest_route=\/wp\/v2\/posts\/61111\/revisions\/61114"}],"wp:featuredmedia":[{"embeddable":true,"href":"https:\/\/www.interaccionnoticias.com.mx\/index.php?rest_route=\/wp\/v2\/media\/61113"}],"wp:attachment":[{"href":"https:\/\/www.interaccionnoticias.com.mx\/index.php?rest_route=%2Fwp%2Fv2%2Fmedia&parent=61111"}],"wp:term":[{"taxonomy":"category","embeddable":true,"href":"https:\/\/www.interaccionnoticias.com.mx\/index.php?rest_route=%2Fwp%2Fv2%2Fcategories&post=61111"},{"taxonomy":"post_tag","embeddable":true,"href":"https:\/\/www.interaccionnoticias.com.mx\/index.php?rest_route=%2Fwp%2Fv2%2Ftags&post=61111"}],"curies":[{"name":"wp","href":"https:\/\/api.w.org\/{rel}","templated":true}]}}