{"id":61087,"date":"2023-04-26T14:47:42","date_gmt":"2023-04-26T19:47:42","guid":{"rendered":"https:\/\/interaccionnoticias.com.mx\/?p=61087"},"modified":"2023-04-26T14:47:43","modified_gmt":"2023-04-26T19:47:43","slug":"aprueban-dictamen-sobre-reformas-en-materia-de-paridad-y-lenguaje-no-sexista","status":"publish","type":"post","link":"https:\/\/www.interaccionnoticias.com.mx\/?p=61087","title":{"rendered":"Aprueban dictamen sobre reformas en materia de paridad y lenguaje no sexista"},"content":{"rendered":"\n<p><em><strong>&#8212; Este mi\u00e9rcoles sesion\u00f3 la Comisi\u00f3n de Derechos Humanos<\/strong><\/em><\/p>\n\n\n\n<p><strong>Chilpancingo, Guerrero, 26 de abril de 2023.-<\/strong> Este mi\u00e9rcoles se aprob\u00f3 en la Comisi\u00f3n de Derechos Humanos el dictamen a la iniciativa de reformas a la Ley 696 de la Comisi\u00f3n de Derechos Humanos del Estado de Guerrero, en materia de paridad y lenguaje no sexista.<\/p>\n\n\n\n<p>La iniciativa fue presentada por la diputada Beatriz Mojica Morga, y tras ser discutida y analizada al seno de la Comisi\u00f3n, sus integrantes aprobaron el dictamen, que pasar\u00e1 al Pleno para ser votado.<\/p>\n\n\n\n<p>Al realizarse la Quinta Sesi\u00f3n Ordinaria de la Comisi\u00f3n de Derechos Humanos, se inform\u00f3 sobre la recepci\u00f3n del informe previo, relativo a la recomendaci\u00f3n 023\/2021, signado por la presidenta municipal del Ayuntamiento de Copala, Guadalupe Garc\u00eda.<\/p>\n\n\n\n<p>Tambi\u00e9n se inform\u00f3 sobre el cronograma de trabajo acordado con representantes de los colectivos de familiares de personas desaparecidas, sobre la iniciativa de Ley en Materia de Desaparici\u00f3n de Personas del Estado de Guerrero.<\/p>\n\n\n\n<p>Asimismo, se descargaron diversos turnos por considerar que quedaron sin materia o haber sido oportunamente atendidos.<\/p>\n\n\n\n<p>Presidi\u00f3 la sesi\u00f3n la diputada Leticia Mosso Hern\u00e1ndez, y estuvieron presentes los diputados Osbaldo R\u00edos Manrique, secretario; Patricia Doroteo Calder\u00f3n, vocal y el diputado Esteban Albarr\u00e1n Mendoza, vocal.<\/p>\n\n\n\n<div class=\"wp-block-jetpack-slideshow aligncenter\" data-effect=\"slide\"><div class=\"wp-block-jetpack-slideshow_container swiper-container\"><ul class=\"wp-block-jetpack-slideshow_swiper-wrapper swiper-wrapper\"><li class=\"wp-block-jetpack-slideshow_slide swiper-slide\"><figure><img decoding=\"async\" src=\"data:image\/gif;base64,R0lGODlhAQABAIAAAAAAAP\/\/\/ywAAAAAAQABAAACAUwAOw==\" fifu-lazy=\"1\" fifu-data-sizes=\"auto\" fifu-data-srcset=\"https:\/\/i0.wp.com\/interaccionnoticias.com.mx\/wp-content\/uploads\/2023\/04\/230426-Comision-de-Derechos-Humanos-1-1024x478.jpg?ssl=1&w=75&resize=75&ssl=1 75w, https:\/\/i0.wp.com\/interaccionnoticias.com.mx\/wp-content\/uploads\/2023\/04\/230426-Comision-de-Derechos-Humanos-1-1024x478.jpg?ssl=1&w=100&resize=100&ssl=1 100w, https:\/\/i0.wp.com\/interaccionnoticias.com.mx\/wp-content\/uploads\/2023\/04\/230426-Comision-de-Derechos-Humanos-1-1024x478.jpg?ssl=1&w=150&resize=150&ssl=1 150w, https:\/\/i0.wp.com\/interaccionnoticias.com.mx\/wp-content\/uploads\/2023\/04\/230426-Comision-de-Derechos-Humanos-1-1024x478.jpg?ssl=1&w=240&resize=240&ssl=1 240w, https:\/\/i0.wp.com\/interaccionnoticias.com.mx\/wp-content\/uploads\/2023\/04\/230426-Comision-de-Derechos-Humanos-1-1024x478.jpg?ssl=1&w=320&resize=320&ssl=1 320w, https:\/\/i0.wp.com\/interaccionnoticias.com.mx\/wp-content\/uploads\/2023\/04\/230426-Comision-de-Derechos-Humanos-1-1024x478.jpg?ssl=1&w=500&resize=500&ssl=1 500w, https:\/\/i0.wp.com\/interaccionnoticias.com.mx\/wp-content\/uploads\/2023\/04\/230426-Comision-de-Derechos-Humanos-1-1024x478.jpg?ssl=1&w=640&resize=640&ssl=1 640w, https:\/\/i0.wp.com\/interaccionnoticias.com.mx\/wp-content\/uploads\/2023\/04\/230426-Comision-de-Derechos-Humanos-1-1024x478.jpg?ssl=1&w=800&resize=800&ssl=1 800w, https:\/\/i0.wp.com\/interaccionnoticias.com.mx\/wp-content\/uploads\/2023\/04\/230426-Comision-de-Derechos-Humanos-1-1024x478.jpg?ssl=1&w=1024&resize=1024&ssl=1 1024w, https:\/\/i0.wp.com\/interaccionnoticias.com.mx\/wp-content\/uploads\/2023\/04\/230426-Comision-de-Derechos-Humanos-1-1024x478.jpg?ssl=1&w=1280&resize=1280&ssl=1 1280w, https:\/\/i0.wp.com\/interaccionnoticias.com.mx\/wp-content\/uploads\/2023\/04\/230426-Comision-de-Derechos-Humanos-1-1024x478.jpg?ssl=1&w=1600&resize=1600&ssl=1 1600w\" alt=\"\" class=\"wp-block-jetpack-slideshow_image wp-image-61088\" data-id=\"61088\" fifu-data-src=\"https:\/\/i0.wp.com\/interaccionnoticias.com.mx\/wp-content\/uploads\/2023\/04\/230426-Comision-de-Derechos-Humanos-1-1024x478.jpg?ssl=1\"\/><\/figure><\/li><li class=\"wp-block-jetpack-slideshow_slide swiper-slide\"><figure><img decoding=\"async\" src=\"data:image\/gif;base64,R0lGODlhAQABAIAAAAAAAP\/\/\/ywAAAAAAQABAAACAUwAOw==\" fifu-lazy=\"1\" fifu-data-sizes=\"auto\" fifu-data-srcset=\"https:\/\/i3.wp.com\/interaccionnoticias.com.mx\/wp-content\/uploads\/2023\/04\/230426-Comision-de-Derechos-Humanos-2-1024x478.jpg?ssl=1&w=75&resize=75&ssl=1 75w, https:\/\/i3.wp.com\/interaccionnoticias.com.mx\/wp-content\/uploads\/2023\/04\/230426-Comision-de-Derechos-Humanos-2-1024x478.jpg?ssl=1&w=100&resize=100&ssl=1 100w, https:\/\/i3.wp.com\/interaccionnoticias.com.mx\/wp-content\/uploads\/2023\/04\/230426-Comision-de-Derechos-Humanos-2-1024x478.jpg?ssl=1&w=150&resize=150&ssl=1 150w, https:\/\/i3.wp.com\/interaccionnoticias.com.mx\/wp-content\/uploads\/2023\/04\/230426-Comision-de-Derechos-Humanos-2-1024x478.jpg?ssl=1&w=240&resize=240&ssl=1 240w, https:\/\/i3.wp.com\/interaccionnoticias.com.mx\/wp-content\/uploads\/2023\/04\/230426-Comision-de-Derechos-Humanos-2-1024x478.jpg?ssl=1&w=320&resize=320&ssl=1 320w, https:\/\/i3.wp.com\/interaccionnoticias.com.mx\/wp-content\/uploads\/2023\/04\/230426-Comision-de-Derechos-Humanos-2-1024x478.jpg?ssl=1&w=500&resize=500&ssl=1 500w, https:\/\/i3.wp.com\/interaccionnoticias.com.mx\/wp-content\/uploads\/2023\/04\/230426-Comision-de-Derechos-Humanos-2-1024x478.jpg?ssl=1&w=640&resize=640&ssl=1 640w, https:\/\/i3.wp.com\/interaccionnoticias.com.mx\/wp-content\/uploads\/2023\/04\/230426-Comision-de-Derechos-Humanos-2-1024x478.jpg?ssl=1&w=800&resize=800&ssl=1 800w, https:\/\/i3.wp.com\/interaccionnoticias.com.mx\/wp-content\/uploads\/2023\/04\/230426-Comision-de-Derechos-Humanos-2-1024x478.jpg?ssl=1&w=1024&resize=1024&ssl=1 1024w, https:\/\/i3.wp.com\/interaccionnoticias.com.mx\/wp-content\/uploads\/2023\/04\/230426-Comision-de-Derechos-Humanos-2-1024x478.jpg?ssl=1&w=1280&resize=1280&ssl=1 1280w, https:\/\/i3.wp.com\/interaccionnoticias.com.mx\/wp-content\/uploads\/2023\/04\/230426-Comision-de-Derechos-Humanos-2-1024x478.jpg?ssl=1&w=1600&resize=1600&ssl=1 1600w\" alt=\"\" class=\"wp-block-jetpack-slideshow_image wp-image-61089\" data-id=\"61089\" fifu-data-src=\"https:\/\/i3.wp.com\/interaccionnoticias.com.mx\/wp-content\/uploads\/2023\/04\/230426-Comision-de-Derechos-Humanos-2-1024x478.jpg?ssl=1\"\/><\/figure><\/li><\/ul><a class=\"wp-block-jetpack-slideshow_button-prev swiper-button-prev swiper-button-white\" role=\"button\"><\/a><a class=\"wp-block-jetpack-slideshow_button-next swiper-button-next swiper-button-white\" role=\"button\"><\/a><a aria-label=\"Pause Slideshow\" class=\"wp-block-jetpack-slideshow_button-pause\" role=\"button\"><\/a><div class=\"wp-block-jetpack-slideshow_pagination swiper-pagination swiper-pagination-white\"><\/div><\/div><\/div>\n","protected":false},"excerpt":{"rendered":"<p>&#8212; Este mi\u00e9rcoles sesion\u00f3 la Comisi\u00f3n de Derechos Humanos Chilpancingo, Guerrero, 26 de abril de 2023.- Este mi\u00e9rcoles se aprob\u00f3 en la Comisi\u00f3n de Derechos Humanos el dictamen a la&hellip; <\/p>\n","protected":false},"author":19,"featured_media":61088,"comment_status":"open","ping_status":"open","sticky":false,"template":"","format":"standard","meta":{"fifu_image_url":"","fifu_image_alt":"","footnotes":""},"categories":[2],"tags":[],"class_list":["post-61087","post","type-post","status-publish","format-standard","has-post-thumbnail","hentry","category-congreso"],"_links":{"self":[{"href":"https:\/\/www.interaccionnoticias.com.mx\/index.php?rest_route=\/wp\/v2\/posts\/61087","targetHints":{"allow":["GET"]}}],"collection":[{"href":"https:\/\/www.interaccionnoticias.com.mx\/index.php?rest_route=\/wp\/v2\/posts"}],"about":[{"href":"https:\/\/www.interaccionnoticias.com.mx\/index.php?rest_route=\/wp\/v2\/types\/post"}],"author":[{"embeddable":true,"href":"https:\/\/www.interaccionnoticias.com.mx\/index.php?rest_route=\/wp\/v2\/users\/19"}],"replies":[{"embeddable":true,"href":"https:\/\/www.interaccionnoticias.com.mx\/index.php?rest_route=%2Fwp%2Fv2%2Fcomments&post=61087"}],"version-history":[{"count":1,"href":"https:\/\/www.interaccionnoticias.com.mx\/index.php?rest_route=\/wp\/v2\/posts\/61087\/revisions"}],"predecessor-version":[{"id":61090,"href":"https:\/\/www.interaccionnoticias.com.mx\/index.php?rest_route=\/wp\/v2\/posts\/61087\/revisions\/61090"}],"wp:featuredmedia":[{"embeddable":true,"href":"https:\/\/www.interaccionnoticias.com.mx\/index.php?rest_route=\/wp\/v2\/media\/61088"}],"wp:attachment":[{"href":"https:\/\/www.interaccionnoticias.com.mx\/index.php?rest_route=%2Fwp%2Fv2%2Fmedia&parent=61087"}],"wp:term":[{"taxonomy":"category","embeddable":true,"href":"https:\/\/www.interaccionnoticias.com.mx\/index.php?rest_route=%2Fwp%2Fv2%2Fcategories&post=61087"},{"taxonomy":"post_tag","embeddable":true,"href":"https:\/\/www.interaccionnoticias.com.mx\/index.php?rest_route=%2Fwp%2Fv2%2Ftags&post=61087"}],"curies":[{"name":"wp","href":"https:\/\/api.w.org\/{rel}","templated":true}]}}