{"id":61050,"date":"2023-04-25T16:35:04","date_gmt":"2023-04-25T21:35:04","guid":{"rendered":"https:\/\/interaccionnoticias.com.mx\/?p=61050"},"modified":"2023-04-25T16:35:08","modified_gmt":"2023-04-25T21:35:08","slug":"el-caso-ayotzinapa-esta-entrampado-por-compromisos-politicos","status":"publish","type":"post","link":"https:\/\/www.interaccionnoticias.com.mx\/?p=61050","title":{"rendered":"El Caso Ayotzinapa est\u00e1 entrampado por compromisos pol\u00edticos"},"content":{"rendered":"\n<p><strong><em>&#8212; Se tienen que reactivar \u00f3rdenes de aprehensi\u00f3n contra militares<\/em><\/strong><\/p>\n\n\n\n<p><strong>Jes\u00fas Dorantes<\/strong><\/p>\n\n\n\n<p><strong>Chilpancingo, Gro.- <\/strong>La investigaci\u00f3n del caso Ayotzinapa se encuentra detenida por compromisos pol\u00edticos, establecidos entre el presidente Andr\u00e9s Manuel L\u00f3pez Obrador y el Ej\u00e9rcito Mexicano, asegur\u00f3 el abogado de los padres de los 43, Vidulfo Rosales Sierra.<\/p>\n\n\n\n<p>El litigante se\u00f1al\u00f3 que por la dimensi\u00f3n de los acuerdos, el caso podr\u00eda no resolverse en este sexenio, lo que implica no tener informaci\u00f3n puntual respecto al paradero de los 43 normalistas rurales.<\/p>\n\n\n\n<p>Rosales Sierra, advirti\u00f3 que a 24 horas de que cumpla un mes m\u00e1s de la desaparici\u00f3n de los 43 normalistas, el caso est\u00e1 hipotecado.<\/p>\n\n\n\n<p>Esto debido a que el presidente Andr\u00e9s Manuel L\u00f3pez Obrador tiene compromisos pol\u00edticos con la Secretar\u00eda de la Defensa Nacional (SEDENA) , \u201cNosotros creemos que \u00e9l tiene algunos compromisos de tipo pol\u00edtico de muy alto nivel, por los cuales pasa por encima del Caso Ayotzinapa, se hipoteca el caso por esos compromisos\u201d.<\/p>\n\n\n\n<p>Esos compromisos, de acuerdo con Rosales, frenaron la investigaci\u00f3n en el 2022, que fue el a\u00f1o que m\u00e1s avances tuvo y que por primera vez se hab\u00edan girado 20 \u00f3rdenes de aprehensi\u00f3n en contra de integrantes del Ej\u00e9rcito Mexicano, las cuales fueron suspendidas en su mayor\u00eda.<\/p>\n\n\n\n<p>\u201cEl Caso Ayotzinapa pone en riesgo los compromisos del presidente Andr\u00e9s Manuel L\u00f3pez Obrador con el Ej\u00e9rcito Mexicano\u201d, recalc\u00f3 el abogado de los padres de los 43.<\/p>\n\n\n\n<p>Desde su pesspectiva, es mas f\u00e1cil para el Gobierno Federal sacrificar la verdad sobre el paradero de los 43 estudiantes de Ayotzinapa, que romper los compromisos con las fuerzas armadas.<\/p>\n\n\n\n<p>Y sostiene que \u201cel nudo que mantiene estancado el caso, es la negativa del Ej\u00e9rcito Mexicano a entregar sus informes de inteligencia\u201d.<\/p>\n\n\n\n<p>Si las cosas contin\u00faan se mantienen como hasta el momento, el caso no se esclarecer\u00e1 durante este sexenio.<br>\ud83d\udd34 #CasoAyotzinapa | La investigaci\u00f3n del caso Ayotzinapa se encuentra detenida por compromisos pol\u00edticos, establecidos entre el presidente Andr\u00e9s Manuel L\u00f3pez Obrador y el Ej\u00e9rcito Mexicano, asegur\u00f3 el abogado de los padres de los 43, Vidulfo Rosales Sierra<\/p>\n","protected":false},"excerpt":{"rendered":"<p>&#8212; Se tienen que reactivar \u00f3rdenes de aprehensi\u00f3n contra militares Jes\u00fas Dorantes Chilpancingo, Gro.- La investigaci\u00f3n del caso Ayotzinapa se encuentra detenida por compromisos pol\u00edticos, establecidos entre el presidente Andr\u00e9s&hellip; <\/p>\n","protected":false},"author":8,"featured_media":61051,"comment_status":"open","ping_status":"open","sticky":false,"template":"","format":"standard","meta":{"fifu_image_url":"","fifu_image_alt":"","footnotes":""},"categories":[15],"tags":[],"class_list":["post-61050","post","type-post","status-publish","format-standard","has-post-thumbnail","hentry","category-movimientos-sociales"],"_links":{"self":[{"href":"https:\/\/www.interaccionnoticias.com.mx\/index.php?rest_route=\/wp\/v2\/posts\/61050","targetHints":{"allow":["GET"]}}],"collection":[{"href":"https:\/\/www.interaccionnoticias.com.mx\/index.php?rest_route=\/wp\/v2\/posts"}],"about":[{"href":"https:\/\/www.interaccionnoticias.com.mx\/index.php?rest_route=\/wp\/v2\/types\/post"}],"author":[{"embeddable":true,"href":"https:\/\/www.interaccionnoticias.com.mx\/index.php?rest_route=\/wp\/v2\/users\/8"}],"replies":[{"embeddable":true,"href":"https:\/\/www.interaccionnoticias.com.mx\/index.php?rest_route=%2Fwp%2Fv2%2Fcomments&post=61050"}],"version-history":[{"count":1,"href":"https:\/\/www.interaccionnoticias.com.mx\/index.php?rest_route=\/wp\/v2\/posts\/61050\/revisions"}],"predecessor-version":[{"id":61052,"href":"https:\/\/www.interaccionnoticias.com.mx\/index.php?rest_route=\/wp\/v2\/posts\/61050\/revisions\/61052"}],"wp:featuredmedia":[{"embeddable":true,"href":"https:\/\/www.interaccionnoticias.com.mx\/index.php?rest_route=\/wp\/v2\/media\/61051"}],"wp:attachment":[{"href":"https:\/\/www.interaccionnoticias.com.mx\/index.php?rest_route=%2Fwp%2Fv2%2Fmedia&parent=61050"}],"wp:term":[{"taxonomy":"category","embeddable":true,"href":"https:\/\/www.interaccionnoticias.com.mx\/index.php?rest_route=%2Fwp%2Fv2%2Fcategories&post=61050"},{"taxonomy":"post_tag","embeddable":true,"href":"https:\/\/www.interaccionnoticias.com.mx\/index.php?rest_route=%2Fwp%2Fv2%2Ftags&post=61050"}],"curies":[{"name":"wp","href":"https:\/\/api.w.org\/{rel}","templated":true}]}}