{"id":61039,"date":"2023-04-25T14:31:01","date_gmt":"2023-04-25T19:31:01","guid":{"rendered":"https:\/\/interaccionnoticias.com.mx\/?p=61039"},"modified":"2023-04-25T14:31:06","modified_gmt":"2023-04-25T19:31:06","slug":"denuncia-prd-omision-del-ayuntamiento-de-chilpancingo-al-no-sancionar-uso-de-bardas-a-favor-claudia-sheinboum","status":"publish","type":"post","link":"https:\/\/www.interaccionnoticias.com.mx\/?p=61039","title":{"rendered":"Denuncia PRD omisi\u00f3n del Ayuntamiento de Chilpancingo al no sancionar uso de bardas a favor Claudia Sheinboum"},"content":{"rendered":"\n<p><strong><em>Ya debieron aplicarse multas, sostiene Alberto Catal\u00e1n<\/em><\/strong><\/p>\n\n\n\n<p><strong>Jes\u00fas Dorantes<\/strong><\/p>\n\n\n\n<p><strong>Chilpancingo, Gro.-<\/strong> El Comit\u00e9 Ejecutivo Estatal (CEE) del Partido de la Rep\u00fablica Democr\u00e1tica (PRD) denunci\u00f3 la omisi\u00f3n del ayuntamiento capitalino, al no sancionar la realizaci\u00f3n de pintas a favor de aspirantes presidenciales de MORENA, principalmente de la jefa de Gobierno de la Ciudad de M\u00e9xico (CDMX), Claudia Sheimb\u00e1um Pardo.<\/p>\n\n\n\n<p>La ma\u00f1ana del martes, militantes del PRD encabezados por su dirigente estatal, Alberto Catal\u00e1n Bastida, instalaron un m\u00f3dulo de consulta ciudadana, ante lo que consideraron como una omisi\u00f3n de la actual administraci\u00f3n municipal, respecto a las bardas con las que se posiciona la imagen de la jefa de Gobierno de la capital del pa\u00eds.<\/p>\n\n\n\n<p>\u201cLas pintas en bardas se perciben de manera invasiva as\u00ed como contaminaci\u00f3n visual para la ciudad capital, lo que tambi\u00e9n implicar\u00eda una deterioro a la imagen urbana\u201d, asegur\u00f3 el dirigente.<\/p>\n\n\n\n<p>En consecuencia, dicho partido puso en marcha un consulta ciudadana que se realizar\u00e1 en el transcurso de esta semana, en donde se plantean tres preguntas, en llas se pide la opini\u00f3n de los ciudadanos respectoai las pintas que se han detectado en espacios p\u00fablicos de parte de diferentes actores, principalmente de MORENA.<\/p>\n\n\n\n<p>Adem\u00e1s de saber si est\u00e1n a favor de que se proh\u00edba a los partidos pol\u00edticos usar los espacios p\u00fablicos como propaganda y por \u00faltimos sabe si se sumar\u00edan a una campa\u00f1a para limpiar y recuperar los espacios p\u00fablicos.<\/p>\n\n\n\n<p>Catal\u00e1n Bastida refiri\u00f3 que las pintas son una notable muestra de una precampa\u00f1a anticipada por parte de los aspirantes a la presidencia de la Rep\u00fablica, a los que se refiri\u00f3 como \u201ccorcholatas de MORENA\u201d, y en el caso de Chilpancingo, la promoci\u00f3n se realiza a favor de la jefa de gobierno Claudia Sheinboum.<\/p>\n\n\n\n<p>En el caso de Ayuntamiento de Chilpancingo que encabeza la presidenta Norma Otilia Hern\u00e1ndez Mart\u00ednez, el dirigente asegur\u00f3 que hay una omisi\u00f3n por parte de su administraci\u00f3n, ya que niegan que exista alguna solicitud de la ciudadan\u00eda para usar los espacios p\u00fablicos, pero no hace valer la ley municipal y tampoco a ejercido alguna multa.<\/p>\n","protected":false},"excerpt":{"rendered":"<p>Ya debieron aplicarse multas, sostiene Alberto Catal\u00e1n Jes\u00fas Dorantes Chilpancingo, Gro.- El Comit\u00e9 Ejecutivo Estatal (CEE) del Partido de la Rep\u00fablica Democr\u00e1tica (PRD) denunci\u00f3 la omisi\u00f3n del ayuntamiento capitalino, al&hellip; <\/p>\n","protected":false},"author":8,"featured_media":61040,"comment_status":"open","ping_status":"open","sticky":false,"template":"","format":"standard","meta":{"fifu_image_url":"","fifu_image_alt":"","footnotes":""},"categories":[21],"tags":[],"class_list":["post-61039","post","type-post","status-publish","format-standard","has-post-thumbnail","hentry","category-politica"],"_links":{"self":[{"href":"https:\/\/www.interaccionnoticias.com.mx\/index.php?rest_route=\/wp\/v2\/posts\/61039","targetHints":{"allow":["GET"]}}],"collection":[{"href":"https:\/\/www.interaccionnoticias.com.mx\/index.php?rest_route=\/wp\/v2\/posts"}],"about":[{"href":"https:\/\/www.interaccionnoticias.com.mx\/index.php?rest_route=\/wp\/v2\/types\/post"}],"author":[{"embeddable":true,"href":"https:\/\/www.interaccionnoticias.com.mx\/index.php?rest_route=\/wp\/v2\/users\/8"}],"replies":[{"embeddable":true,"href":"https:\/\/www.interaccionnoticias.com.mx\/index.php?rest_route=%2Fwp%2Fv2%2Fcomments&post=61039"}],"version-history":[{"count":1,"href":"https:\/\/www.interaccionnoticias.com.mx\/index.php?rest_route=\/wp\/v2\/posts\/61039\/revisions"}],"predecessor-version":[{"id":61041,"href":"https:\/\/www.interaccionnoticias.com.mx\/index.php?rest_route=\/wp\/v2\/posts\/61039\/revisions\/61041"}],"wp:featuredmedia":[{"embeddable":true,"href":"https:\/\/www.interaccionnoticias.com.mx\/index.php?rest_route=\/wp\/v2\/media\/61040"}],"wp:attachment":[{"href":"https:\/\/www.interaccionnoticias.com.mx\/index.php?rest_route=%2Fwp%2Fv2%2Fmedia&parent=61039"}],"wp:term":[{"taxonomy":"category","embeddable":true,"href":"https:\/\/www.interaccionnoticias.com.mx\/index.php?rest_route=%2Fwp%2Fv2%2Fcategories&post=61039"},{"taxonomy":"post_tag","embeddable":true,"href":"https:\/\/www.interaccionnoticias.com.mx\/index.php?rest_route=%2Fwp%2Fv2%2Ftags&post=61039"}],"curies":[{"name":"wp","href":"https:\/\/api.w.org\/{rel}","templated":true}]}}