{"id":61002,"date":"2023-04-24T19:50:04","date_gmt":"2023-04-25T00:50:04","guid":{"rendered":"https:\/\/interaccionnoticias.com.mx\/?p=61002"},"modified":"2023-04-24T19:50:05","modified_gmt":"2023-04-25T00:50:05","slug":"ofertan-mas-de-mil-700-vacantes-para-la-guardia-nacional-incluidos-espacios-para-profesionistas-a-traves-de-la-secretaria-del-trabajo-y-prevision-social","status":"publish","type":"post","link":"https:\/\/www.interaccionnoticias.com.mx\/?p=61002","title":{"rendered":"Ofertan m\u00e1s de mil 700 vacantes, para la Guardia Nacional, incluidos espacios para profesionistas a trav\u00e9s de la Secretar\u00eda del Trabajo y Previsi\u00f3n Social"},"content":{"rendered":"\n<p><strong>Chilpancingo, Gro., 24 de abril de 2023.-<\/strong> El gobierno de Guerrero en coordinaci\u00f3n con la Guardia Nacional abrieron la oferta laboral para m\u00e1s de mil 700 guerrerenses profesionistas y con nivel bachillerato para sumarse a esa instituci\u00f3n, dependiendo de su formaci\u00f3n acad\u00e9mica, como parte de las acciones de vinculaci\u00f3n laboral de la secretar\u00eda del Trabajo y Previsi\u00f3n Social del estado, que encabeza, Luis Armando Ba\u00f1os Rend\u00f3n.<\/p>\n\n\n\n<p>El funcionario estatal coment\u00f3 que las profesiones convocadas van desde m\u00e9dico cirujano, psicolog\u00eda, derecho, criminal\u00edstica, antropolog\u00eda, sociolog\u00eda, arqueolog\u00eda, odontolog\u00eda, dise\u00f1o gr\u00e1fico, veterinaria, ciencias forenses, periodismo, dise\u00f1o gr\u00e1fico, ciencias de la comunicaci\u00f3n, administraci\u00f3n, gen\u00e9tica, mecatr\u00f3nica, ciencias computacionales, ingenier\u00edas civil, , metal\u00fargica, f\u00edsica, qu\u00edmica y biotecnolog\u00eda, entre otras que pueden ser consultadas en las convocatorias publicadas en las p\u00e1ginas oficiales de la STyPS y la edad l\u00edmite es de 29 a\u00f1os.<\/p>\n\n\n\n<p>Otras plazas disponibles son las de promotores deportivos que laborar\u00e1n en un programa de vinculaci\u00f3n social de la GN en la que se convoca a licenciados en Ciencias de la activaci\u00f3n f\u00edsica y deportes, deporte y bienestar, as\u00ed como cultura f\u00edsica y deportes, en este rubro podr\u00e1n participar personas con hasta 38 a\u00f1os de edad; en todos los casos deber\u00e1n presentar t\u00edtulo y c\u00e9dula profesional.<\/p>\n\n\n\n<p>Con la finalidad de ampliar la informaci\u00f3n, esta ma\u00f1ana se realiz\u00f3 una conferencia virtual con personal de la misma STyPS y de la GN, quienes explicaron a detalle que primero har\u00e1n un examen m\u00e9dico inicial, examen psicol\u00f3gico y de laboratorio para que, dependiendo de estos resultados se declare si son aptos para pasar a la segunda fase, agreg\u00f3 que entre los beneficios se encuentran todos los previstos en la ley y otros adicionales que se otorgan por la naturaleza del servicio en la GN.<\/p>\n\n\n\n<p>Estas acciones se realizan en la ruta por seguir colocando a m\u00e1s guerrerenses en el sector productivo a fin de mejor su nivel de vida al incorporarse a un trabajo seguro.<\/p>\n","protected":false},"excerpt":{"rendered":"<p>Chilpancingo, Gro., 24 de abril de 2023.- El gobierno de Guerrero en coordinaci\u00f3n con la Guardia Nacional abrieron la oferta laboral para m\u00e1s de mil 700 guerrerenses profesionistas y con&hellip; <\/p>\n","protected":false},"author":19,"featured_media":61003,"comment_status":"open","ping_status":"open","sticky":false,"template":"","format":"standard","meta":{"fifu_image_url":"","fifu_image_alt":"","footnotes":""},"categories":[11],"tags":[],"class_list":["post-61002","post","type-post","status-publish","format-standard","has-post-thumbnail","hentry","category-guerrero"],"_links":{"self":[{"href":"https:\/\/www.interaccionnoticias.com.mx\/index.php?rest_route=\/wp\/v2\/posts\/61002","targetHints":{"allow":["GET"]}}],"collection":[{"href":"https:\/\/www.interaccionnoticias.com.mx\/index.php?rest_route=\/wp\/v2\/posts"}],"about":[{"href":"https:\/\/www.interaccionnoticias.com.mx\/index.php?rest_route=\/wp\/v2\/types\/post"}],"author":[{"embeddable":true,"href":"https:\/\/www.interaccionnoticias.com.mx\/index.php?rest_route=\/wp\/v2\/users\/19"}],"replies":[{"embeddable":true,"href":"https:\/\/www.interaccionnoticias.com.mx\/index.php?rest_route=%2Fwp%2Fv2%2Fcomments&post=61002"}],"version-history":[{"count":1,"href":"https:\/\/www.interaccionnoticias.com.mx\/index.php?rest_route=\/wp\/v2\/posts\/61002\/revisions"}],"predecessor-version":[{"id":61004,"href":"https:\/\/www.interaccionnoticias.com.mx\/index.php?rest_route=\/wp\/v2\/posts\/61002\/revisions\/61004"}],"wp:featuredmedia":[{"embeddable":true,"href":"https:\/\/www.interaccionnoticias.com.mx\/index.php?rest_route=\/wp\/v2\/media\/61003"}],"wp:attachment":[{"href":"https:\/\/www.interaccionnoticias.com.mx\/index.php?rest_route=%2Fwp%2Fv2%2Fmedia&parent=61002"}],"wp:term":[{"taxonomy":"category","embeddable":true,"href":"https:\/\/www.interaccionnoticias.com.mx\/index.php?rest_route=%2Fwp%2Fv2%2Fcategories&post=61002"},{"taxonomy":"post_tag","embeddable":true,"href":"https:\/\/www.interaccionnoticias.com.mx\/index.php?rest_route=%2Fwp%2Fv2%2Ftags&post=61002"}],"curies":[{"name":"wp","href":"https:\/\/api.w.org\/{rel}","templated":true}]}}