{"id":60887,"date":"2023-04-21T13:58:43","date_gmt":"2023-04-21T18:58:43","guid":{"rendered":"https:\/\/interaccionnoticias.com.mx\/?p=60887"},"modified":"2023-04-21T13:58:48","modified_gmt":"2023-04-21T18:58:48","slug":"si-el-prd-no-encabeza-la-candidatura-a-la-senaduria-podria-no-haber-alianza-con-el-pri-bernardo-ortega","status":"publish","type":"post","link":"https:\/\/www.interaccionnoticias.com.mx\/?p=60887","title":{"rendered":"Si el PRD no encabeza la candidatura a la senadur\u00eda, podr\u00eda no haber alianza con el PRI: Bernardo Ortega"},"content":{"rendered":"\n<p><strong>Rosario Garc\u00eda Orozco<\/strong><\/p>\n\n\n\n<p><strong>Chilpancingo, Gro., 21 de abril del 2023.-<\/strong> El diputado perredista Bernardo Ortega Jim\u00e9nez consider\u00f3 que si el PRD no encabeza la f\u00f3rmula para la senadur\u00eda en la elecci\u00f3n del 2024, podr\u00eda no haber alianza con el PRI en ese proceso.<\/p>\n\n\n\n<p>El PRD es un partido que tiene la capacidad para encabezar la senadur\u00eda, si es que vamos en alianza, \u00aby posiblemente ser\u00eda Evodio Vel\u00e1zquez Aguirre el candidato\u00bb, dijo el legislador local, y agreg\u00f3 que \u00abnosotros vamos a participar con nuestros candidatos, por eso hice el llamado a nivel nacional en el sentido de que hoy nos toca en Guerrero como perredistas encabezar la candidatura a la senadur\u00eda, Evodio (Vel\u00e1zquez Aguirre) en eso anda y eso lo estamos apoyando nosotros\u00bb.<\/p>\n\n\n\n<p>Cuestionado sobre el hecho de que la alianza ependa de que el candidato a senador sea del PRD depender\u00eda la alianza, respondi\u00f3 que \u00aben gran medida, de eso depender\u00eda al final de cuentas, porque yo creo que el PRD sigue siendo fuerte en Guerrero\u00bb.<\/p>\n\n\n\n<p>Ortega Jim\u00e9nez agreg\u00f3 que su partido se est\u00e1 preparando con trabajo desde las bases, \u00abpara hacerle ver a los guerrerenses, que el PRD est\u00e1 en lucha y trabajando para contribuir al desarrollo del estado\u00bb.<\/p>\n\n\n\n<p>Record\u00f3 que adem\u00e1s de mantener una campa\u00f1a permanente de afiliaci\u00f3n para que m\u00e1s ciudadanos se unan a las filas del Partido del Sol Azteca, \u00abcada grupo hace lo propio, como Movimiento Alternativa Social (MAS), que hace vida pol\u00edtica al interior del PRD y ya hemos recorrido 5 regiones con reuniones con la gente para conocer los liderazgos locales, preparando nuestras estructuras y viendo quien aspira a las candidaturas para cargos de elecci\u00f3n popular, para que se siga trabajando con ese rumbo\u00bb.<\/p>\n\n\n\n<p>Convoc\u00f3 a sus compa\u00f1eros perredistas a mantener la unidad al interior de ese partido, para estar fortalecidos a unos meses de que inicie el proceso electoral del 2024, cuando se van a renovar la presidencia de la rep\u00fablica, el senado, las diputaciones federales y locales y las presidencias municipales.<\/p>\n","protected":false},"excerpt":{"rendered":"<p>Rosario Garc\u00eda Orozco Chilpancingo, Gro., 21 de abril del 2023.- El diputado perredista Bernardo Ortega Jim\u00e9nez consider\u00f3 que si el PRD no encabeza la f\u00f3rmula para la senadur\u00eda en la&hellip; <\/p>\n","protected":false},"author":14,"featured_media":58553,"comment_status":"open","ping_status":"open","sticky":false,"template":"","format":"standard","meta":{"fifu_image_url":"","fifu_image_alt":"","footnotes":""},"categories":[21],"tags":[],"class_list":["post-60887","post","type-post","status-publish","format-standard","has-post-thumbnail","hentry","category-politica"],"_links":{"self":[{"href":"https:\/\/www.interaccionnoticias.com.mx\/index.php?rest_route=\/wp\/v2\/posts\/60887","targetHints":{"allow":["GET"]}}],"collection":[{"href":"https:\/\/www.interaccionnoticias.com.mx\/index.php?rest_route=\/wp\/v2\/posts"}],"about":[{"href":"https:\/\/www.interaccionnoticias.com.mx\/index.php?rest_route=\/wp\/v2\/types\/post"}],"author":[{"embeddable":true,"href":"https:\/\/www.interaccionnoticias.com.mx\/index.php?rest_route=\/wp\/v2\/users\/14"}],"replies":[{"embeddable":true,"href":"https:\/\/www.interaccionnoticias.com.mx\/index.php?rest_route=%2Fwp%2Fv2%2Fcomments&post=60887"}],"version-history":[{"count":1,"href":"https:\/\/www.interaccionnoticias.com.mx\/index.php?rest_route=\/wp\/v2\/posts\/60887\/revisions"}],"predecessor-version":[{"id":60888,"href":"https:\/\/www.interaccionnoticias.com.mx\/index.php?rest_route=\/wp\/v2\/posts\/60887\/revisions\/60888"}],"wp:featuredmedia":[{"embeddable":true,"href":"https:\/\/www.interaccionnoticias.com.mx\/index.php?rest_route=\/wp\/v2\/media\/58553"}],"wp:attachment":[{"href":"https:\/\/www.interaccionnoticias.com.mx\/index.php?rest_route=%2Fwp%2Fv2%2Fmedia&parent=60887"}],"wp:term":[{"taxonomy":"category","embeddable":true,"href":"https:\/\/www.interaccionnoticias.com.mx\/index.php?rest_route=%2Fwp%2Fv2%2Fcategories&post=60887"},{"taxonomy":"post_tag","embeddable":true,"href":"https:\/\/www.interaccionnoticias.com.mx\/index.php?rest_route=%2Fwp%2Fv2%2Ftags&post=60887"}],"curies":[{"name":"wp","href":"https:\/\/api.w.org\/{rel}","templated":true}]}}