{"id":60788,"date":"2023-04-20T14:16:54","date_gmt":"2023-04-20T19:16:54","guid":{"rendered":"https:\/\/interaccionnoticias.com.mx\/?p=60788"},"modified":"2023-04-20T14:16:59","modified_gmt":"2023-04-20T19:16:59","slug":"ceteg-bloquea-paseo-alejandro-cervantes","status":"publish","type":"post","link":"https:\/\/www.interaccionnoticias.com.mx\/?p=60788","title":{"rendered":"CETEG bloquea paseo Alejandro Cervantes"},"content":{"rendered":"\n<p><em><strong>Exigen construcci\u00f3n de oficinas centrales de la SEG<\/strong><\/em><\/p>\n\n\n\n<p><strong>Jes\u00fas Dorantes<\/strong><\/p>\n\n\n\n<p><strong>Chilpancingo, Gro.- <\/strong>Integrantes de la Direcci\u00f3n General de Primarias del Estado, cerraron la circulaci\u00f3n vehicular en el paseo Alejandro Cervantes para exigir la reconstrucci\u00f3n de las oficinas centrales de la Secretar\u00eda de Educaci\u00f3n Guerrero (SEG).<\/p>\n\n\n\n<p>La ma\u00f1ana del jueves un grupo de 50 trabajadores agremiados a la Coordinadora Estatal de Trabajadores de la Educaci\u00f3n en Guerrero (CETEG) arribaron a las laterales del r\u00edo Huacapa a la altura de la colonia Universal.<\/p>\n\n\n\n<p>Desde las 10:00 horas se instalaron en ambos sentidos del paseo Alejandro Cervantes colocando cuerdas para impedir el paso de veh\u00edculos.<\/p>\n\n\n\n<p>La profesora Doraine Ram\u00edrez denunci\u00f3 que durante el 2023 se ten\u00edan programadas de reuniones con representantes de la SEG, una de ellas se llevar\u00eda a cabo el mi\u00e9rcoles 19 de abril pero ning\u00fan representante del Estado se present\u00f3.<\/p>\n\n\n\n<p>En dicha reuni\u00f3n se solicitar\u00eda edificio de oficinas centrales de la SEG, para agrupar a todas las sub oficinas en un solo punto y se tengan instalaciones dignas, ya que en fechas pasadas se manifestaron por el cambio de su centro de trabajo a un lugar d\u00f3nde se cuenta con el espacio adecuado.<\/p>\n","protected":false},"excerpt":{"rendered":"<p>Exigen construcci\u00f3n de oficinas centrales de la SEG Jes\u00fas Dorantes Chilpancingo, Gro.- Integrantes de la Direcci\u00f3n General de Primarias del Estado, cerraron la circulaci\u00f3n vehicular en el paseo Alejandro Cervantes&hellip; <\/p>\n","protected":false},"author":8,"featured_media":60789,"comment_status":"open","ping_status":"open","sticky":false,"template":"","format":"standard","meta":{"fifu_image_url":"","fifu_image_alt":"","footnotes":""},"categories":[6],"tags":[],"class_list":["post-60788","post","type-post","status-publish","format-standard","has-post-thumbnail","hentry","category-educacion"],"_links":{"self":[{"href":"https:\/\/www.interaccionnoticias.com.mx\/index.php?rest_route=\/wp\/v2\/posts\/60788","targetHints":{"allow":["GET"]}}],"collection":[{"href":"https:\/\/www.interaccionnoticias.com.mx\/index.php?rest_route=\/wp\/v2\/posts"}],"about":[{"href":"https:\/\/www.interaccionnoticias.com.mx\/index.php?rest_route=\/wp\/v2\/types\/post"}],"author":[{"embeddable":true,"href":"https:\/\/www.interaccionnoticias.com.mx\/index.php?rest_route=\/wp\/v2\/users\/8"}],"replies":[{"embeddable":true,"href":"https:\/\/www.interaccionnoticias.com.mx\/index.php?rest_route=%2Fwp%2Fv2%2Fcomments&post=60788"}],"version-history":[{"count":1,"href":"https:\/\/www.interaccionnoticias.com.mx\/index.php?rest_route=\/wp\/v2\/posts\/60788\/revisions"}],"predecessor-version":[{"id":60790,"href":"https:\/\/www.interaccionnoticias.com.mx\/index.php?rest_route=\/wp\/v2\/posts\/60788\/revisions\/60790"}],"wp:featuredmedia":[{"embeddable":true,"href":"https:\/\/www.interaccionnoticias.com.mx\/index.php?rest_route=\/wp\/v2\/media\/60789"}],"wp:attachment":[{"href":"https:\/\/www.interaccionnoticias.com.mx\/index.php?rest_route=%2Fwp%2Fv2%2Fmedia&parent=60788"}],"wp:term":[{"taxonomy":"category","embeddable":true,"href":"https:\/\/www.interaccionnoticias.com.mx\/index.php?rest_route=%2Fwp%2Fv2%2Fcategories&post=60788"},{"taxonomy":"post_tag","embeddable":true,"href":"https:\/\/www.interaccionnoticias.com.mx\/index.php?rest_route=%2Fwp%2Fv2%2Ftags&post=60788"}],"curies":[{"name":"wp","href":"https:\/\/api.w.org\/{rel}","templated":true}]}}