{"id":60778,"date":"2023-04-20T14:04:23","date_gmt":"2023-04-20T19:04:23","guid":{"rendered":"https:\/\/interaccionnoticias.com.mx\/?p=60778"},"modified":"2023-04-20T14:04:28","modified_gmt":"2023-04-20T19:04:28","slug":"preside-secretario-de-seguridad-publica-evelio-mendez-la-conferencia-estatal-de-seguridad-con-autoridades-de-la-tierra-caliente","status":"publish","type":"post","link":"https:\/\/www.interaccionnoticias.com.mx\/?p=60778","title":{"rendered":"PRESIDE SECRETARIO DE SEGURIDAD P\u00daBLICA, EVELIO M\u00c9NDEZ LA CONFERENCIA ESTATAL DE SEGURIDAD CON AUTORIDADES DE LA TIERRA CALIENTE"},"content":{"rendered":"\n<p><strong>Coyuca de Catal\u00e1n, Guerrero; a 20 de abril de 2023.- <\/strong>El secretario de Seguridad P\u00fablica de Guerrero, Evelio M\u00e9ndez G\u00f3mez, se reuni\u00f3 con autoridades de la regi\u00f3n de la Tierra Caliente, con quienes abord\u00f3 los lineamientos para la obtenci\u00f3n del Certificado \u00danico Policial, as\u00ed como la generaci\u00f3n de un diagn\u00f3stico intercultural.<\/p>\n\n\n\n<p>El Cuartel Regional de Coyuca de Catal\u00e1n fue sede de dicha reuni\u00f3n, a la que asistieron los presidentes municipales y directores de Seguridad P\u00fablica de Ajuchitl\u00e1n del Progreso, Arcelia, Coyuca de Catal\u00e1n, Cutzamala de Pinz\u00f3n, Pungarabato, Tlapehuala, Tlalchapa, San Miguel Totolapan, adem\u00e1s del director de Seguridad P\u00fablica del municipio de Zir\u00e1ndaro de los Ch\u00e1vez y en la que se abordaron los lineamientos para la obtenci\u00f3n del Certificado \u00danico Policial y la generaci\u00f3n de un diagn\u00f3stico intercultural.<\/p>\n\n\n\n<p>En su mensaje, el titular de la SSP Guerrero, Evelio M\u00e9ndez G\u00f3mez destac\u00f3 que como ejemplo de un gobierno de territorio, la Secretar\u00eda a su cargo realiza estas sesiones regionales a fin de acercarla a las y los presidentes y poner a su disposici\u00f3n herramientas, programas y protocolos para que las repliquen en sus municipios, pues son la primera l\u00ednea de contenci\u00f3n y de prevenci\u00f3n.<\/p>\n\n\n\n<p>As\u00ed mismo se da cumplimiento a los acuerdos del Consejo Nacional de Seguridad P\u00fablica y de proximidad con los gobiernos locales y a los lineamientos que deben seguir las autoridades municipales y sus responsables de Seguridad P\u00fablica, para obtener el Certificado \u00danico Policial (CUP), a fin de que todos los Ayuntamientos cumplan con dichos requisitos a m\u00e1s tardar el 31 de mayo de 2024.<\/p>\n\n\n\n<p>Otro de los temas expuestos en la sesi\u00f3n fue la implementaci\u00f3n de un diagn\u00f3stico en materia de seguridad p\u00fablica con perspectiva intercultural.<\/p>\n\n\n\n<p>El secretario de Seguridad P\u00fablica Estatal, invit\u00f3 a las autoridades municipales a participar en estas acciones, cuyo \u00fanico objetivo es encaminar el trabajo conjunto para el bienestar com\u00fan de las y los guerrerenses.<\/p>\n\n\n\n<p>De igual forma, personal de las Direcciones de Prevenci\u00f3n Social del Delito, Tr\u00e1nsito, Caminos, Puertos y Aeropuertos, la Unidad Policial de G\u00e9nero, la Unidad de G\u00e9nero, Universidad Policial del Estado, Alerta Violeta instalaron m\u00f3dulos informativos para dar orientaci\u00f3n a las y los responsables de la seguridad de los municipios de Tierra Caliente.<\/p>\n\n\n\n<p>Estas sesiones regionales concluyen la pr\u00f3xima semana en la zona Norte.<\/p>\n\n\n\n<div class=\"wp-block-jetpack-slideshow aligncenter\" data-effect=\"slide\"><div class=\"wp-block-jetpack-slideshow_container swiper-container\"><ul class=\"wp-block-jetpack-slideshow_swiper-wrapper swiper-wrapper\"><li class=\"wp-block-jetpack-slideshow_slide swiper-slide\"><figure><img decoding=\"async\" src=\"data:image\/gif;base64,R0lGODlhAQABAIAAAAAAAP\/\/\/ywAAAAAAQABAAACAUwAOw==\" fifu-lazy=\"1\" fifu-data-sizes=\"auto\" fifu-data-srcset=\"https:\/\/i2.wp.com\/interaccionnoticias.com.mx\/wp-content\/uploads\/2023\/04\/230420-EVELIO-MENDEZ-3.jpg?ssl=1&w=75&resize=75&ssl=1 75w, https:\/\/i2.wp.com\/interaccionnoticias.com.mx\/wp-content\/uploads\/2023\/04\/230420-EVELIO-MENDEZ-3.jpg?ssl=1&w=100&resize=100&ssl=1 100w, https:\/\/i2.wp.com\/interaccionnoticias.com.mx\/wp-content\/uploads\/2023\/04\/230420-EVELIO-MENDEZ-3.jpg?ssl=1&w=150&resize=150&ssl=1 150w, https:\/\/i2.wp.com\/interaccionnoticias.com.mx\/wp-content\/uploads\/2023\/04\/230420-EVELIO-MENDEZ-3.jpg?ssl=1&w=240&resize=240&ssl=1 240w, https:\/\/i2.wp.com\/interaccionnoticias.com.mx\/wp-content\/uploads\/2023\/04\/230420-EVELIO-MENDEZ-3.jpg?ssl=1&w=320&resize=320&ssl=1 320w, https:\/\/i2.wp.com\/interaccionnoticias.com.mx\/wp-content\/uploads\/2023\/04\/230420-EVELIO-MENDEZ-3.jpg?ssl=1&w=500&resize=500&ssl=1 500w, https:\/\/i2.wp.com\/interaccionnoticias.com.mx\/wp-content\/uploads\/2023\/04\/230420-EVELIO-MENDEZ-3.jpg?ssl=1&w=640&resize=640&ssl=1 640w, https:\/\/i2.wp.com\/interaccionnoticias.com.mx\/wp-content\/uploads\/2023\/04\/230420-EVELIO-MENDEZ-3.jpg?ssl=1&w=800&resize=800&ssl=1 800w, https:\/\/i2.wp.com\/interaccionnoticias.com.mx\/wp-content\/uploads\/2023\/04\/230420-EVELIO-MENDEZ-3.jpg?ssl=1&w=1024&resize=1024&ssl=1 1024w, https:\/\/i2.wp.com\/interaccionnoticias.com.mx\/wp-content\/uploads\/2023\/04\/230420-EVELIO-MENDEZ-3.jpg?ssl=1&w=1280&resize=1280&ssl=1 1280w, https:\/\/i2.wp.com\/interaccionnoticias.com.mx\/wp-content\/uploads\/2023\/04\/230420-EVELIO-MENDEZ-3.jpg?ssl=1&w=1600&resize=1600&ssl=1 1600w\" alt=\"\" class=\"wp-block-jetpack-slideshow_image wp-image-60779\" data-id=\"60779\" fifu-data-src=\"https:\/\/i2.wp.com\/interaccionnoticias.com.mx\/wp-content\/uploads\/2023\/04\/230420-EVELIO-MENDEZ-3.jpg?ssl=1\"\/><\/figure><\/li><li class=\"wp-block-jetpack-slideshow_slide swiper-slide\"><figure><img decoding=\"async\" src=\"data:image\/gif;base64,R0lGODlhAQABAIAAAAAAAP\/\/\/ywAAAAAAQABAAACAUwAOw==\" fifu-lazy=\"1\" fifu-data-sizes=\"auto\" fifu-data-srcset=\"https:\/\/i2.wp.com\/interaccionnoticias.com.mx\/wp-content\/uploads\/2023\/04\/230420-EVELIO-MENDEZ-2.jpg?ssl=1&w=75&resize=75&ssl=1 75w, https:\/\/i2.wp.com\/interaccionnoticias.com.mx\/wp-content\/uploads\/2023\/04\/230420-EVELIO-MENDEZ-2.jpg?ssl=1&w=100&resize=100&ssl=1 100w, https:\/\/i2.wp.com\/interaccionnoticias.com.mx\/wp-content\/uploads\/2023\/04\/230420-EVELIO-MENDEZ-2.jpg?ssl=1&w=150&resize=150&ssl=1 150w, https:\/\/i2.wp.com\/interaccionnoticias.com.mx\/wp-content\/uploads\/2023\/04\/230420-EVELIO-MENDEZ-2.jpg?ssl=1&w=240&resize=240&ssl=1 240w, https:\/\/i2.wp.com\/interaccionnoticias.com.mx\/wp-content\/uploads\/2023\/04\/230420-EVELIO-MENDEZ-2.jpg?ssl=1&w=320&resize=320&ssl=1 320w, https:\/\/i2.wp.com\/interaccionnoticias.com.mx\/wp-content\/uploads\/2023\/04\/230420-EVELIO-MENDEZ-2.jpg?ssl=1&w=500&resize=500&ssl=1 500w, https:\/\/i2.wp.com\/interaccionnoticias.com.mx\/wp-content\/uploads\/2023\/04\/230420-EVELIO-MENDEZ-2.jpg?ssl=1&w=640&resize=640&ssl=1 640w, https:\/\/i2.wp.com\/interaccionnoticias.com.mx\/wp-content\/uploads\/2023\/04\/230420-EVELIO-MENDEZ-2.jpg?ssl=1&w=800&resize=800&ssl=1 800w, https:\/\/i2.wp.com\/interaccionnoticias.com.mx\/wp-content\/uploads\/2023\/04\/230420-EVELIO-MENDEZ-2.jpg?ssl=1&w=1024&resize=1024&ssl=1 1024w, https:\/\/i2.wp.com\/interaccionnoticias.com.mx\/wp-content\/uploads\/2023\/04\/230420-EVELIO-MENDEZ-2.jpg?ssl=1&w=1280&resize=1280&ssl=1 1280w, https:\/\/i2.wp.com\/interaccionnoticias.com.mx\/wp-content\/uploads\/2023\/04\/230420-EVELIO-MENDEZ-2.jpg?ssl=1&w=1600&resize=1600&ssl=1 1600w\" alt=\"\" class=\"wp-block-jetpack-slideshow_image wp-image-60780\" data-id=\"60780\" fifu-data-src=\"https:\/\/i2.wp.com\/interaccionnoticias.com.mx\/wp-content\/uploads\/2023\/04\/230420-EVELIO-MENDEZ-2.jpg?ssl=1\"\/><\/figure><\/li><li class=\"wp-block-jetpack-slideshow_slide swiper-slide\"><figure><img decoding=\"async\" src=\"data:image\/gif;base64,R0lGODlhAQABAIAAAAAAAP\/\/\/ywAAAAAAQABAAACAUwAOw==\" fifu-lazy=\"1\" fifu-data-sizes=\"auto\" fifu-data-srcset=\"https:\/\/i2.wp.com\/interaccionnoticias.com.mx\/wp-content\/uploads\/2023\/04\/230420-EVELIO-MENDEZ-1.jpg?ssl=1&w=75&resize=75&ssl=1 75w, https:\/\/i2.wp.com\/interaccionnoticias.com.mx\/wp-content\/uploads\/2023\/04\/230420-EVELIO-MENDEZ-1.jpg?ssl=1&w=100&resize=100&ssl=1 100w, https:\/\/i2.wp.com\/interaccionnoticias.com.mx\/wp-content\/uploads\/2023\/04\/230420-EVELIO-MENDEZ-1.jpg?ssl=1&w=150&resize=150&ssl=1 150w, https:\/\/i2.wp.com\/interaccionnoticias.com.mx\/wp-content\/uploads\/2023\/04\/230420-EVELIO-MENDEZ-1.jpg?ssl=1&w=240&resize=240&ssl=1 240w, https:\/\/i2.wp.com\/interaccionnoticias.com.mx\/wp-content\/uploads\/2023\/04\/230420-EVELIO-MENDEZ-1.jpg?ssl=1&w=320&resize=320&ssl=1 320w, https:\/\/i2.wp.com\/interaccionnoticias.com.mx\/wp-content\/uploads\/2023\/04\/230420-EVELIO-MENDEZ-1.jpg?ssl=1&w=500&resize=500&ssl=1 500w, https:\/\/i2.wp.com\/interaccionnoticias.com.mx\/wp-content\/uploads\/2023\/04\/230420-EVELIO-MENDEZ-1.jpg?ssl=1&w=640&resize=640&ssl=1 640w, https:\/\/i2.wp.com\/interaccionnoticias.com.mx\/wp-content\/uploads\/2023\/04\/230420-EVELIO-MENDEZ-1.jpg?ssl=1&w=800&resize=800&ssl=1 800w, https:\/\/i2.wp.com\/interaccionnoticias.com.mx\/wp-content\/uploads\/2023\/04\/230420-EVELIO-MENDEZ-1.jpg?ssl=1&w=1024&resize=1024&ssl=1 1024w, https:\/\/i2.wp.com\/interaccionnoticias.com.mx\/wp-content\/uploads\/2023\/04\/230420-EVELIO-MENDEZ-1.jpg?ssl=1&w=1280&resize=1280&ssl=1 1280w, https:\/\/i2.wp.com\/interaccionnoticias.com.mx\/wp-content\/uploads\/2023\/04\/230420-EVELIO-MENDEZ-1.jpg?ssl=1&w=1600&resize=1600&ssl=1 1600w\" alt=\"\" class=\"wp-block-jetpack-slideshow_image wp-image-60781\" data-id=\"60781\" fifu-data-src=\"https:\/\/i2.wp.com\/interaccionnoticias.com.mx\/wp-content\/uploads\/2023\/04\/230420-EVELIO-MENDEZ-1.jpg?ssl=1\"\/><\/figure><\/li><\/ul><a class=\"wp-block-jetpack-slideshow_button-prev swiper-button-prev swiper-button-white\" role=\"button\"><\/a><a class=\"wp-block-jetpack-slideshow_button-next swiper-button-next swiper-button-white\" role=\"button\"><\/a><a aria-label=\"Pause Slideshow\" class=\"wp-block-jetpack-slideshow_button-pause\" role=\"button\"><\/a><div class=\"wp-block-jetpack-slideshow_pagination swiper-pagination swiper-pagination-white\"><\/div><\/div><\/div>\n","protected":false},"excerpt":{"rendered":"<p>Coyuca de Catal\u00e1n, Guerrero; a 20 de abril de 2023.- El secretario de Seguridad P\u00fablica de Guerrero, Evelio M\u00e9ndez G\u00f3mez, se reuni\u00f3 con autoridades de la regi\u00f3n de la Tierra&hellip; <\/p>\n","protected":false},"author":19,"featured_media":60781,"comment_status":"open","ping_status":"open","sticky":false,"template":"","format":"standard","meta":{"fifu_image_url":"","fifu_image_alt":"","footnotes":""},"categories":[11],"tags":[],"class_list":["post-60778","post","type-post","status-publish","format-standard","has-post-thumbnail","hentry","category-guerrero"],"_links":{"self":[{"href":"https:\/\/www.interaccionnoticias.com.mx\/index.php?rest_route=\/wp\/v2\/posts\/60778","targetHints":{"allow":["GET"]}}],"collection":[{"href":"https:\/\/www.interaccionnoticias.com.mx\/index.php?rest_route=\/wp\/v2\/posts"}],"about":[{"href":"https:\/\/www.interaccionnoticias.com.mx\/index.php?rest_route=\/wp\/v2\/types\/post"}],"author":[{"embeddable":true,"href":"https:\/\/www.interaccionnoticias.com.mx\/index.php?rest_route=\/wp\/v2\/users\/19"}],"replies":[{"embeddable":true,"href":"https:\/\/www.interaccionnoticias.com.mx\/index.php?rest_route=%2Fwp%2Fv2%2Fcomments&post=60778"}],"version-history":[{"count":1,"href":"https:\/\/www.interaccionnoticias.com.mx\/index.php?rest_route=\/wp\/v2\/posts\/60778\/revisions"}],"predecessor-version":[{"id":60782,"href":"https:\/\/www.interaccionnoticias.com.mx\/index.php?rest_route=\/wp\/v2\/posts\/60778\/revisions\/60782"}],"wp:featuredmedia":[{"embeddable":true,"href":"https:\/\/www.interaccionnoticias.com.mx\/index.php?rest_route=\/wp\/v2\/media\/60781"}],"wp:attachment":[{"href":"https:\/\/www.interaccionnoticias.com.mx\/index.php?rest_route=%2Fwp%2Fv2%2Fmedia&parent=60778"}],"wp:term":[{"taxonomy":"category","embeddable":true,"href":"https:\/\/www.interaccionnoticias.com.mx\/index.php?rest_route=%2Fwp%2Fv2%2Fcategories&post=60778"},{"taxonomy":"post_tag","embeddable":true,"href":"https:\/\/www.interaccionnoticias.com.mx\/index.php?rest_route=%2Fwp%2Fv2%2Ftags&post=60778"}],"curies":[{"name":"wp","href":"https:\/\/api.w.org\/{rel}","templated":true}]}}