{"id":60717,"date":"2023-04-19T14:27:13","date_gmt":"2023-04-19T19:27:13","guid":{"rendered":"https:\/\/interaccionnoticias.com.mx\/?p=60717"},"modified":"2023-04-19T14:27:17","modified_gmt":"2023-04-19T19:27:17","slug":"priistas-son-feministas-de-conveniencia-no-de-conviccion-dice-representante-de-las-morenas","status":"publish","type":"post","link":"https:\/\/www.interaccionnoticias.com.mx\/?p=60717","title":{"rendered":"Priistas \u201cson feministas de conveniencia, no de convicci\u00f3n\u201d, dice representante de \u201cLas Morenas\u201d"},"content":{"rendered":"\n<p><strong><em>&#8212; La colectiva refiere que solamente levantan la voz cuando los supuestos agresores son militantes de MORENA<\/em><\/strong><\/p>\n\n\n\n<p><strong>Rogelio Agust\u00edn<\/strong><\/p>\n\n\n\n<p>Un grupo de mujeres afines a MORENA defendieron a su dirigente estatal, Jacinto Gonz\u00e1lez Varona ante la denuncia presentada en su contra, por actos presuntamente constitutivos de Violencia Pol\u00edtica en Raz\u00f3n de G\u00e9nero.<\/p>\n\n\n\n<p>\u201cLas MORENAS\u201d, es un colectivo que se asume ideol\u00f3gicamente de izquierda, liderado por Concepci\u00f3n Alarc\u00f3n Catal\u00e1n y su fundadora es Marisol Baz\u00e1n Fern\u00e1ndez.<\/p>\n\n\n\n<p>Se trata de la misma organizaci\u00f3n que denunci\u00f3 ante los \u00f3rganos internos de MORENA al diputado local Alfredo S\u00e1nchez Esquivel, cuando este agredi\u00f3 verbalmente a la presidenta de la Junta de Coordinaci\u00f3n Pol\u00edtica (JUCOPO), Yoloczin Dom\u00ednguez Serna.<\/p>\n\n\n\n<p>\u201cLas priistas que hoy rechazan violencia de g\u00e9nero,<\/p>\n\n\n\n<p>antes fueron c\u00f3mplices\u201d, se\u00f1ala la colectiva en un comunicado difundido la ma\u00f1ana del miercoles.<\/p>\n\n\n\n<p>El escrito est\u00e1 firmado este 19 de abril en el municipio de Ahuacotzingo, en la Monta\u00f1a de Guerrero.<\/p>\n\n\n\n<p>Se\u00f1ala: \u201cLas priistas que hoy critican al presidente estatal de Morena, Jacinto Gonz\u00e1lez Varona, nunca han hecho nada por acompa\u00f1ar las causas de las mujeres, y utilizan el tema de la violencia pol\u00edtica de g\u00e9nero solo para golpear a este partido, que es el \u00fanico que ha realizado acciones concretas en beneficio de las mujeres\u201d.<\/p>\n\n\n\n<p>La declaraci\u00f3n est\u00e1 acreditada a Tereza Nava Alfaro, dirigente del colectivo en la regi\u00f3n Monta\u00f1a, quien sostiene que por el contrario, las denunciantes \u201chan sido c\u00f3mplices de hombres violentadores\u201d.<\/p>\n\n\n\n<p>Detallan lo comentado por el dirigente del partido en la regi\u00f3n de la Vosta Chica: \u201cEl dirigente morenista expres\u00f3 en una actividad con mujeres de ese partido, que la ahora diputada local priista, Gabriela Bernal Res\u00e9ndiz fue la imagen de campa\u00f1a del PRI para el Senado, pero el que lleg\u00f3 a senador fue Manuel A\u00f1orve y no ella. Eso motiv\u00f3 una andanada de ataques en su contra de legisladoras y l\u00edderes priistas, y en defensa de Bernal, argumentando violencia pol\u00edtica de g\u00e9nero\u201d.<\/p>\n\n\n\n<p>Se\u00f1ala que tal vez el dirigente partidista no haya usado las mejores palabras para expresarlo, \u201cpero en realidad solo exhibi\u00f3 una violencia ejercida por un partido pol\u00edtico en contra de una mujer\u201d.<\/p>\n\n\n\n<p>Retom\u00f3 lo expuesto en tribuna por la diputada Beatriz Mojica Morga, cuando record\u00f3 que ella fue victima de violencia pol\u00edtica durante la campa\u00f1a por el Senado, encabezando la alianza PRD-PAN y Bernal Res\u00e9ndiz \u201cfue c\u00f3mplice\u201d de dicha violencia, porque no fij\u00f3 postura en torno a los ataques que recibi\u00f3.<\/p>\n\n\n\n<p>Incluso, Nava Alfaro record\u00f3 que en la LX Legislatura, siendo presidenta de la Jucopo la actual diputada priista Flor A\u00f1orve Ocampo, la \u00fanica diputada que Morena tuvo en el Congreso local era Mar\u00eda de Jes\u00fas Cisneros, quien fue objeto de una constante y p\u00fablica violencia.<\/p>\n\n\n\n<p>\u201cCuando ella hablaba en la tribuna, priistas, perredistas y panistas, encabezados por A\u00f1orve Ocampo, se sal\u00edan del sal\u00f3n de plenos, y desde afuera le gritaban \u201c\u00a1c\u00e1llate chachalaca\u201d.<\/p>\n\n\n\n<p>La representante de la organizaci\u00f3n feminista manifest\u00f3 que estuvo presente en la pl\u00e1tica de Gonz\u00e1lez Varona, cuando este critic\u00f3 a las mujeres priistas, bajo el argumento de que hoy dicen acompa\u00f1ar a las v\u00edctimas de violencia pol\u00edtica, pero solo lo hacen cuando es un hombre de Morena el acusado, \u00b7no as\u00ed cuando es de su propio partido\u201d.<\/p>\n\n\n\n<p>Bajo dicha circunstancia, refiere que la de las mujeres que militan en el PRI \u201cEs conveniencia, no convicci\u00f3n\u201d.<\/p>\n\n\n\n<p>\u201cNo somos tontas, sabemos su juego. Que quede muy claro: no hay feminismo de derecha, el feminismo es de izquierda\u201d, expres\u00f3. Dijo que la derecha \u201csolo se cuelga de este noble movimiento cuando le conviene y \u00fanicamente en el discurso\u201d, indic\u00f3.<\/p>\n","protected":false},"excerpt":{"rendered":"<p>&#8212; La colectiva refiere que solamente levantan la voz cuando los supuestos agresores son militantes de MORENA Rogelio Agust\u00edn Un grupo de mujeres afines a MORENA defendieron a su dirigente&hellip; <\/p>\n","protected":false},"author":21,"featured_media":60718,"comment_status":"open","ping_status":"open","sticky":false,"template":"","format":"standard","meta":{"fifu_image_url":"","fifu_image_alt":"","footnotes":""},"categories":[21],"tags":[],"class_list":["post-60717","post","type-post","status-publish","format-standard","has-post-thumbnail","hentry","category-politica"],"_links":{"self":[{"href":"https:\/\/www.interaccionnoticias.com.mx\/index.php?rest_route=\/wp\/v2\/posts\/60717","targetHints":{"allow":["GET"]}}],"collection":[{"href":"https:\/\/www.interaccionnoticias.com.mx\/index.php?rest_route=\/wp\/v2\/posts"}],"about":[{"href":"https:\/\/www.interaccionnoticias.com.mx\/index.php?rest_route=\/wp\/v2\/types\/post"}],"author":[{"embeddable":true,"href":"https:\/\/www.interaccionnoticias.com.mx\/index.php?rest_route=\/wp\/v2\/users\/21"}],"replies":[{"embeddable":true,"href":"https:\/\/www.interaccionnoticias.com.mx\/index.php?rest_route=%2Fwp%2Fv2%2Fcomments&post=60717"}],"version-history":[{"count":1,"href":"https:\/\/www.interaccionnoticias.com.mx\/index.php?rest_route=\/wp\/v2\/posts\/60717\/revisions"}],"predecessor-version":[{"id":60719,"href":"https:\/\/www.interaccionnoticias.com.mx\/index.php?rest_route=\/wp\/v2\/posts\/60717\/revisions\/60719"}],"wp:featuredmedia":[{"embeddable":true,"href":"https:\/\/www.interaccionnoticias.com.mx\/index.php?rest_route=\/wp\/v2\/media\/60718"}],"wp:attachment":[{"href":"https:\/\/www.interaccionnoticias.com.mx\/index.php?rest_route=%2Fwp%2Fv2%2Fmedia&parent=60717"}],"wp:term":[{"taxonomy":"category","embeddable":true,"href":"https:\/\/www.interaccionnoticias.com.mx\/index.php?rest_route=%2Fwp%2Fv2%2Fcategories&post=60717"},{"taxonomy":"post_tag","embeddable":true,"href":"https:\/\/www.interaccionnoticias.com.mx\/index.php?rest_route=%2Fwp%2Fv2%2Ftags&post=60717"}],"curies":[{"name":"wp","href":"https:\/\/api.w.org\/{rel}","templated":true}]}}