{"id":60714,"date":"2023-04-19T14:23:43","date_gmt":"2023-04-19T19:23:43","guid":{"rendered":"https:\/\/interaccionnoticias.com.mx\/?p=60714"},"modified":"2023-04-19T14:23:48","modified_gmt":"2023-04-19T19:23:48","slug":"antorchistas-asesinados-no-eran-secuestrables-ni-estaban-amenazados-aclara-dirigente-estatal","status":"publish","type":"post","link":"https:\/\/www.interaccionnoticias.com.mx\/?p=60714","title":{"rendered":"Antorchistas asesinados no eran \u201csecuestrables\u201d ni estaban amenazados, aclara dirigente estatal"},"content":{"rendered":"\n<p><em><strong>&#8212; El matrimonio y su peque\u00f1o hijo viv\u00edan de manera muy modesta, asegura Jos\u00e9 Juan Bautista Hern\u00e1ndez<\/strong><\/em><\/p>\n\n\n\n<p><strong>Jes\u00fas Dorantes<\/strong><\/p>\n\n\n\n<p><strong>Chilpancingo, Gro.-<\/strong> El l\u00edder de Antorcha Campesina (AC), Jos\u00e9 Juan Bautista Hern\u00e1ndez sostuvo que dicha organizaci\u00f3n no tiene antecedentes sobre alguna amenaza em contra de sus compa\u00f1eros Conrado Hern\u00e1ndez Mart\u00ednez, Mercedes Mart\u00ednez Mart\u00ednez y su hijo Vladimir, quienes fueron asesinados por desconocidos la semana pasada.<\/p>\n\n\n\n<p>Bautista Hern\u00e1ndez asegur\u00f3 que el matrimonio de dirigentes sociales tampoco pod\u00eda considerarse como \u201csecuestrable\u201d, pues viv\u00edan de una manera muy modesta.<\/p>\n\n\n\n<p>A una semana de que se cometiera el triple homicidio, el dirigente Bautista Hern\u00e1ndez dio a conocer que todav\u00eda no existe alg\u00fan acercamiento con la Fiscal\u00eda General del Estado (FGE), que es la instancia encargada de realizar la investigaci\u00f3n.<\/p>\n\n\n\n<p>Hasta el momento, el \u00fanico avance del que tienen conocimiento, son las diligencias que se realizaron en la comunidad de petaquillas por parte de las autoridades.<\/p>\n\n\n\n<p>Cuestionado sobre si ten\u00eda conocimiento de alguna amenaza o el motivo por el cual pudieron ser asesinados sus compa\u00f1eros, destac\u00f3 que la organizaci\u00f3n no ten\u00eda conocimiento de alg\u00fan antecedente negativo, por lo que la aportaci\u00f3n de cualquier elemento est\u00e1 en manos de las autoridades.<\/p>\n\n\n\n<p>\u201cLos compa\u00f1eros ten\u00edan una vida modesta, no eran secuestrables, no eran extorsionables, por eso estamos exigiendo al gobierno del Estado que aclare esta situaci\u00f3n\u201d, indic\u00f3.<\/p>\n\n\n\n<p>A pregunta expresa sobre la posibilidad de movilizarse en el Estado, con la intenci\u00f3n de exigir justicia, el dirigente de Antorcha Campesina destac\u00f3 que las investigaciones las dej\u00e1ramos a cargo de las autoridades, ya que por el momento solo buscar\u00edan la intervenci\u00f3n pol\u00edtica para agilizar el tema.<\/p>\n\n\n\n<p>Reiter\u00f3 que Antorcha se busca una reuni\u00f3n con la gobernadora Evelyn Salgado Pineda para exponerle el caso, para solicitarle que est\u00e9 pendiente del caso hasta que se llegue a la etapa final.<\/p>\n\n\n\n<p>La tarde del lunes, la dirigencia del movimiento antorchista se reuni\u00f3n con el secretario general de Gobierno, Ludwid Marcial Reynoso N\u00fa\u00f1ez, quien les manifest\u00f3 su compromiso de manetenerse en el seguimiento del asunto, siempre dentro de sus facultades.<\/p>\n","protected":false},"excerpt":{"rendered":"<p>&#8212; El matrimonio y su peque\u00f1o hijo viv\u00edan de manera muy modesta, asegura Jos\u00e9 Juan Bautista Hern\u00e1ndez Jes\u00fas Dorantes Chilpancingo, Gro.- El l\u00edder de Antorcha Campesina (AC), Jos\u00e9 Juan Bautista&hellip; <\/p>\n","protected":false},"author":8,"featured_media":60715,"comment_status":"open","ping_status":"open","sticky":false,"template":"","format":"standard","meta":{"fifu_image_url":"","fifu_image_alt":"","footnotes":""},"categories":[21],"tags":[],"class_list":["post-60714","post","type-post","status-publish","format-standard","has-post-thumbnail","hentry","category-politica"],"_links":{"self":[{"href":"https:\/\/www.interaccionnoticias.com.mx\/index.php?rest_route=\/wp\/v2\/posts\/60714","targetHints":{"allow":["GET"]}}],"collection":[{"href":"https:\/\/www.interaccionnoticias.com.mx\/index.php?rest_route=\/wp\/v2\/posts"}],"about":[{"href":"https:\/\/www.interaccionnoticias.com.mx\/index.php?rest_route=\/wp\/v2\/types\/post"}],"author":[{"embeddable":true,"href":"https:\/\/www.interaccionnoticias.com.mx\/index.php?rest_route=\/wp\/v2\/users\/8"}],"replies":[{"embeddable":true,"href":"https:\/\/www.interaccionnoticias.com.mx\/index.php?rest_route=%2Fwp%2Fv2%2Fcomments&post=60714"}],"version-history":[{"count":1,"href":"https:\/\/www.interaccionnoticias.com.mx\/index.php?rest_route=\/wp\/v2\/posts\/60714\/revisions"}],"predecessor-version":[{"id":60716,"href":"https:\/\/www.interaccionnoticias.com.mx\/index.php?rest_route=\/wp\/v2\/posts\/60714\/revisions\/60716"}],"wp:featuredmedia":[{"embeddable":true,"href":"https:\/\/www.interaccionnoticias.com.mx\/index.php?rest_route=\/wp\/v2\/media\/60715"}],"wp:attachment":[{"href":"https:\/\/www.interaccionnoticias.com.mx\/index.php?rest_route=%2Fwp%2Fv2%2Fmedia&parent=60714"}],"wp:term":[{"taxonomy":"category","embeddable":true,"href":"https:\/\/www.interaccionnoticias.com.mx\/index.php?rest_route=%2Fwp%2Fv2%2Fcategories&post=60714"},{"taxonomy":"post_tag","embeddable":true,"href":"https:\/\/www.interaccionnoticias.com.mx\/index.php?rest_route=%2Fwp%2Fv2%2Ftags&post=60714"}],"curies":[{"name":"wp","href":"https:\/\/api.w.org\/{rel}","templated":true}]}}