{"id":60697,"date":"2023-04-18T21:35:41","date_gmt":"2023-04-19T02:35:41","guid":{"rendered":"https:\/\/interaccionnoticias.com.mx\/?p=60697"},"modified":"2023-04-18T21:35:46","modified_gmt":"2023-04-19T02:35:46","slug":"la-diputada-gabriela-bernal-denuncia-ante-el-iepc-al-dirigente-de-morena-jacinto-gonzalez","status":"publish","type":"post","link":"https:\/\/www.interaccionnoticias.com.mx\/?p=60697","title":{"rendered":"La diputada Gabriela Bernal denuncia ante el IEPC al dirigente de Morena Jacinto Gonz\u00e1lez"},"content":{"rendered":"\n<p><strong><em>&#8212; Por Violencia Pol\u00edtica en Raz\u00f3n de G\u00e9nero<\/em><\/strong><\/p>\n\n\n\n<p><strong>Rosario Garc\u00eda Orozco<\/strong><\/p>\n\n\n\n<p><strong>Chilpancingo, Gro., 18 de abril del 2023.-<\/strong> La diputada local pri\u00edsta Gabriela Bernal Res\u00e9ndiz acudi\u00f3 al Instituto Electoral y de Participaci\u00f3n Ciudadana (IEPC) para interponer una denuncia por Violencia Pol\u00edtica en Raz\u00f3n de G\u00e9nero en contra del dirigente estatal de Morena, Jacinto Gonz\u00e1lez Barona.<\/p>\n\n\n\n<p>Dijo que la denuncia la present\u00f3 no solo por las agresiones verbales que recibi\u00f3 en contra de su persona por parte del tambi\u00e9n legislador local, \u00absino por muchas mujeres del estado de Guerrero, de todos los partidos pol\u00edticos, por eso agradezco mucho a la Red para el Avance Pol\u00edtico de las Mujeres Guerrerenses, y agradezco a mi grupo parlamentario si apoyo y si presencia\u00bb.<\/p>\n\n\n\n<p>Cabe recordar que el fin de semana pasado en un evento de su partido, el dirigente estatal de Morena mencion\u00f3 que dijo de la diputada Babriela Bernal, \u00abse acuerdan que le pusieron un huipil, y la colocaron en to dedos los espectaculares para utilizar la cara bonita, la imagen bonita, pero atr\u00e1s de ella era Choky, Manuel A\u00f1orve, quien iba a ser el senador\u00bb.<\/p>\n\n\n\n<p>Al respecto, la legisladora, acompa\u00f1ada por 9 de sus 10 compa\u00f1eros diputados sostuvo que \u00abesto no va a calllar nuestra voz, nunca m\u00e1s un agresor tendr\u00e1 la comodidad de nuestro silencio, quien quiera callar a las mujeres a trav\u00e9s de denostaciones no lo va a conseguir, porque seguiremos levantando la voz para que acciones afirmativas como las que se han conquistado sigan siendo para el avance de los grupos m\u00e1s vulnerables\u00bb.<\/p>\n\n\n\n<p>Asegur\u00f3 que su denuncia es un precedente, y confi\u00f3 que le tom\u00f3 la palabra a la diputada Beatriz Mojica, qui\u00e9n le recomend\u00f3 que acudiera a las instancias electorales para interponer si denuncia.<\/p>\n\n\n\n<p>\u00abQue ning\u00fan agresor llegue al poder y hoy te digo, Jacinto Gonz\u00e1lez Varona, no tendr\u00e1s la comodidad de nuestro silencio, y que se encarguen las instituciones correspondientes de dar las sanciones a quien le corresponda\u00bb.<\/p>\n\n\n\n<p>Finalmente dijo la legisladora pri\u00edsta, \u00abesper\u00e1bamos una disculpa p\u00fablica, pero por lo visto le hace falta lo que a nosotras nos sobra\u00bb.<\/p>\n\n\n\n<div class=\"wp-block-jetpack-slideshow aligncenter\" data-effect=\"slide\"><div class=\"wp-block-jetpack-slideshow_container swiper-container\"><ul class=\"wp-block-jetpack-slideshow_swiper-wrapper swiper-wrapper\"><li class=\"wp-block-jetpack-slideshow_slide swiper-slide\"><figure><img decoding=\"async\" src=\"data:image\/gif;base64,R0lGODlhAQABAIAAAAAAAP\/\/\/ywAAAAAAQABAAACAUwAOw==\" fifu-lazy=\"1\" fifu-data-sizes=\"auto\" fifu-data-srcset=\"https:\/\/i2.wp.com\/interaccionnoticias.com.mx\/wp-content\/uploads\/2023\/04\/230418-Gabriela-Bernal-2-1024x683.jpg?ssl=1&w=75&resize=75&ssl=1 75w, https:\/\/i2.wp.com\/interaccionnoticias.com.mx\/wp-content\/uploads\/2023\/04\/230418-Gabriela-Bernal-2-1024x683.jpg?ssl=1&w=100&resize=100&ssl=1 100w, https:\/\/i2.wp.com\/interaccionnoticias.com.mx\/wp-content\/uploads\/2023\/04\/230418-Gabriela-Bernal-2-1024x683.jpg?ssl=1&w=150&resize=150&ssl=1 150w, https:\/\/i2.wp.com\/interaccionnoticias.com.mx\/wp-content\/uploads\/2023\/04\/230418-Gabriela-Bernal-2-1024x683.jpg?ssl=1&w=240&resize=240&ssl=1 240w, https:\/\/i2.wp.com\/interaccionnoticias.com.mx\/wp-content\/uploads\/2023\/04\/230418-Gabriela-Bernal-2-1024x683.jpg?ssl=1&w=320&resize=320&ssl=1 320w, https:\/\/i2.wp.com\/interaccionnoticias.com.mx\/wp-content\/uploads\/2023\/04\/230418-Gabriela-Bernal-2-1024x683.jpg?ssl=1&w=500&resize=500&ssl=1 500w, https:\/\/i2.wp.com\/interaccionnoticias.com.mx\/wp-content\/uploads\/2023\/04\/230418-Gabriela-Bernal-2-1024x683.jpg?ssl=1&w=640&resize=640&ssl=1 640w, https:\/\/i2.wp.com\/interaccionnoticias.com.mx\/wp-content\/uploads\/2023\/04\/230418-Gabriela-Bernal-2-1024x683.jpg?ssl=1&w=800&resize=800&ssl=1 800w, https:\/\/i2.wp.com\/interaccionnoticias.com.mx\/wp-content\/uploads\/2023\/04\/230418-Gabriela-Bernal-2-1024x683.jpg?ssl=1&w=1024&resize=1024&ssl=1 1024w, https:\/\/i2.wp.com\/interaccionnoticias.com.mx\/wp-content\/uploads\/2023\/04\/230418-Gabriela-Bernal-2-1024x683.jpg?ssl=1&w=1280&resize=1280&ssl=1 1280w, https:\/\/i2.wp.com\/interaccionnoticias.com.mx\/wp-content\/uploads\/2023\/04\/230418-Gabriela-Bernal-2-1024x683.jpg?ssl=1&w=1600&resize=1600&ssl=1 1600w\" alt=\"\" class=\"wp-block-jetpack-slideshow_image wp-image-60698\" data-id=\"60698\" fifu-data-src=\"https:\/\/i2.wp.com\/interaccionnoticias.com.mx\/wp-content\/uploads\/2023\/04\/230418-Gabriela-Bernal-2-1024x683.jpg?ssl=1\"\/><\/figure><\/li><li class=\"wp-block-jetpack-slideshow_slide swiper-slide\"><figure><img decoding=\"async\" src=\"data:image\/gif;base64,R0lGODlhAQABAIAAAAAAAP\/\/\/ywAAAAAAQABAAACAUwAOw==\" fifu-lazy=\"1\" fifu-data-sizes=\"auto\" fifu-data-srcset=\"https:\/\/i1.wp.com\/interaccionnoticias.com.mx\/wp-content\/uploads\/2023\/04\/230418-Gabriela-Bernal-1-1024x683.jpg?ssl=1&w=75&resize=75&ssl=1 75w, https:\/\/i1.wp.com\/interaccionnoticias.com.mx\/wp-content\/uploads\/2023\/04\/230418-Gabriela-Bernal-1-1024x683.jpg?ssl=1&w=100&resize=100&ssl=1 100w, https:\/\/i1.wp.com\/interaccionnoticias.com.mx\/wp-content\/uploads\/2023\/04\/230418-Gabriela-Bernal-1-1024x683.jpg?ssl=1&w=150&resize=150&ssl=1 150w, https:\/\/i1.wp.com\/interaccionnoticias.com.mx\/wp-content\/uploads\/2023\/04\/230418-Gabriela-Bernal-1-1024x683.jpg?ssl=1&w=240&resize=240&ssl=1 240w, https:\/\/i1.wp.com\/interaccionnoticias.com.mx\/wp-content\/uploads\/2023\/04\/230418-Gabriela-Bernal-1-1024x683.jpg?ssl=1&w=320&resize=320&ssl=1 320w, https:\/\/i1.wp.com\/interaccionnoticias.com.mx\/wp-content\/uploads\/2023\/04\/230418-Gabriela-Bernal-1-1024x683.jpg?ssl=1&w=500&resize=500&ssl=1 500w, https:\/\/i1.wp.com\/interaccionnoticias.com.mx\/wp-content\/uploads\/2023\/04\/230418-Gabriela-Bernal-1-1024x683.jpg?ssl=1&w=640&resize=640&ssl=1 640w, https:\/\/i1.wp.com\/interaccionnoticias.com.mx\/wp-content\/uploads\/2023\/04\/230418-Gabriela-Bernal-1-1024x683.jpg?ssl=1&w=800&resize=800&ssl=1 800w, https:\/\/i1.wp.com\/interaccionnoticias.com.mx\/wp-content\/uploads\/2023\/04\/230418-Gabriela-Bernal-1-1024x683.jpg?ssl=1&w=1024&resize=1024&ssl=1 1024w, https:\/\/i1.wp.com\/interaccionnoticias.com.mx\/wp-content\/uploads\/2023\/04\/230418-Gabriela-Bernal-1-1024x683.jpg?ssl=1&w=1280&resize=1280&ssl=1 1280w, https:\/\/i1.wp.com\/interaccionnoticias.com.mx\/wp-content\/uploads\/2023\/04\/230418-Gabriela-Bernal-1-1024x683.jpg?ssl=1&w=1600&resize=1600&ssl=1 1600w\" alt=\"\" class=\"wp-block-jetpack-slideshow_image wp-image-60699\" data-id=\"60699\" fifu-data-src=\"https:\/\/i1.wp.com\/interaccionnoticias.com.mx\/wp-content\/uploads\/2023\/04\/230418-Gabriela-Bernal-1-1024x683.jpg?ssl=1\"\/><\/figure><\/li><\/ul><a class=\"wp-block-jetpack-slideshow_button-prev swiper-button-prev swiper-button-white\" role=\"button\"><\/a><a class=\"wp-block-jetpack-slideshow_button-next swiper-button-next swiper-button-white\" role=\"button\"><\/a><a aria-label=\"Pause Slideshow\" class=\"wp-block-jetpack-slideshow_button-pause\" role=\"button\"><\/a><div class=\"wp-block-jetpack-slideshow_pagination swiper-pagination swiper-pagination-white\"><\/div><\/div><\/div>\n","protected":false},"excerpt":{"rendered":"<p>&#8212; Por Violencia Pol\u00edtica en Raz\u00f3n de G\u00e9nero Rosario Garc\u00eda Orozco Chilpancingo, Gro., 18 de abril del 2023.- La diputada local pri\u00edsta Gabriela Bernal Res\u00e9ndiz acudi\u00f3 al Instituto Electoral y&hellip; <\/p>\n","protected":false},"author":14,"featured_media":60699,"comment_status":"open","ping_status":"open","sticky":false,"template":"","format":"standard","meta":{"fifu_image_url":"","fifu_image_alt":"","footnotes":""},"categories":[21],"tags":[],"class_list":["post-60697","post","type-post","status-publish","format-standard","has-post-thumbnail","hentry","category-politica"],"_links":{"self":[{"href":"https:\/\/www.interaccionnoticias.com.mx\/index.php?rest_route=\/wp\/v2\/posts\/60697","targetHints":{"allow":["GET"]}}],"collection":[{"href":"https:\/\/www.interaccionnoticias.com.mx\/index.php?rest_route=\/wp\/v2\/posts"}],"about":[{"href":"https:\/\/www.interaccionnoticias.com.mx\/index.php?rest_route=\/wp\/v2\/types\/post"}],"author":[{"embeddable":true,"href":"https:\/\/www.interaccionnoticias.com.mx\/index.php?rest_route=\/wp\/v2\/users\/14"}],"replies":[{"embeddable":true,"href":"https:\/\/www.interaccionnoticias.com.mx\/index.php?rest_route=%2Fwp%2Fv2%2Fcomments&post=60697"}],"version-history":[{"count":1,"href":"https:\/\/www.interaccionnoticias.com.mx\/index.php?rest_route=\/wp\/v2\/posts\/60697\/revisions"}],"predecessor-version":[{"id":60700,"href":"https:\/\/www.interaccionnoticias.com.mx\/index.php?rest_route=\/wp\/v2\/posts\/60697\/revisions\/60700"}],"wp:featuredmedia":[{"embeddable":true,"href":"https:\/\/www.interaccionnoticias.com.mx\/index.php?rest_route=\/wp\/v2\/media\/60699"}],"wp:attachment":[{"href":"https:\/\/www.interaccionnoticias.com.mx\/index.php?rest_route=%2Fwp%2Fv2%2Fmedia&parent=60697"}],"wp:term":[{"taxonomy":"category","embeddable":true,"href":"https:\/\/www.interaccionnoticias.com.mx\/index.php?rest_route=%2Fwp%2Fv2%2Fcategories&post=60697"},{"taxonomy":"post_tag","embeddable":true,"href":"https:\/\/www.interaccionnoticias.com.mx\/index.php?rest_route=%2Fwp%2Fv2%2Ftags&post=60697"}],"curies":[{"name":"wp","href":"https:\/\/api.w.org\/{rel}","templated":true}]}}