{"id":60692,"date":"2023-04-18T20:50:56","date_gmt":"2023-04-19T01:50:56","guid":{"rendered":"https:\/\/interaccionnoticias.com.mx\/?p=60692"},"modified":"2023-04-18T20:51:00","modified_gmt":"2023-04-19T01:51:00","slug":"se-disculpa-dirigente-de-morena-guerrero-con-diputada-local-del-pri","status":"publish","type":"post","link":"https:\/\/www.interaccionnoticias.com.mx\/?p=60692","title":{"rendered":"Se disculpa dirigente de MORENA-Guerrero con diputada local del PRI"},"content":{"rendered":"\n<p><strong><em>&#8212; Pero aclara que sus palabras fueron sacadas de contexto<br>&#8212; Jacinto Gonz\u00e1lez Varona sostiene que nunca ha sido irrespetuosa con sus compa\u00f1era de la 63 Legislatura<\/em><\/strong><\/p>\n\n\n\n<p><strong>Rogelio Agust\u00edn<\/strong><\/p>\n\n\n\n<p>\u201cMe disculpo si la descontextualizaci\u00f3n de mis palabras agraviaron a mi amiga y compa\u00f1era, diputada Gabriela Bernal\u201d, dijo en un comunicado el dirigente estatal de MORENA, Jacinto Gonz\u00e1lez Varona.<\/p>\n\n\n\n<p>Casi en los momentos en que la legisladora del PRI presentaba una denuncia por Violencia Pol\u00edtica en Raz\u00f3n de G\u00e9nero ante el Instituto Electoral y Participaci\u00f3n Ciudadana (IEPC), el diputado Gonz\u00e1lez Varona coloc\u00f3 en sus redes sociales un comunicado, en el que hace alusi\u00f3n al tema.<\/p>\n\n\n\n<p>De inicio se\u00f1ala que no es partidario de las confrontaciones medi\u00e1ticas, raz\u00f3n por la cual no ha emitido declaraciones \u201cque contribuyan al escarnio p\u00fablico\u201d.<\/p>\n\n\n\n<p>Explic\u00f3 que el debate de este mi\u00e9rcoles, deriva de la circulaci\u00f3n de un video grabado en una reuni\u00f3n privada con mujeres que militan o simpatizan con MORENA.<\/p>\n\n\n\n<p>Asegura que lo comentado en dicho video fue sacado de contexto, de ah\u00ed que se le hayan atribuido actos constitutivos de violencia pol\u00edtica \u201cen contra de una compa\u00f1era legisladora\u201d.<\/p>\n\n\n\n<p>Indic\u00f3 que siempre se ha manejado con respeto y honestidad hacia sus compa\u00f1eras diputadas, por lo que en ning\u00fan momento ha tratado de generar alg\u00fan tipo de molestia.<\/p>\n\n\n\n<p>Por eso reproch\u00f3: \u201cLamento profundamente que se utilicen mis palabras de forma err\u00f3nea y se me se\u00f1ale como una persona sin valores e irrespetuosa con las mujeres\u201d.<\/p>\n\n\n\n<p>Luego plantea: \u201cMe disculpo si la descontextualizaci\u00f3n de mis palabras agraviaron a mi amiga y compa\u00f1era diputada Gabriela Bernal, a quien le he reconocido de forma personal y publica su capacidad y aportes legislativos para lograr mejores condiciones de vida para las mujeres de nuestro Estado\u201d.<\/p>\n\n\n\n<p>Luego se dirige a los militantes y simpatizantes de MORENA para trabajar a favor de una mayor inclusi\u00f3n social, de pleno ejercicio de los derechos de todas y de todos.<br>Manifiesta adem\u00e1s, que el compromiso es fortalecer los valores democr\u00e1ticos, pol\u00edticos y sociales, salvaguardando en todo momento la integridad y derechos a favor de las mujeres y de los sectores prioritarios.<br><\/p>\n\n\n\n<div class=\"wp-block-jetpack-slideshow aligncenter\" data-effect=\"slide\"><div class=\"wp-block-jetpack-slideshow_container swiper-container\"><ul class=\"wp-block-jetpack-slideshow_swiper-wrapper swiper-wrapper\"><li class=\"wp-block-jetpack-slideshow_slide swiper-slide\"><figure><img decoding=\"async\" src=\"data:image\/gif;base64,R0lGODlhAQABAIAAAAAAAP\/\/\/ywAAAAAAQABAAACAUwAOw==\" fifu-lazy=\"1\" fifu-data-sizes=\"auto\" fifu-data-srcset=\"https:\/\/i1.wp.com\/interaccionnoticias.com.mx\/wp-content\/uploads\/2023\/04\/IMG-20230418-WA0024-791x1024.jpg?ssl=1&w=75&resize=75&ssl=1 75w, https:\/\/i1.wp.com\/interaccionnoticias.com.mx\/wp-content\/uploads\/2023\/04\/IMG-20230418-WA0024-791x1024.jpg?ssl=1&w=100&resize=100&ssl=1 100w, https:\/\/i1.wp.com\/interaccionnoticias.com.mx\/wp-content\/uploads\/2023\/04\/IMG-20230418-WA0024-791x1024.jpg?ssl=1&w=150&resize=150&ssl=1 150w, https:\/\/i1.wp.com\/interaccionnoticias.com.mx\/wp-content\/uploads\/2023\/04\/IMG-20230418-WA0024-791x1024.jpg?ssl=1&w=240&resize=240&ssl=1 240w, https:\/\/i1.wp.com\/interaccionnoticias.com.mx\/wp-content\/uploads\/2023\/04\/IMG-20230418-WA0024-791x1024.jpg?ssl=1&w=320&resize=320&ssl=1 320w, https:\/\/i1.wp.com\/interaccionnoticias.com.mx\/wp-content\/uploads\/2023\/04\/IMG-20230418-WA0024-791x1024.jpg?ssl=1&w=500&resize=500&ssl=1 500w, https:\/\/i1.wp.com\/interaccionnoticias.com.mx\/wp-content\/uploads\/2023\/04\/IMG-20230418-WA0024-791x1024.jpg?ssl=1&w=640&resize=640&ssl=1 640w, https:\/\/i1.wp.com\/interaccionnoticias.com.mx\/wp-content\/uploads\/2023\/04\/IMG-20230418-WA0024-791x1024.jpg?ssl=1&w=800&resize=800&ssl=1 800w, https:\/\/i1.wp.com\/interaccionnoticias.com.mx\/wp-content\/uploads\/2023\/04\/IMG-20230418-WA0024-791x1024.jpg?ssl=1&w=1024&resize=1024&ssl=1 1024w, https:\/\/i1.wp.com\/interaccionnoticias.com.mx\/wp-content\/uploads\/2023\/04\/IMG-20230418-WA0024-791x1024.jpg?ssl=1&w=1280&resize=1280&ssl=1 1280w, https:\/\/i1.wp.com\/interaccionnoticias.com.mx\/wp-content\/uploads\/2023\/04\/IMG-20230418-WA0024-791x1024.jpg?ssl=1&w=1600&resize=1600&ssl=1 1600w\" alt=\"\" class=\"wp-block-jetpack-slideshow_image wp-image-60693\" data-id=\"60693\" fifu-data-src=\"https:\/\/i1.wp.com\/interaccionnoticias.com.mx\/wp-content\/uploads\/2023\/04\/IMG-20230418-WA0024-791x1024.jpg?ssl=1\"\/><\/figure><\/li><li class=\"wp-block-jetpack-slideshow_slide swiper-slide\"><figure><img decoding=\"async\" src=\"data:image\/gif;base64,R0lGODlhAQABAIAAAAAAAP\/\/\/ywAAAAAAQABAAACAUwAOw==\" fifu-lazy=\"1\" fifu-data-sizes=\"auto\" fifu-data-srcset=\"https:\/\/i1.wp.com\/interaccionnoticias.com.mx\/wp-content\/uploads\/2023\/04\/IMG-20230418-WA0025-790x1024.jpg?ssl=1&w=75&resize=75&ssl=1 75w, https:\/\/i1.wp.com\/interaccionnoticias.com.mx\/wp-content\/uploads\/2023\/04\/IMG-20230418-WA0025-790x1024.jpg?ssl=1&w=100&resize=100&ssl=1 100w, https:\/\/i1.wp.com\/interaccionnoticias.com.mx\/wp-content\/uploads\/2023\/04\/IMG-20230418-WA0025-790x1024.jpg?ssl=1&w=150&resize=150&ssl=1 150w, https:\/\/i1.wp.com\/interaccionnoticias.com.mx\/wp-content\/uploads\/2023\/04\/IMG-20230418-WA0025-790x1024.jpg?ssl=1&w=240&resize=240&ssl=1 240w, https:\/\/i1.wp.com\/interaccionnoticias.com.mx\/wp-content\/uploads\/2023\/04\/IMG-20230418-WA0025-790x1024.jpg?ssl=1&w=320&resize=320&ssl=1 320w, https:\/\/i1.wp.com\/interaccionnoticias.com.mx\/wp-content\/uploads\/2023\/04\/IMG-20230418-WA0025-790x1024.jpg?ssl=1&w=500&resize=500&ssl=1 500w, https:\/\/i1.wp.com\/interaccionnoticias.com.mx\/wp-content\/uploads\/2023\/04\/IMG-20230418-WA0025-790x1024.jpg?ssl=1&w=640&resize=640&ssl=1 640w, https:\/\/i1.wp.com\/interaccionnoticias.com.mx\/wp-content\/uploads\/2023\/04\/IMG-20230418-WA0025-790x1024.jpg?ssl=1&w=800&resize=800&ssl=1 800w, https:\/\/i1.wp.com\/interaccionnoticias.com.mx\/wp-content\/uploads\/2023\/04\/IMG-20230418-WA0025-790x1024.jpg?ssl=1&w=1024&resize=1024&ssl=1 1024w, https:\/\/i1.wp.com\/interaccionnoticias.com.mx\/wp-content\/uploads\/2023\/04\/IMG-20230418-WA0025-790x1024.jpg?ssl=1&w=1280&resize=1280&ssl=1 1280w, https:\/\/i1.wp.com\/interaccionnoticias.com.mx\/wp-content\/uploads\/2023\/04\/IMG-20230418-WA0025-790x1024.jpg?ssl=1&w=1600&resize=1600&ssl=1 1600w\" alt=\"\" class=\"wp-block-jetpack-slideshow_image wp-image-60694\" data-id=\"60694\" fifu-data-src=\"https:\/\/i1.wp.com\/interaccionnoticias.com.mx\/wp-content\/uploads\/2023\/04\/IMG-20230418-WA0025-790x1024.jpg?ssl=1\"\/><\/figure><\/li><\/ul><a class=\"wp-block-jetpack-slideshow_button-prev swiper-button-prev swiper-button-white\" role=\"button\"><\/a><a class=\"wp-block-jetpack-slideshow_button-next swiper-button-next swiper-button-white\" role=\"button\"><\/a><a aria-label=\"Pause Slideshow\" class=\"wp-block-jetpack-slideshow_button-pause\" role=\"button\"><\/a><div class=\"wp-block-jetpack-slideshow_pagination swiper-pagination swiper-pagination-white\"><\/div><\/div><\/div>\n","protected":false},"excerpt":{"rendered":"<p>&#8212; Pero aclara que sus palabras fueron sacadas de contexto&#8212; Jacinto Gonz\u00e1lez Varona sostiene que nunca ha sido irrespetuosa con sus compa\u00f1era de la 63 Legislatura Rogelio Agust\u00edn \u201cMe disculpo&hellip; <\/p>\n","protected":false},"author":21,"featured_media":60695,"comment_status":"open","ping_status":"open","sticky":false,"template":"","format":"standard","meta":{"fifu_image_url":"","fifu_image_alt":"","footnotes":""},"categories":[21],"tags":[],"class_list":["post-60692","post","type-post","status-publish","format-standard","has-post-thumbnail","hentry","category-politica"],"_links":{"self":[{"href":"https:\/\/www.interaccionnoticias.com.mx\/index.php?rest_route=\/wp\/v2\/posts\/60692","targetHints":{"allow":["GET"]}}],"collection":[{"href":"https:\/\/www.interaccionnoticias.com.mx\/index.php?rest_route=\/wp\/v2\/posts"}],"about":[{"href":"https:\/\/www.interaccionnoticias.com.mx\/index.php?rest_route=\/wp\/v2\/types\/post"}],"author":[{"embeddable":true,"href":"https:\/\/www.interaccionnoticias.com.mx\/index.php?rest_route=\/wp\/v2\/users\/21"}],"replies":[{"embeddable":true,"href":"https:\/\/www.interaccionnoticias.com.mx\/index.php?rest_route=%2Fwp%2Fv2%2Fcomments&post=60692"}],"version-history":[{"count":1,"href":"https:\/\/www.interaccionnoticias.com.mx\/index.php?rest_route=\/wp\/v2\/posts\/60692\/revisions"}],"predecessor-version":[{"id":60696,"href":"https:\/\/www.interaccionnoticias.com.mx\/index.php?rest_route=\/wp\/v2\/posts\/60692\/revisions\/60696"}],"wp:featuredmedia":[{"embeddable":true,"href":"https:\/\/www.interaccionnoticias.com.mx\/index.php?rest_route=\/wp\/v2\/media\/60695"}],"wp:attachment":[{"href":"https:\/\/www.interaccionnoticias.com.mx\/index.php?rest_route=%2Fwp%2Fv2%2Fmedia&parent=60692"}],"wp:term":[{"taxonomy":"category","embeddable":true,"href":"https:\/\/www.interaccionnoticias.com.mx\/index.php?rest_route=%2Fwp%2Fv2%2Fcategories&post=60692"},{"taxonomy":"post_tag","embeddable":true,"href":"https:\/\/www.interaccionnoticias.com.mx\/index.php?rest_route=%2Fwp%2Fv2%2Ftags&post=60692"}],"curies":[{"name":"wp","href":"https:\/\/api.w.org\/{rel}","templated":true}]}}