{"id":60520,"date":"2023-04-16T19:28:31","date_gmt":"2023-04-17T00:28:31","guid":{"rendered":"https:\/\/interaccionnoticias.com.mx\/?p=60520"},"modified":"2023-04-16T19:28:37","modified_gmt":"2023-04-17T00:28:37","slug":"despiden-a-hanna-con-homenaje-en-proteccion-civil-fue-una-perrita-entrenada-para-resistir-el-dolor-y-ayudar-a-la-gente","status":"publish","type":"post","link":"https:\/\/www.interaccionnoticias.com.mx\/?p=60520","title":{"rendered":"Despiden a Hanna con homenaje en Protecci\u00f3n Civil \u201cfue una perrita entrenada para resistir el dolor y ayudar a la gente\u201d"},"content":{"rendered":"\n<p><strong><em>&#8212; Durante 8 a\u00f1os de servicio en Protecci\u00f3n Civil, atendi\u00f3 a ientos de ni\u00f1os con caninoterapia<br>&#8212; En un a\u00f1o se jubilar\u00eda, para ir a un hogar de adopci\u00f3n<\/em><\/strong><\/p>\n\n\n\n<p><strong>Jes\u00fas Dorantes<\/strong><\/p>\n\n\n\n<p><strong>Chilpancingo, Gro.-<\/strong> En un peque\u00f1o f\u00e9retro de color blanco, Hanna recibi\u00f3 el \u00faltimo adi\u00f3s por parte de sus compa\u00f1eros caninos y brigadistas de la Secretar\u00eda de Gesti\u00f3n Integral de Riesgos y Protecci\u00f3n Civil, tras ocho a\u00f1os de ayudar de cientos de ni\u00f1os por medio de la caninoterapia.<\/p>\n\n\n\n<p>El domingo 16 de abril, en las instalaciones que se ubican sobre la lateral del boulevard Ren\u00e9 Ju\u00e1rez Cisneros, en los sentidos norte-sur, Hanna recibi\u00f3 el homenaje que se la dar\u00eda a cualquier compa\u00f1ero de la corporaci\u00f3n.<\/p>\n\n\n\n<p>En la rotonda de los ca\u00eddos en servicio, se coloco su ata\u00fad con una foto al frente y la primera guardia de honor fue realizada por cuatro de sus compa\u00f1eros caninos, adem\u00e1s de el \u00faltimo pase de lista de toda la unidad canina.<\/p>\n\n\n\n<p>A diferencia de otras ceremonias no toco la banda de guerra y tampoco las sirenas de las unidades para evitar lastimar los odios de los caninos.<\/p>\n\n\n\n<p><strong>-Hanna fue entrenada para soportar dolor<\/strong><\/p>\n\n\n\n<p>Durante cuatro a\u00f1os, Hanna, un ejemplar de raza Golden Retriver color crema \u2013 oro, fue compa\u00f1era del instructor Abel Gonz\u00e1lez V\u00e1zquez, quien ahora es encargado de la Unidad Canina de Protecci\u00f3n Civil, \u00e9l la recuerda como una de las mejores en la especialidad de caninoterapia.<\/p>\n\n\n\n<p>Desde el 2015, cuando naci\u00f3, ya formaba parte de Protecci\u00f3n Civil y comenz\u00f3 su adiestramiento que dur\u00f3 ocho meses, posteriormente dio atenciones en los municipios de Huamuxtitlan, Cochoapa el Grande y Zihuatanejo entre otros m\u00e1s.<\/p>\n\n\n\n<p>Abel Gonz\u00e1lez refiere que Hanna atendi\u00f3 a muchas personas tras el confinamiento impuesto por la pandemia de Covid-19, por el estr\u00e9s que caus\u00f3 a ni\u00f1os y adolescentes.<\/p>\n\n\n\n<p>Al ser pacientes con s\u00edndrome de down, autismo y dificultades motrices, su adiestramiento consist\u00eda en soportar el dolor y tener respuestas amigables con los pacientes, \u00abElla ten\u00eda que soportar dolor, porque aveces un ni\u00f1o con autismo por ejemplo su estado de \u00e1nimo cambia y puede tener movimientos bruscos, por lo que se trabaj\u00f3 para que ella no lo viera como agresi\u00f3n\u00bb.<\/p>\n\n\n\n<p>Pese a lo dif\u00edcil que pudiera ser su labor su compa\u00f1ero de cuatro a\u00f1os asegura que nunca fall\u00f3.<\/p>\n\n\n\n<p><strong>Estaba a un a\u00f1o de su jubilaci\u00f3n<\/strong><\/p>\n\n\n\n<p>La vida laboral de un perro con el adiestramiento de Hanna es de nueve a\u00f1os, una vez que se cumplen es dada en adopci\u00f3n a una familia que cumpla los requisitos necesarios para darle tiempo, alimentaci\u00f3n, hogar y cuidados adecuados.<\/p>\n\n\n\n<p>Sin embargo, hace a\u00f1os se le diagnostico un problema de cardiopat\u00eda y al no tener un veterinario de planta en la secretaria, no se pudo dar siguiendo al tratamientro.<\/p>\n\n\n\n<p>Con el paso del tiempo Hanna comenz\u00f3 a presentar problemas en los ri\u00f1ones y hace seis meses fue atendida por una veterinaria del Zool\u00f3gico de Chilpancingo.<\/p>\n\n\n\n<p>Cinco d\u00edas antes de que falleciera, se le detecto una infecci\u00f3n en el o\u00eddo, la que se atendi\u00f3 pero con el paso de los d\u00edas dej\u00f3 de comer, por lo que sus compa\u00f1eros la alimentaban con papilla directamente en la boca, hasta que lamentable falleci\u00f3.<\/p>\n\n\n\n<div class=\"wp-block-jetpack-slideshow aligncenter\" data-effect=\"slide\"><div class=\"wp-block-jetpack-slideshow_container swiper-container\"><ul class=\"wp-block-jetpack-slideshow_swiper-wrapper swiper-wrapper\"><li class=\"wp-block-jetpack-slideshow_slide swiper-slide\"><figure><img decoding=\"async\" src=\"data:image\/gif;base64,R0lGODlhAQABAIAAAAAAAP\/\/\/ywAAAAAAQABAAACAUwAOw==\" fifu-lazy=\"1\" fifu-data-sizes=\"auto\" fifu-data-srcset=\"https:\/\/i3.wp.com\/interaccionnoticias.com.mx\/wp-content\/uploads\/2023\/04\/230416-Despiden-a-Hanna-2-1024x683.jpg?ssl=1&w=75&resize=75&ssl=1 75w, https:\/\/i3.wp.com\/interaccionnoticias.com.mx\/wp-content\/uploads\/2023\/04\/230416-Despiden-a-Hanna-2-1024x683.jpg?ssl=1&w=100&resize=100&ssl=1 100w, https:\/\/i3.wp.com\/interaccionnoticias.com.mx\/wp-content\/uploads\/2023\/04\/230416-Despiden-a-Hanna-2-1024x683.jpg?ssl=1&w=150&resize=150&ssl=1 150w, https:\/\/i3.wp.com\/interaccionnoticias.com.mx\/wp-content\/uploads\/2023\/04\/230416-Despiden-a-Hanna-2-1024x683.jpg?ssl=1&w=240&resize=240&ssl=1 240w, https:\/\/i3.wp.com\/interaccionnoticias.com.mx\/wp-content\/uploads\/2023\/04\/230416-Despiden-a-Hanna-2-1024x683.jpg?ssl=1&w=320&resize=320&ssl=1 320w, https:\/\/i3.wp.com\/interaccionnoticias.com.mx\/wp-content\/uploads\/2023\/04\/230416-Despiden-a-Hanna-2-1024x683.jpg?ssl=1&w=500&resize=500&ssl=1 500w, https:\/\/i3.wp.com\/interaccionnoticias.com.mx\/wp-content\/uploads\/2023\/04\/230416-Despiden-a-Hanna-2-1024x683.jpg?ssl=1&w=640&resize=640&ssl=1 640w, https:\/\/i3.wp.com\/interaccionnoticias.com.mx\/wp-content\/uploads\/2023\/04\/230416-Despiden-a-Hanna-2-1024x683.jpg?ssl=1&w=800&resize=800&ssl=1 800w, https:\/\/i3.wp.com\/interaccionnoticias.com.mx\/wp-content\/uploads\/2023\/04\/230416-Despiden-a-Hanna-2-1024x683.jpg?ssl=1&w=1024&resize=1024&ssl=1 1024w, https:\/\/i3.wp.com\/interaccionnoticias.com.mx\/wp-content\/uploads\/2023\/04\/230416-Despiden-a-Hanna-2-1024x683.jpg?ssl=1&w=1280&resize=1280&ssl=1 1280w, https:\/\/i3.wp.com\/interaccionnoticias.com.mx\/wp-content\/uploads\/2023\/04\/230416-Despiden-a-Hanna-2-1024x683.jpg?ssl=1&w=1600&resize=1600&ssl=1 1600w\" alt=\"\" class=\"wp-block-jetpack-slideshow_image wp-image-60521\" data-id=\"60521\" fifu-data-src=\"https:\/\/i3.wp.com\/interaccionnoticias.com.mx\/wp-content\/uploads\/2023\/04\/230416-Despiden-a-Hanna-2-1024x683.jpg?ssl=1\"\/><\/figure><\/li><li class=\"wp-block-jetpack-slideshow_slide swiper-slide\"><figure><img decoding=\"async\" src=\"data:image\/gif;base64,R0lGODlhAQABAIAAAAAAAP\/\/\/ywAAAAAAQABAAACAUwAOw==\" fifu-lazy=\"1\" fifu-data-sizes=\"auto\" fifu-data-srcset=\"https:\/\/i0.wp.com\/interaccionnoticias.com.mx\/wp-content\/uploads\/2023\/04\/230416-Despiden-a-Hanna-1-1024x683.jpg?ssl=1&w=75&resize=75&ssl=1 75w, https:\/\/i0.wp.com\/interaccionnoticias.com.mx\/wp-content\/uploads\/2023\/04\/230416-Despiden-a-Hanna-1-1024x683.jpg?ssl=1&w=100&resize=100&ssl=1 100w, https:\/\/i0.wp.com\/interaccionnoticias.com.mx\/wp-content\/uploads\/2023\/04\/230416-Despiden-a-Hanna-1-1024x683.jpg?ssl=1&w=150&resize=150&ssl=1 150w, https:\/\/i0.wp.com\/interaccionnoticias.com.mx\/wp-content\/uploads\/2023\/04\/230416-Despiden-a-Hanna-1-1024x683.jpg?ssl=1&w=240&resize=240&ssl=1 240w, https:\/\/i0.wp.com\/interaccionnoticias.com.mx\/wp-content\/uploads\/2023\/04\/230416-Despiden-a-Hanna-1-1024x683.jpg?ssl=1&w=320&resize=320&ssl=1 320w, https:\/\/i0.wp.com\/interaccionnoticias.com.mx\/wp-content\/uploads\/2023\/04\/230416-Despiden-a-Hanna-1-1024x683.jpg?ssl=1&w=500&resize=500&ssl=1 500w, https:\/\/i0.wp.com\/interaccionnoticias.com.mx\/wp-content\/uploads\/2023\/04\/230416-Despiden-a-Hanna-1-1024x683.jpg?ssl=1&w=640&resize=640&ssl=1 640w, https:\/\/i0.wp.com\/interaccionnoticias.com.mx\/wp-content\/uploads\/2023\/04\/230416-Despiden-a-Hanna-1-1024x683.jpg?ssl=1&w=800&resize=800&ssl=1 800w, https:\/\/i0.wp.com\/interaccionnoticias.com.mx\/wp-content\/uploads\/2023\/04\/230416-Despiden-a-Hanna-1-1024x683.jpg?ssl=1&w=1024&resize=1024&ssl=1 1024w, https:\/\/i0.wp.com\/interaccionnoticias.com.mx\/wp-content\/uploads\/2023\/04\/230416-Despiden-a-Hanna-1-1024x683.jpg?ssl=1&w=1280&resize=1280&ssl=1 1280w, https:\/\/i0.wp.com\/interaccionnoticias.com.mx\/wp-content\/uploads\/2023\/04\/230416-Despiden-a-Hanna-1-1024x683.jpg?ssl=1&w=1600&resize=1600&ssl=1 1600w\" alt=\"\" class=\"wp-block-jetpack-slideshow_image wp-image-60522\" data-id=\"60522\" fifu-data-src=\"https:\/\/i0.wp.com\/interaccionnoticias.com.mx\/wp-content\/uploads\/2023\/04\/230416-Despiden-a-Hanna-1-1024x683.jpg?ssl=1\"\/><\/figure><\/li><\/ul><a class=\"wp-block-jetpack-slideshow_button-prev swiper-button-prev swiper-button-white\" role=\"button\"><\/a><a class=\"wp-block-jetpack-slideshow_button-next swiper-button-next swiper-button-white\" role=\"button\"><\/a><a aria-label=\"Pause Slideshow\" class=\"wp-block-jetpack-slideshow_button-pause\" role=\"button\"><\/a><div class=\"wp-block-jetpack-slideshow_pagination swiper-pagination swiper-pagination-white\"><\/div><\/div><\/div>\n","protected":false},"excerpt":{"rendered":"<p>&#8212; Durante 8 a\u00f1os de servicio en Protecci\u00f3n Civil, atendi\u00f3 a ientos de ni\u00f1os con caninoterapia&#8212; En un a\u00f1o se jubilar\u00eda, para ir a un hogar de adopci\u00f3n Jes\u00fas Dorantes&hellip; <\/p>\n","protected":false},"author":8,"featured_media":60521,"comment_status":"open","ping_status":"open","sticky":false,"template":"","format":"standard","meta":{"fifu_image_url":"","fifu_image_alt":"","footnotes":""},"categories":[29],"tags":[],"class_list":["post-60520","post","type-post","status-publish","format-standard","has-post-thumbnail","hentry","category-sociedad"],"_links":{"self":[{"href":"https:\/\/www.interaccionnoticias.com.mx\/index.php?rest_route=\/wp\/v2\/posts\/60520","targetHints":{"allow":["GET"]}}],"collection":[{"href":"https:\/\/www.interaccionnoticias.com.mx\/index.php?rest_route=\/wp\/v2\/posts"}],"about":[{"href":"https:\/\/www.interaccionnoticias.com.mx\/index.php?rest_route=\/wp\/v2\/types\/post"}],"author":[{"embeddable":true,"href":"https:\/\/www.interaccionnoticias.com.mx\/index.php?rest_route=\/wp\/v2\/users\/8"}],"replies":[{"embeddable":true,"href":"https:\/\/www.interaccionnoticias.com.mx\/index.php?rest_route=%2Fwp%2Fv2%2Fcomments&post=60520"}],"version-history":[{"count":1,"href":"https:\/\/www.interaccionnoticias.com.mx\/index.php?rest_route=\/wp\/v2\/posts\/60520\/revisions"}],"predecessor-version":[{"id":60523,"href":"https:\/\/www.interaccionnoticias.com.mx\/index.php?rest_route=\/wp\/v2\/posts\/60520\/revisions\/60523"}],"wp:featuredmedia":[{"embeddable":true,"href":"https:\/\/www.interaccionnoticias.com.mx\/index.php?rest_route=\/wp\/v2\/media\/60521"}],"wp:attachment":[{"href":"https:\/\/www.interaccionnoticias.com.mx\/index.php?rest_route=%2Fwp%2Fv2%2Fmedia&parent=60520"}],"wp:term":[{"taxonomy":"category","embeddable":true,"href":"https:\/\/www.interaccionnoticias.com.mx\/index.php?rest_route=%2Fwp%2Fv2%2Fcategories&post=60520"},{"taxonomy":"post_tag","embeddable":true,"href":"https:\/\/www.interaccionnoticias.com.mx\/index.php?rest_route=%2Fwp%2Fv2%2Ftags&post=60520"}],"curies":[{"name":"wp","href":"https:\/\/api.w.org\/{rel}","templated":true}]}}