{"id":60517,"date":"2023-04-16T19:25:08","date_gmt":"2023-04-17T00:25:08","guid":{"rendered":"https:\/\/interaccionnoticias.com.mx\/?p=60517"},"modified":"2023-04-16T19:25:13","modified_gmt":"2023-04-17T00:25:13","slug":"mas-de-845-mil-alumnos-regresan-a-clases-en-guerrero","status":"publish","type":"post","link":"https:\/\/www.interaccionnoticias.com.mx\/?p=60517","title":{"rendered":"M\u00e1s de 845 mil alumnos regresan a clases en Guerrero"},"content":{"rendered":"\n<p><strong><em>&#8212; Son estudiantes del nivel b\u00e1sico<br>&#8212; Tambi\u00e9n regresan 225 mil 533 estudiantes, 14 mil 191 docentes de educaci\u00f3n medias superior y superior<br>&#8212; Siguen sin regresar a clases 11 secundarias en Acapulco<\/em><\/strong><\/p>\n\n\n\n<p><strong>Javier Trujillo<\/strong><\/p>\n\n\n\n<p><strong>Acapulco, Gro. &#8211; <\/strong>A partir del 17 de abril, regresan a clases 845 mil 315 alumnas de Educaci\u00f3n B\u00e1sica; tras el receso por el per\u00edodo vacacional de acuerdo al calendario escolar 22-23 de la SEP, comprendido del 3 al 14 de abril.<\/p>\n\n\n\n<p>Lo anterior fue informado por el titular de la Secretaria de Educaci\u00f3n Guerrero, quien dijo que regresan a las actividades acad\u00e9micas y administrativas 48 mil 052, docentes en las 10 mil 912 escuelas de Preescolar, Primaria y Secundaria.<\/p>\n\n\n\n<p>De igual forma, el titular de la SEG, mencion\u00f3 que tambi\u00e9n regresan a clases 225 mil 533 estudiantes, 14 mil 191 docentes en un mil 091 escuelas de Educaci\u00f3n Media Superior y Superior en nuestro Estado.<\/p>\n\n\n\n<p>Rodr\u00edguez Salda\u00f1a, indic\u00f3 que la comunidad escolar se fortalecer la Educaci\u00f3n, en todas las instituciones, con acciones para erradicar y prevenir la violencia de g\u00e9nero, bullying, adicciones en las y los alumnos y j\u00f3venes de nuestro Estado.<\/p>\n\n\n\n<p>Con respecto a las once escuelas secundarias que est\u00e1n en paro desde antes del periodo vacacional, Marcial Rodr\u00edguez, omiti\u00f3 comentar al respecto.<\/p>\n","protected":false},"excerpt":{"rendered":"<p>&#8212; Son estudiantes del nivel b\u00e1sico&#8212; Tambi\u00e9n regresan 225 mil 533 estudiantes, 14 mil 191 docentes de educaci\u00f3n medias superior y superior&#8212; Siguen sin regresar a clases 11 secundarias en&hellip; <\/p>\n","protected":false},"author":3,"featured_media":60518,"comment_status":"open","ping_status":"open","sticky":false,"template":"","format":"standard","meta":{"fifu_image_url":"","fifu_image_alt":"","footnotes":""},"categories":[6],"tags":[],"class_list":["post-60517","post","type-post","status-publish","format-standard","has-post-thumbnail","hentry","category-educacion"],"_links":{"self":[{"href":"https:\/\/www.interaccionnoticias.com.mx\/index.php?rest_route=\/wp\/v2\/posts\/60517","targetHints":{"allow":["GET"]}}],"collection":[{"href":"https:\/\/www.interaccionnoticias.com.mx\/index.php?rest_route=\/wp\/v2\/posts"}],"about":[{"href":"https:\/\/www.interaccionnoticias.com.mx\/index.php?rest_route=\/wp\/v2\/types\/post"}],"author":[{"embeddable":true,"href":"https:\/\/www.interaccionnoticias.com.mx\/index.php?rest_route=\/wp\/v2\/users\/3"}],"replies":[{"embeddable":true,"href":"https:\/\/www.interaccionnoticias.com.mx\/index.php?rest_route=%2Fwp%2Fv2%2Fcomments&post=60517"}],"version-history":[{"count":1,"href":"https:\/\/www.interaccionnoticias.com.mx\/index.php?rest_route=\/wp\/v2\/posts\/60517\/revisions"}],"predecessor-version":[{"id":60519,"href":"https:\/\/www.interaccionnoticias.com.mx\/index.php?rest_route=\/wp\/v2\/posts\/60517\/revisions\/60519"}],"wp:featuredmedia":[{"embeddable":true,"href":"https:\/\/www.interaccionnoticias.com.mx\/index.php?rest_route=\/wp\/v2\/media\/60518"}],"wp:attachment":[{"href":"https:\/\/www.interaccionnoticias.com.mx\/index.php?rest_route=%2Fwp%2Fv2%2Fmedia&parent=60517"}],"wp:term":[{"taxonomy":"category","embeddable":true,"href":"https:\/\/www.interaccionnoticias.com.mx\/index.php?rest_route=%2Fwp%2Fv2%2Fcategories&post=60517"},{"taxonomy":"post_tag","embeddable":true,"href":"https:\/\/www.interaccionnoticias.com.mx\/index.php?rest_route=%2Fwp%2Fv2%2Ftags&post=60517"}],"curies":[{"name":"wp","href":"https:\/\/api.w.org\/{rel}","templated":true}]}}