{"id":60499,"date":"2023-04-16T12:40:07","date_gmt":"2023-04-16T17:40:07","guid":{"rendered":"https:\/\/interaccionnoticias.com.mx\/?p=60499"},"modified":"2023-04-16T12:40:11","modified_gmt":"2023-04-16T17:40:11","slug":"ocho-lesionados-dejan-dos-balaceras-en-bares-de-acapulco","status":"publish","type":"post","link":"https:\/\/www.interaccionnoticias.com.mx\/?p=60499","title":{"rendered":"Ocho lesionados dejan dos balaceras en bares de Acapulco"},"content":{"rendered":"\n<p><strong><em>&#8212; Entre las v\u00edctimas una mujer y un menor de edad<br>&#8212; Hasta el momento ning\u00fan detenido<\/em><\/strong><\/p>\n\n\n\n<p><strong>Javier Trujillo<\/strong><\/p>\n\n\n\n<p><strong>Acapulco, Gro.-<\/strong> Dos balaceras al interior de dos bares en plena franja tur\u00edstica del puerto de Acapulco, dej\u00f3 un saldo de ocho personas lesionadas por disparos de arma de grueso calibre.<\/p>\n\n\n\n<p>Entre las v\u00edctimas se encuentra una mujer, con una herida de bala en la pierna, y siete hombres, entre ellos un menor de edad, todos con lesiones en diferentes partes del cuerpo por disparos.<\/p>\n\n\n\n<p>De acuerdo con las autoridades ministeriales, seguridad p\u00fablica y Guardia Nacional as\u00ed como del Ej\u00e9rcito Mexicano, los hechos se registraron entre las 01:20 en el Bar La Norte\u00f1a y las 05:50 en el Bar Singapur, ambos en plena franja tur\u00edstica en la Costera.<\/p>\n\n\n\n<p>Entre las v\u00edctimas se encuentra Emiliano \u00abA\u00bb de 16 a\u00f1os de edad; Yordi \u00abG\u00bb de 25, ambos est\u00e1n hospitalizados en el \u00e1rea de urgencias y son reportados como estables, en el ataque ocurrido en el bar La Norte\u00f1a.<\/p>\n\n\n\n<p>Mientras que en el otro centro nocturno, con raz\u00f3n social Bar Singapur, la agresi\u00f3n armada ocurri\u00f3 a las 05:50 y resultaron 6 personas heridas, entre est\u00e1s una mujer.<\/p>\n\n\n\n<p>Tras la balacera al interior del lugar, los parroquianos salieron corriendo del lugar, sin que hubiera ning\u00fana intervenci\u00f3n de las autoridades para detener a presuntos responsables de la agresi\u00f3n armada.<\/p>\n\n\n\n<p>Los lesionados, entre ellos una mujer identificada como Arleth \u00abB\u00bb, de 24 a\u00f1os presenta una herida de bala en la pierna, y la ingresan al Hospital Aqua y fue atendida por param\u00e9dicos de la Cruz Roja.<\/p>\n\n\n\n<p>Adem\u00e1s encontraron heridos a Axel \u00abL\u00bb de 20 a\u00f1os de edad, as\u00ed como Mauricio \u00abD\u00bb, Jose Yovanni \u00abB\u00bb. Otro de los heridos fue encontrado en el Z\u00f3calo, hasta donde lleg\u00f3 a bordo de un taxi y refiri\u00f3 que lo toco una bala perdida.<\/p>\n\n\n\n<p>Se pudo observar que autoridades de seguridad p\u00fablica, y GN, inspeccionaron el interior del hotel Tortuga, pero no hab\u00eda gente armada en el interior.<\/p>\n\n\n\n<p>Cabe mencionar que al menos la mujer fue trasladada al hospital General Vicente Guerrero, y los otros heridos en su mayor\u00eda hombres al hospital de El Quemado.<\/p>\n","protected":false},"excerpt":{"rendered":"<p>&#8212; Entre las v\u00edctimas una mujer y un menor de edad&#8212; Hasta el momento ning\u00fan detenido Javier Trujillo Acapulco, Gro.- Dos balaceras al interior de dos bares en plena franja&hellip; <\/p>\n","protected":false},"author":3,"featured_media":60500,"comment_status":"open","ping_status":"open","sticky":false,"template":"","format":"standard","meta":{"fifu_image_url":"","fifu_image_alt":"","footnotes":""},"categories":[27],"tags":[],"class_list":["post-60499","post","type-post","status-publish","format-standard","has-post-thumbnail","hentry","category-seguridad-publica"],"_links":{"self":[{"href":"https:\/\/www.interaccionnoticias.com.mx\/index.php?rest_route=\/wp\/v2\/posts\/60499","targetHints":{"allow":["GET"]}}],"collection":[{"href":"https:\/\/www.interaccionnoticias.com.mx\/index.php?rest_route=\/wp\/v2\/posts"}],"about":[{"href":"https:\/\/www.interaccionnoticias.com.mx\/index.php?rest_route=\/wp\/v2\/types\/post"}],"author":[{"embeddable":true,"href":"https:\/\/www.interaccionnoticias.com.mx\/index.php?rest_route=\/wp\/v2\/users\/3"}],"replies":[{"embeddable":true,"href":"https:\/\/www.interaccionnoticias.com.mx\/index.php?rest_route=%2Fwp%2Fv2%2Fcomments&post=60499"}],"version-history":[{"count":1,"href":"https:\/\/www.interaccionnoticias.com.mx\/index.php?rest_route=\/wp\/v2\/posts\/60499\/revisions"}],"predecessor-version":[{"id":60501,"href":"https:\/\/www.interaccionnoticias.com.mx\/index.php?rest_route=\/wp\/v2\/posts\/60499\/revisions\/60501"}],"wp:featuredmedia":[{"embeddable":true,"href":"https:\/\/www.interaccionnoticias.com.mx\/index.php?rest_route=\/wp\/v2\/media\/60500"}],"wp:attachment":[{"href":"https:\/\/www.interaccionnoticias.com.mx\/index.php?rest_route=%2Fwp%2Fv2%2Fmedia&parent=60499"}],"wp:term":[{"taxonomy":"category","embeddable":true,"href":"https:\/\/www.interaccionnoticias.com.mx\/index.php?rest_route=%2Fwp%2Fv2%2Fcategories&post=60499"},{"taxonomy":"post_tag","embeddable":true,"href":"https:\/\/www.interaccionnoticias.com.mx\/index.php?rest_route=%2Fwp%2Fv2%2Ftags&post=60499"}],"curies":[{"name":"wp","href":"https:\/\/api.w.org\/{rel}","templated":true}]}}