{"id":60496,"date":"2023-04-16T00:21:13","date_gmt":"2023-04-16T05:21:13","guid":{"rendered":"https:\/\/interaccionnoticias.com.mx\/?p=60496"},"modified":"2023-04-16T00:21:18","modified_gmt":"2023-04-16T05:21:18","slug":"ejecutan-a-promotor-de-claudia-sehinbaum","status":"publish","type":"post","link":"https:\/\/www.interaccionnoticias.com.mx\/?p=60496","title":{"rendered":"Ejecutan a promotor de Claudia Sehinbaum"},"content":{"rendered":"\n<p><em><strong>&#8212; Ante la presencia de la presidente de la Jucopo Yoloczin Dom\u00ednguez Serna<br>&#8212; Segundo l\u00edder transportista asesinado en una semana<\/strong><\/em><\/p>\n\n\n\n<p><strong>Javier Trujillo<\/strong><\/p>\n\n\n\n<p><strong>Acapulco, Gro.- <\/strong>Un l\u00edder transportista de Acapulco fue ejecutado por un comando la tarde de este s\u00e1bado en el puerto de Acapulco, mientras pegaban microperforado a favor de la aspirante a la candidatura presidencial por Morena, Claudia Sehinbaum Pardo..<\/p>\n\n\n\n<p>De acuerdo con informes de las autoridades ministeriales y de seguridad p\u00fablica a las 16:30 horas, en el bulevar Vicente Guerrero, ante la presencia de la presidente de la Junta de Cordinaci\u00f3n Pol\u00edtica (Jucopo), Yoloczin Dom\u00ednguez Serna, y los funcionarios del gobierno de Guerrero fue asesinado el l\u00edder transportista Omar Reyes Campos.<\/p>\n\n\n\n<p>El comando dispar\u00f3 con armas de grueso calibre, en contra del l\u00edder transportista, Reyes Campos, quien colocaba microperforado a favor de la aspirante de Morena a la presidencia de la Rep\u00fablica Sehinbaum Pardo.<\/p>\n\n\n\n<p>En el sitio del crimen estaba el director de Transportes en el estado de Guerrero Arturo Salinas Sandoval, el delegado de Transportes Juan Miguel Castillo al frente de los taxistas en el puesto de ventas de flores junto al del pante\u00f3n.<\/p>\n\n\n\n<p>El dirigente Omar Reyes, fue asesinado a balazos frente al pante\u00f3n de Las Cruces, cuando estaban a punto de concluir la actividad en favor de la jefa de Gobierno de Ciudad de M\u00e9xico y precandidata presidencial, Claudia Sheinbaum.<\/p>\n\n\n\n<p>De acuerdo con reportes de las autoridades ministeriales, el crimen fue reportado a las 16:30 horas en el bulevar Vicente Guerrero, en la zona suburbana de Acapulco, frente a los puestos de ventas de flores del pante\u00f3n.<\/p>\n\n\n\n<p>Hasta la escena del crimen llegaron peritos de la Fiscal\u00eda General del Estado (FGE), quienes llevaron a cabo las diligencias correspondientes y encontraron unos 14 casquillos de arma de grueso calibre, as\u00ed como de nueve mil\u00edmetros y tres de AR-15.<\/p>\n\n\n\n<p>Tras las investigaciones el cad\u00e1ver del l\u00edder transportista fue trasladado al Servicio M\u00e9dico Forense (SEMEFO), a la morgue de El Quemado.<\/p>\n\n\n\n<p>Cabe mencionar que los trabajadores del volante y de las distintas rutas se concentraron para colocar en las unidades microperforados a favor de la aspirante presidencial de Morena a la Presidencia de la rep\u00fablica y jefa de Gobierno de Ciudad de M\u00e9xico.<\/p>\n","protected":false},"excerpt":{"rendered":"<p>&#8212; Ante la presencia de la presidente de la Jucopo Yoloczin Dom\u00ednguez Serna&#8212; Segundo l\u00edder transportista asesinado en una semana Javier Trujillo Acapulco, Gro.- Un l\u00edder transportista de Acapulco fue&hellip; <\/p>\n","protected":false},"author":3,"featured_media":60497,"comment_status":"open","ping_status":"open","sticky":false,"template":"","format":"standard","meta":{"fifu_image_url":"","fifu_image_alt":"","footnotes":""},"categories":[27],"tags":[],"class_list":["post-60496","post","type-post","status-publish","format-standard","has-post-thumbnail","hentry","category-seguridad-publica"],"_links":{"self":[{"href":"https:\/\/www.interaccionnoticias.com.mx\/index.php?rest_route=\/wp\/v2\/posts\/60496","targetHints":{"allow":["GET"]}}],"collection":[{"href":"https:\/\/www.interaccionnoticias.com.mx\/index.php?rest_route=\/wp\/v2\/posts"}],"about":[{"href":"https:\/\/www.interaccionnoticias.com.mx\/index.php?rest_route=\/wp\/v2\/types\/post"}],"author":[{"embeddable":true,"href":"https:\/\/www.interaccionnoticias.com.mx\/index.php?rest_route=\/wp\/v2\/users\/3"}],"replies":[{"embeddable":true,"href":"https:\/\/www.interaccionnoticias.com.mx\/index.php?rest_route=%2Fwp%2Fv2%2Fcomments&post=60496"}],"version-history":[{"count":1,"href":"https:\/\/www.interaccionnoticias.com.mx\/index.php?rest_route=\/wp\/v2\/posts\/60496\/revisions"}],"predecessor-version":[{"id":60498,"href":"https:\/\/www.interaccionnoticias.com.mx\/index.php?rest_route=\/wp\/v2\/posts\/60496\/revisions\/60498"}],"wp:featuredmedia":[{"embeddable":true,"href":"https:\/\/www.interaccionnoticias.com.mx\/index.php?rest_route=\/wp\/v2\/media\/60497"}],"wp:attachment":[{"href":"https:\/\/www.interaccionnoticias.com.mx\/index.php?rest_route=%2Fwp%2Fv2%2Fmedia&parent=60496"}],"wp:term":[{"taxonomy":"category","embeddable":true,"href":"https:\/\/www.interaccionnoticias.com.mx\/index.php?rest_route=%2Fwp%2Fv2%2Fcategories&post=60496"},{"taxonomy":"post_tag","embeddable":true,"href":"https:\/\/www.interaccionnoticias.com.mx\/index.php?rest_route=%2Fwp%2Fv2%2Ftags&post=60496"}],"curies":[{"name":"wp","href":"https:\/\/api.w.org\/{rel}","templated":true}]}}