{"id":60395,"date":"2023-04-13T19:37:09","date_gmt":"2023-04-14T00:37:09","guid":{"rendered":"https:\/\/interaccionnoticias.com.mx\/?p=60395"},"modified":"2023-04-13T19:37:14","modified_gmt":"2023-04-14T00:37:14","slug":"consejo-indigena-pide-que-se-investigue-al-obispo-emerito-de-chilpancingo-por-sus-relaciones-con-el-crimen-organizado","status":"publish","type":"post","link":"https:\/\/www.interaccionnoticias.com.mx\/?p=60395","title":{"rendered":"Consejo Ind\u00edgena pide que se investigue al obispo em\u00e9rito de Chilpancingo, por sus relaciones con el crimen organizado"},"content":{"rendered":"\n<p><strong><em>&#8212; Rechazan la acusaci\u00f3n de ser los autores del homicidio de dos agentes de Tr\u00e1nsito de Chilapa<br>&#8212; Las declaraciones del jerarca de la iglesia cat\u00f3lica constituyen delitos, se\u00f1alan los dirigentes del Consejo<\/em><\/strong><\/p>\n\n\n\n<p><strong>Jes\u00fas Dorantes<\/strong><\/p>\n\n\n\n<p>Integrantes del Consejo Ind\u00edgena y Popular de Guerrero &#8211; Emiliano Zapata (CIPOG-EZ) solicitaron que las autoridades investiguen las relaciones que el obispo em\u00e9rito de la Di\u00f3cesis Chilpancingo-Chilapa, Salvador Rangel Mendoza tiene con diferentes grupos del crimen organizado.<\/p>\n\n\n\n<p>V\u00eda comunicado, la dirigencia del CIPOG-EZ neg\u00f3 que sus integrantes hayan cometido el asesinato de dos agentes de Tr\u00e1nsito de Chilapa de \u00c1lvarez, como lo asegur\u00f3 Rangel Mendoza, a que calificaron como una persona con nexos con la delincuencia y en consecuencia, \u201ccon poca calidad moral\u201d.<\/p>\n\n\n\n<p>El domingo 9 de abril, en el municipio de Chilapa, el obispo em\u00e9rito se\u00f1al\u00f3 que el asesinato de dos polic\u00edas de Tr\u00e1nsito municipal, ocurrido el 5 de abril del presente a\u00f1o, fue obra de una venganza perpetrada por integrantes del CIPOG-EZ, de quienes asegur\u00f3, buscaban cobrarse por cuenta propia la muerte de tres de sus compa\u00f1eros.<\/p>\n\n\n\n<p>En el relato del prelado, los integrantes del CIPOG fueron detenidos por dichos elementos municipales, pero varios minutos despu\u00e9s de seguir su camino fueran atacados por un grupo armado.<\/p>\n\n\n\n<p>La tarde del jueves 13 de abril, los dirigentes del consejo manifestaron: \u201cExigimos al obispo Em\u00e9rito Salvador Rangel se\u00f1al\u00f3 si tiene pruebas para acreditar sus dichos, las presente en la instancia correspondiente\u201d.<\/p>\n\n\n\n<p>Indicaron que si el religioso tiene conocimiento de alg\u00fan dato que abone a la investigaci\u00f3n, pero no lo aporta a las autoridades, entonces se convierte en c\u00f3mplice del multihomicidio.<\/p>\n\n\n\n<p>Recordaron que su organizaci\u00f3n no puede ingresar a la cabecera municipal, la cual es controlada por el grupo criminal de los Ardillos, grupo al que responsabilizan de los asesinatos y desapariciones perpetrados en contra de sus compa\u00f1eros.<\/p>\n\n\n\n<p>Los Ardillos, de acuerdo con el CIPOG, son amigos muy cercanos del obispo Salvador Rangel.<\/p>\n\n\n\n<p>Por esa raz\u00f3n, solicitaron que las autoridades correspondientes investiguen los nexos que el obispo em\u00e9rito tiene con algunos l\u00edderes de organizaciones delictivas, para sancionar los delitos que se configuren.<\/p>\n\n\n\n<p>\u201cEl Obispo Em\u00e9rito Salvador Rangel, personaje de escasa calidad moral, que cuenta con una entra\u00f1able cercan\u00eda a los grupos criminales de Guerrero, y que existen infinidad de declaraciones de su propia voz que as\u00ed lo demuestran\u201d.<\/p>\n\n\n\n<p>El comunicado cierra: \u201cLas autoridades debieran de fincarle responsabilidades por todas y cada una de sus declaraciones de propia voz a los medios de comunicaci\u00f3n, que en cada una se\u00f1ala actos constitutivos de delitos, con la seguridad de sentirse intocable por ser un representante, un mal representante de la iglesia cat\u00f3lica en la entidad, que act\u00faa de manera contraria a los principios de a quien dice venerar\u201d.<\/p>\n","protected":false},"excerpt":{"rendered":"<p>&#8212; Rechazan la acusaci\u00f3n de ser los autores del homicidio de dos agentes de Tr\u00e1nsito de Chilapa&#8212; Las declaraciones del jerarca de la iglesia cat\u00f3lica constituyen delitos, se\u00f1alan los dirigentes&hellip; <\/p>\n","protected":false},"author":8,"featured_media":60142,"comment_status":"open","ping_status":"open","sticky":false,"template":"","format":"standard","meta":{"fifu_image_url":"","fifu_image_alt":"","footnotes":""},"categories":[29],"tags":[],"class_list":["post-60395","post","type-post","status-publish","format-standard","has-post-thumbnail","hentry","category-sociedad"],"_links":{"self":[{"href":"https:\/\/www.interaccionnoticias.com.mx\/index.php?rest_route=\/wp\/v2\/posts\/60395","targetHints":{"allow":["GET"]}}],"collection":[{"href":"https:\/\/www.interaccionnoticias.com.mx\/index.php?rest_route=\/wp\/v2\/posts"}],"about":[{"href":"https:\/\/www.interaccionnoticias.com.mx\/index.php?rest_route=\/wp\/v2\/types\/post"}],"author":[{"embeddable":true,"href":"https:\/\/www.interaccionnoticias.com.mx\/index.php?rest_route=\/wp\/v2\/users\/8"}],"replies":[{"embeddable":true,"href":"https:\/\/www.interaccionnoticias.com.mx\/index.php?rest_route=%2Fwp%2Fv2%2Fcomments&post=60395"}],"version-history":[{"count":1,"href":"https:\/\/www.interaccionnoticias.com.mx\/index.php?rest_route=\/wp\/v2\/posts\/60395\/revisions"}],"predecessor-version":[{"id":60396,"href":"https:\/\/www.interaccionnoticias.com.mx\/index.php?rest_route=\/wp\/v2\/posts\/60395\/revisions\/60396"}],"wp:featuredmedia":[{"embeddable":true,"href":"https:\/\/www.interaccionnoticias.com.mx\/index.php?rest_route=\/wp\/v2\/media\/60142"}],"wp:attachment":[{"href":"https:\/\/www.interaccionnoticias.com.mx\/index.php?rest_route=%2Fwp%2Fv2%2Fmedia&parent=60395"}],"wp:term":[{"taxonomy":"category","embeddable":true,"href":"https:\/\/www.interaccionnoticias.com.mx\/index.php?rest_route=%2Fwp%2Fv2%2Fcategories&post=60395"},{"taxonomy":"post_tag","embeddable":true,"href":"https:\/\/www.interaccionnoticias.com.mx\/index.php?rest_route=%2Fwp%2Fv2%2Ftags&post=60395"}],"curies":[{"name":"wp","href":"https:\/\/api.w.org\/{rel}","templated":true}]}}