{"id":60289,"date":"2023-04-11T20:44:12","date_gmt":"2023-04-12T01:44:12","guid":{"rendered":"https:\/\/interaccionnoticias.com.mx\/?p=60289"},"modified":"2023-04-11T20:44:17","modified_gmt":"2023-04-12T01:44:17","slug":"como-misoginas-califico-jacinto-gonzalez-las-declaraciones-del-obispo-emerito-salvador-rangel","status":"publish","type":"post","link":"https:\/\/www.interaccionnoticias.com.mx\/?p=60289","title":{"rendered":"Como mis\u00f3ginas calific\u00f3 Jacinto Gonz\u00e1lez las declaraciones del obispo em\u00e9rito Salvador Rangel"},"content":{"rendered":"\n<p><strong>Rosario Garc\u00eda Orozco<\/strong><\/p>\n\n\n\n<p><strong>Chilpancingo, Gro., 11 de abril del 2023.-<\/strong> El dirigente de Morena en el estado, Jacinto Gonz\u00e1lez Varona, calific\u00f3 como \u00abmis\u00f3ginas y peligrosas\u00bb las declaraciones del obispo em\u00e9rito Salvador Rangel Mendoza, \u00abporque buscan desestabilizar al gobierno de Evelyn Salgado Pineda\u00bb.<\/p>\n\n\n\n<p>El dirigente morenista dijo que \u00abse le olvida al obispo que no representa a la iglesia, que la pol\u00edtica en Guerrero ya cambi\u00f3 y que ahora no se pacta con la delincuencia\u00bb.<\/p>\n\n\n\n<p>Lo anterior, luego de que el Obispo em\u00e9rito dio declaraciones a medios de comunicaci\u00f3n, en las que mencion\u00f3 que habl\u00f3 con el jefe de una organizaci\u00f3n delincuencial para que permitiera que se llevara a cabo en paz la celebraci\u00f3n de la Semana Santa en Taxco.<\/p>\n\n\n\n<p>En respuesta a esas declaraciones, el pasado 10 de abril, la dirigencia estatal de Morena emiti\u00f3 un comunicado en donde pidi\u00f3 \u201crespeto al pueblo\u201d, y agrega la misiva \u201cpor ello es nuestra prioridad brindarle seguridad y bienestar al pueblo, que por derecho le corresponde\u201d.<\/p>\n\n\n\n<p>Al respecto el dirigente de Morena y diputado local, se dijo \u201crespetuoso\u201d de la iglesia cat\u00f3lica y de cualquier religi\u00f3n, pero consider\u00f3 que el obispo em\u00e9rito, en sus declaraciones \u201cse ve que juega peligrosamente con este tema y lo hace ver como si fuera un aliado y c\u00f3mplice (de la delincuencia), porque seg\u00fan en las mismas declaraciones de la iglesia cat\u00f3lica habla de que se re\u00fane con cierto capo del narcotr\u00e1fico de la regi\u00f3n\u201d.<\/p>\n\n\n\n<p>Consider\u00f3 que eso \u00abdeja entrever que hay una alianza, porque al poder decirle: &#8216;vente voy a platicar contigo y c\u00e1lmate hoy no hagas tus fechor\u00edas&#8217;, \u00bfpues de qu\u00e9 estamos hablando?, y eso no abona para nada a la paz ni a la seguridad del estado\u201d.<\/p>\n\n\n\n<p>Jacinto Gonz\u00e1lez coment\u00f3 que ese tipo de declaraciones crea \u201cescenarios peligrosos\u201d, hasta \u201cperversos y tendenciosos\u201d, que solo benefician a \u201ccierto grupo delictivo\u201d, para promover su control territorial.<\/p>\n\n\n\n<p>El dirigente de Morena en Guerrero consider\u00f3 que esas declaraciones de Salvador Rangel son m\u00e1s como un \u201cgolpeteo\u201d directo, no de la iglesia sino de Rangel Mendoza hacia la gobernadora Evelyn Salgado Pineda, y asegur\u00f3 que desde que asumi\u00f3 el cargo, comenzaron este tipo de declaraciones.<\/p>\n\n\n\n<p>Record\u00f3 que en una reciente entrevista, el obispo em\u00e9rito habl\u00f3 de que existen condiciones para un \u201clevantamiento\u201d del pueblo contra el gobierno, tras denunciar que hay inoperancia en el tema de seguridad, lo que calific\u00f3 como una \u201cincitaci\u00f3n a desestabilizar al estado y la administraci\u00f3n de la mandataria estatal\u00bb.<\/p>\n\n\n\n<p>Insisti\u00f3 en que no es el papel de la iglesia llamar a \u201clevantamientos, para eso est\u00e1n otro tipo de organizaciones\u201d, y m\u00e1s a\u00fan dijo que el pueblo de Guerrero no necesita \u201cpastores\u201d para que inciten al \u201clevantamiento\u201d, porque \u201cnosotros hemos estado a la vanguardia de todas las revoluciones\u201d, sin necesidad de personajes como Rangel Mendoza que \u00able tiene rencor a una mujer como la gobernadora Evelyn Salgado, que no le cabe en la cabeza que gobierne una mujer est\u00e1 entidad, va por ah\u00ed tambi\u00e9n el tema\u201d.<\/p>\n","protected":false},"excerpt":{"rendered":"<p>Rosario Garc\u00eda Orozco Chilpancingo, Gro., 11 de abril del 2023.- El dirigente de Morena en el estado, Jacinto Gonz\u00e1lez Varona, calific\u00f3 como \u00abmis\u00f3ginas y peligrosas\u00bb las declaraciones del obispo em\u00e9rito&hellip; <\/p>\n","protected":false},"author":14,"featured_media":60290,"comment_status":"open","ping_status":"open","sticky":false,"template":"","format":"standard","meta":{"fifu_image_url":"","fifu_image_alt":"","footnotes":""},"categories":[21],"tags":[],"class_list":["post-60289","post","type-post","status-publish","format-standard","has-post-thumbnail","hentry","category-politica"],"_links":{"self":[{"href":"https:\/\/www.interaccionnoticias.com.mx\/index.php?rest_route=\/wp\/v2\/posts\/60289","targetHints":{"allow":["GET"]}}],"collection":[{"href":"https:\/\/www.interaccionnoticias.com.mx\/index.php?rest_route=\/wp\/v2\/posts"}],"about":[{"href":"https:\/\/www.interaccionnoticias.com.mx\/index.php?rest_route=\/wp\/v2\/types\/post"}],"author":[{"embeddable":true,"href":"https:\/\/www.interaccionnoticias.com.mx\/index.php?rest_route=\/wp\/v2\/users\/14"}],"replies":[{"embeddable":true,"href":"https:\/\/www.interaccionnoticias.com.mx\/index.php?rest_route=%2Fwp%2Fv2%2Fcomments&post=60289"}],"version-history":[{"count":1,"href":"https:\/\/www.interaccionnoticias.com.mx\/index.php?rest_route=\/wp\/v2\/posts\/60289\/revisions"}],"predecessor-version":[{"id":60291,"href":"https:\/\/www.interaccionnoticias.com.mx\/index.php?rest_route=\/wp\/v2\/posts\/60289\/revisions\/60291"}],"wp:featuredmedia":[{"embeddable":true,"href":"https:\/\/www.interaccionnoticias.com.mx\/index.php?rest_route=\/wp\/v2\/media\/60290"}],"wp:attachment":[{"href":"https:\/\/www.interaccionnoticias.com.mx\/index.php?rest_route=%2Fwp%2Fv2%2Fmedia&parent=60289"}],"wp:term":[{"taxonomy":"category","embeddable":true,"href":"https:\/\/www.interaccionnoticias.com.mx\/index.php?rest_route=%2Fwp%2Fv2%2Fcategories&post=60289"},{"taxonomy":"post_tag","embeddable":true,"href":"https:\/\/www.interaccionnoticias.com.mx\/index.php?rest_route=%2Fwp%2Fv2%2Ftags&post=60289"}],"curies":[{"name":"wp","href":"https:\/\/api.w.org\/{rel}","templated":true}]}}