{"id":60283,"date":"2023-04-11T20:37:49","date_gmt":"2023-04-12T01:37:49","guid":{"rendered":"https:\/\/interaccionnoticias.com.mx\/?p=60283"},"modified":"2023-04-11T20:37:54","modified_gmt":"2023-04-12T01:37:54","slug":"anticipa-la-seg-acciones-contundentes-contra-el-acoso-y-el-bullyng-en-las-escuelas-de-guerrero","status":"publish","type":"post","link":"https:\/\/www.interaccionnoticias.com.mx\/?p=60283","title":{"rendered":"Anticipa la SEG acciones contundentes contra el acoso y el bullyng en las escuelas de Guerrero"},"content":{"rendered":"\n<p><strong><em>&#8212; A partir del 17 de abril, cuando se regrese a clases, entrar\u00e1 en vigor un plan de acci\u00f3n en todos los niveles educativos<br>&#8212; Marcial Rodr\u00edguez Salda\u00f1a pide a las alumnas que ya no se queden calladas<\/em><\/strong><\/p>\n\n\n\n<p><strong>Rosario Garc\u00eda Orozco<\/strong><\/p>\n\n\n\n<p><strong>Chilpancingo, Gro., 11 de abril del 2023.- <\/strong>El titular de la Secretar\u00eda de Educaci\u00f3n Guerrero (SEG), Marcial Rodr\u00edguez Salda\u00f1a advirti\u00f3 que en los planteles de esta entidad ya no se van a permitir que los actos de acoso sexual y bullyng permanezcan impunes.<\/p>\n\n\n\n<p>El funcionario, indic\u00f3 que ha comocido denuncias de estudiantes de distintos planteles de los tres niveles en diferentes regiones, entre otras cosas, a partir de la colocaci\u00f3n de tendederos para denunciar casos de acoso sexual.<\/p>\n\n\n\n<p>Rodr\u00edguez Salfa\u00f1a inform\u00f3 que acudi\u00f3 a algunos planteles del Colegio de Bachilleres junto con la titular de la Secretar\u00eda de la Mujer (Semujer) Violeta Pino Gir\u00f3n, para escuchar a las denunciantes y pidi\u00f3 a todas las v\u00edctimas que \u00abno se queden calladas\u201d.<\/p>\n\n\n\n<p>Indic\u00f3 que los directores de los planteles y funcionarios de la estructura deben aplicar las sanciones correspondientes, para que ya no se registren ese tipo de agresiones contra las adolescentes.<\/p>\n\n\n\n<p>Cuestionado en torno a las denuncias por acoso sexual y bullyng que se han registrado contra docentes de la Secundaria Antonio I. Delgado (ESFAID) de Chilpancingo; Rodr\u00edguez Salda\u00f1a dijo que ya se inici\u00f3 un procedimiento a trav\u00e9s de la Direcci\u00f3n de Asuntos Jur\u00eddicos de la SEG, y solo esperan que \u201csalga\u201d el dictamen para aplicar las sanciones a que haya lugar.<\/p>\n\n\n\n<p>Tambi\u00e9n anunci\u00f3 la puesta en marcha de un programa para combatir esa problem\u00e1tica, as\u00ed como para evitar el consumo de drogas en las escuelas, dando a conocer que se trata de una estrategia en la que van a colaborar todos los funcionarios de la SEG, y que se aplicar\u00e1 a partir del retorno a clases, que ser\u00e1 el pr\u00f3ximo 17 de abril.<\/p>\n\n\n\n<p>El secretario de Educaci\u00f3n hizo un llamado a los padres de familia y a la sociedad en general para cuidar de los j\u00f3venes, con la intenci\u00f3n de prevenir el consumo de drogas, porque s\u00f3lo con la participaci\u00f3n de la sociedad ser\u00e1 posible avanzar en ese tipo de temas tan delicados, que afectan de manera severa a los estudiantes.<\/p>\n\n\n\n<p>Las acciones en contra de esos dos flagelos; el acoso y el bullyng, indic\u00f3 que van en serio y no tienen reversa.<\/p>\n","protected":false},"excerpt":{"rendered":"<p>&#8212; A partir del 17 de abril, cuando se regrese a clases, entrar\u00e1 en vigor un plan de acci\u00f3n en todos los niveles educativos&#8212; Marcial Rodr\u00edguez Salda\u00f1a pide a las&hellip; <\/p>\n","protected":false},"author":14,"featured_media":60284,"comment_status":"open","ping_status":"open","sticky":false,"template":"","format":"standard","meta":{"fifu_image_url":"","fifu_image_alt":"","footnotes":""},"categories":[6],"tags":[],"class_list":["post-60283","post","type-post","status-publish","format-standard","has-post-thumbnail","hentry","category-educacion"],"_links":{"self":[{"href":"https:\/\/www.interaccionnoticias.com.mx\/index.php?rest_route=\/wp\/v2\/posts\/60283","targetHints":{"allow":["GET"]}}],"collection":[{"href":"https:\/\/www.interaccionnoticias.com.mx\/index.php?rest_route=\/wp\/v2\/posts"}],"about":[{"href":"https:\/\/www.interaccionnoticias.com.mx\/index.php?rest_route=\/wp\/v2\/types\/post"}],"author":[{"embeddable":true,"href":"https:\/\/www.interaccionnoticias.com.mx\/index.php?rest_route=\/wp\/v2\/users\/14"}],"replies":[{"embeddable":true,"href":"https:\/\/www.interaccionnoticias.com.mx\/index.php?rest_route=%2Fwp%2Fv2%2Fcomments&post=60283"}],"version-history":[{"count":1,"href":"https:\/\/www.interaccionnoticias.com.mx\/index.php?rest_route=\/wp\/v2\/posts\/60283\/revisions"}],"predecessor-version":[{"id":60285,"href":"https:\/\/www.interaccionnoticias.com.mx\/index.php?rest_route=\/wp\/v2\/posts\/60283\/revisions\/60285"}],"wp:featuredmedia":[{"embeddable":true,"href":"https:\/\/www.interaccionnoticias.com.mx\/index.php?rest_route=\/wp\/v2\/media\/60284"}],"wp:attachment":[{"href":"https:\/\/www.interaccionnoticias.com.mx\/index.php?rest_route=%2Fwp%2Fv2%2Fmedia&parent=60283"}],"wp:term":[{"taxonomy":"category","embeddable":true,"href":"https:\/\/www.interaccionnoticias.com.mx\/index.php?rest_route=%2Fwp%2Fv2%2Fcategories&post=60283"},{"taxonomy":"post_tag","embeddable":true,"href":"https:\/\/www.interaccionnoticias.com.mx\/index.php?rest_route=%2Fwp%2Fv2%2Ftags&post=60283"}],"curies":[{"name":"wp","href":"https:\/\/api.w.org\/{rel}","templated":true}]}}