{"id":60280,"date":"2023-04-11T19:42:22","date_gmt":"2023-04-12T00:42:22","guid":{"rendered":"https:\/\/interaccionnoticias.com.mx\/?p=60280"},"modified":"2023-04-11T19:42:27","modified_gmt":"2023-04-12T00:42:27","slug":"asignar-presupuesto-para-las-unidades-de-genero-propone-hector-apreza-patron","status":"publish","type":"post","link":"https:\/\/www.interaccionnoticias.com.mx\/?p=60280","title":{"rendered":"Asignar presupuesto para las unidades de g\u00e9nero, propone H\u00e9ctor Apreza Patr\u00f3n"},"content":{"rendered":"\n<p><strong><em>&#8212; Se\u00f1ala que las unidades abonan a combatir el acoso a mujeres y garantiza la igualdad<\/em><\/strong><\/p>\n\n\n\n<p><strong>Yasm\u00edn Garc\u00eda Chino<\/strong><\/p>\n\n\n\n<p><strong>Chilpancingo, Gro., a 11 de abril 2023.-<\/strong> El coordinador parlamentario del PRI, H\u00e9ctor Apreza Patr\u00f3n present\u00f3 una iniciativa de reforma a la Ley para la Igualdad entre Mujeres y Hombres del Estado de Guerrero, para que las unidades de g\u00e9nero de los entes p\u00fablicos contribuyan efectivamente a la igualdad.<\/p>\n\n\n\n<p>Indic\u00f3 que en Guerrero el 52 % de la poblaci\u00f3n total son mujeres y 48% son hombres, sin embargo, en t\u00e9rminos de la participaci\u00f3n econ\u00f3mica, en el caso de las mujeres el 52% se disminuye al 42% en cuanto a la participaci\u00f3n econ\u00f3mica, seg\u00fan las estad\u00edsticas del INEGI.<\/p>\n\n\n\n<p>En ese sentido, el diputado local se\u00f1al\u00f3 que todav\u00eda existe una brecha en t\u00e9rminos de igualdad de oportunidades laborales entre hombres y mujeres.<\/p>\n\n\n\n<p>Record\u00f3 que el a\u00f1o pasado se gener\u00f3 aproximadamente un mill\u00f3n de empleos informales, el 94% de dichos espacios fueron ocupados por mujeres, en el sector de la burocracia el 56% de la ocupaci\u00f3n total, en todo el \u00e1mbito del servicio p\u00fablico son mujeres, de acuerdo con el Plan Estatal de Desarrollo 2021-2027.<\/p>\n\n\n\n<p>Apreza Patr\u00f3n recrimin\u00f3 que los presupuestos son elaborados y aprobados sin perspectiva de g\u00e9nero, \u201clo que s\u00ed es cierto es que los presupuestos que son elaborados y son formulados, a lo largo de muchos a\u00f1os y todav\u00eda son elaborados y son aprobados sin una perspectiva de g\u00e9nero. Sin duda, ese es un saldo pendiente que tenemos con las luchas de las mujeres\u201d.<\/p>\n\n\n\n<p>El legislador local pidi\u00f3 a sus hom\u00f3logos avanzar a pasos firmes y elevar la creaci\u00f3n de las unidades de g\u00e9nero, ya que dijo, son producto de la voluntad de quien esta gobernando porque se refiere a decretos del poder ejecutivo, lo que significa que no es obligatorio que existan y mucho menos a dotarles de presupuesto.<\/p>\n\n\n\n<p>Adem\u00e1s, recalc\u00f3 que el acoso laboral en contra de las mujeres es muy grande y las unidades de g\u00e9nero abonar\u00edan a conocer sus derechos, lo que implica que ser\u00edan menos violentadas.<\/p>\n\n\n\n<p>\u201cSin duda, s\u00ed en el \u00e1mbito de la administraci\u00f3n p\u00fablica estatal la mayor parte de las personas que tienen empleo son mujeres, me parece que es elemental el que haya una Unidad de G\u00e9nero que impulse una perspectiva de g\u00e9nero en la elaboraci\u00f3n de presupuestos, pero que tambi\u00e9n pueda ser toda una campa\u00f1a para que las mujeres conozcan sus derechos y que puedan, en este sentido, ser menos violentadas en el \u00e1mbito laboral\u201d, puntualiz\u00f3 Apreza Patr\u00f3n.<\/p>\n\n\n\n<p>La iniciativa fue turnada a la comisi\u00f3n de igualdad de g\u00e9nero para su an\u00e1lisis y discusi\u00f3n.<br>\ud83d\udd34 #Congreso | El coordinador parlamentario del PRI, H\u00e9ctor Apreza Patr\u00f3n present\u00f3 una iniciativa de reforma a la Ley para la Igualdad entre Mujeres y Hombres del Estado de Guerrero, para que las unidades de g\u00e9nero de los entes p\u00fablicos contribuyan efectivamente a la igualdad.<\/p>\n","protected":false},"excerpt":{"rendered":"<p>&#8212; Se\u00f1ala que las unidades abonan a combatir el acoso a mujeres y garantiza la igualdad Yasm\u00edn Garc\u00eda Chino Chilpancingo, Gro., a 11 de abril 2023.- El coordinador parlamentario del&hellip; <\/p>\n","protected":false},"author":32,"featured_media":60281,"comment_status":"open","ping_status":"open","sticky":false,"template":"","format":"standard","meta":{"fifu_image_url":"","fifu_image_alt":"","footnotes":""},"categories":[2],"tags":[],"class_list":["post-60280","post","type-post","status-publish","format-standard","has-post-thumbnail","hentry","category-congreso"],"_links":{"self":[{"href":"https:\/\/www.interaccionnoticias.com.mx\/index.php?rest_route=\/wp\/v2\/posts\/60280","targetHints":{"allow":["GET"]}}],"collection":[{"href":"https:\/\/www.interaccionnoticias.com.mx\/index.php?rest_route=\/wp\/v2\/posts"}],"about":[{"href":"https:\/\/www.interaccionnoticias.com.mx\/index.php?rest_route=\/wp\/v2\/types\/post"}],"author":[{"embeddable":true,"href":"https:\/\/www.interaccionnoticias.com.mx\/index.php?rest_route=\/wp\/v2\/users\/32"}],"replies":[{"embeddable":true,"href":"https:\/\/www.interaccionnoticias.com.mx\/index.php?rest_route=%2Fwp%2Fv2%2Fcomments&post=60280"}],"version-history":[{"count":1,"href":"https:\/\/www.interaccionnoticias.com.mx\/index.php?rest_route=\/wp\/v2\/posts\/60280\/revisions"}],"predecessor-version":[{"id":60282,"href":"https:\/\/www.interaccionnoticias.com.mx\/index.php?rest_route=\/wp\/v2\/posts\/60280\/revisions\/60282"}],"wp:featuredmedia":[{"embeddable":true,"href":"https:\/\/www.interaccionnoticias.com.mx\/index.php?rest_route=\/wp\/v2\/media\/60281"}],"wp:attachment":[{"href":"https:\/\/www.interaccionnoticias.com.mx\/index.php?rest_route=%2Fwp%2Fv2%2Fmedia&parent=60280"}],"wp:term":[{"taxonomy":"category","embeddable":true,"href":"https:\/\/www.interaccionnoticias.com.mx\/index.php?rest_route=%2Fwp%2Fv2%2Fcategories&post=60280"},{"taxonomy":"post_tag","embeddable":true,"href":"https:\/\/www.interaccionnoticias.com.mx\/index.php?rest_route=%2Fwp%2Fv2%2Ftags&post=60280"}],"curies":[{"name":"wp","href":"https:\/\/api.w.org\/{rel}","templated":true}]}}