{"id":60247,"date":"2023-04-11T14:44:28","date_gmt":"2023-04-11T19:44:28","guid":{"rendered":"https:\/\/interaccionnoticias.com.mx\/?p=60247"},"modified":"2023-04-11T14:44:32","modified_gmt":"2023-04-11T19:44:32","slug":"presenta-bernardo-ortega-jimenez-reformas-a-la-constitucion-que-modifican-el-procedimiento-para-designar-magistrados","status":"publish","type":"post","link":"https:\/\/www.interaccionnoticias.com.mx\/?p=60247","title":{"rendered":"Presenta Bernardo Ortega Jim\u00e9nez reformas a la Constituci\u00f3n que modifican el procedimiento para designar magistrados"},"content":{"rendered":"\n<p><strong>Chilpancingo de los Bravo, Guerrero, 11 de abril de de 2023.-<\/strong> El diputado. Bernardo Ortega Jim\u00e9nez, integrante del Grupo Parlamentario del PRD present\u00f3 una iniciativa con reformas a la constituci\u00f3n de Guerrero que modifican el procedimiento para designar magistrados.<\/p>\n\n\n\n<p>Mismas que de aprobarse, establecer\u00e1n que el gobernador o gobernadora del Estado remita una terna al Congreso del Estado, tres meses antes de que fenezca el nombramiento de la persona que ostente una magistratura en el Poder Judicial.<\/p>\n\n\n\n<p>Recibida la terna, el Congreso del Estado previa comparecencia de las personas propuestas y por el voto de las dos terceras partes del total de sus integrantes, designar\u00e1 en el improrrogable t\u00e9rmino de 45 d\u00edas naturales, a quien deba asumir el cargo de Magistrado del Poder Judicial;<\/p>\n\n\n\n<p>En los recesos del Congreso, la Comisi\u00f3n Permanente deber\u00e1 convocar a sesi\u00f3n extraordinaria del Pleno, para efectos de la designaci\u00f3n que corresponda;<\/p>\n\n\n\n<p>Si el Congreso no resuelve sobre la terna en el t\u00e9rmino establecido, la persona titular del Poder Ejecutivo nombrar\u00e1 de entre la terna a quien deba asumir el cargo de Magistratura.<\/p>\n\n\n\n<p>En el caso que la terna sea rechazada o no alcance la votaci\u00f3n requerida, se notificar\u00e1 a la persona titular del Poder Ejecutivo del Estado para que env\u00ede una nueva terna dentro de los diez d\u00edas siguientes. Si fuere rechazada o no alcance la votaci\u00f3n requerida la persona Gobernadora designar\u00e1 a quien asuma el cargo de Magistrado;<\/p>\n\n\n\n<p>La resoluci\u00f3n del Congreso que designe o rechace un nombramiento deber\u00e1 fundarse y motivarse; Y se garantizar\u00e1 que en la designaci\u00f3n de Magistrados y Jueces se respete el principio de paridad de g\u00e9nero.<\/p>\n\n\n\n<p>Tambi\u00e9n fija el requisito para obtener el nombramiento, ser jurista \u201cde reconocida competencia con m\u00e1s de diez a\u00f1os de ejercicio profesional o en activo en la funci\u00f3n jurisdiccional o carrera judicial\u201d.<\/p>\n\n\n\n<p>En su exposici\u00f3n de motivos, Ortega Jim\u00e9nez refiere que hasta ahora, la Presidencia del Tribunal Superior de Justicia es elegida por el pleno del Tribunal Superior. De jure, las Magistradas y Magistrados son en la mayor\u00eda de los casos designados por el Consejo de la Judicatura Estatal, a propuesta del Poder Ejecutivo y con la aprobaci\u00f3n de la Legislatura o de la Diputaci\u00f3n Permanente.<\/p>\n\n\n\n<p>Esta situaci\u00f3n, que es com\u00fan en todo el pa\u00eds, permite que la designaci\u00f3n de los magistrados y magistradas se realice -en la pr\u00e1ctica- por el Gobernador o Gobernadora, aunque sea ratificada por el Congreso. Esta vinculaci\u00f3n al Poder Ejecutivo llega a tal grado que tambi\u00e9n determina, en los hechos la designaci\u00f3n de quien preside el Tribunal Superior de Justicia, lo que puede afectar seriamente la independencia y autonom\u00eda de los \u00f3rganos impartidores de justicia a nivel local.<\/p>\n","protected":false},"excerpt":{"rendered":"<p>Chilpancingo de los Bravo, Guerrero, 11 de abril de de 2023.- El diputado. Bernardo Ortega Jim\u00e9nez, integrante del Grupo Parlamentario del PRD present\u00f3 una iniciativa con reformas a la constituci\u00f3n&hellip; <\/p>\n","protected":false},"author":19,"featured_media":60248,"comment_status":"open","ping_status":"open","sticky":false,"template":"","format":"standard","meta":{"fifu_image_url":"","fifu_image_alt":"","footnotes":""},"categories":[2],"tags":[],"class_list":["post-60247","post","type-post","status-publish","format-standard","has-post-thumbnail","hentry","category-congreso"],"_links":{"self":[{"href":"https:\/\/www.interaccionnoticias.com.mx\/index.php?rest_route=\/wp\/v2\/posts\/60247","targetHints":{"allow":["GET"]}}],"collection":[{"href":"https:\/\/www.interaccionnoticias.com.mx\/index.php?rest_route=\/wp\/v2\/posts"}],"about":[{"href":"https:\/\/www.interaccionnoticias.com.mx\/index.php?rest_route=\/wp\/v2\/types\/post"}],"author":[{"embeddable":true,"href":"https:\/\/www.interaccionnoticias.com.mx\/index.php?rest_route=\/wp\/v2\/users\/19"}],"replies":[{"embeddable":true,"href":"https:\/\/www.interaccionnoticias.com.mx\/index.php?rest_route=%2Fwp%2Fv2%2Fcomments&post=60247"}],"version-history":[{"count":1,"href":"https:\/\/www.interaccionnoticias.com.mx\/index.php?rest_route=\/wp\/v2\/posts\/60247\/revisions"}],"predecessor-version":[{"id":60249,"href":"https:\/\/www.interaccionnoticias.com.mx\/index.php?rest_route=\/wp\/v2\/posts\/60247\/revisions\/60249"}],"wp:featuredmedia":[{"embeddable":true,"href":"https:\/\/www.interaccionnoticias.com.mx\/index.php?rest_route=\/wp\/v2\/media\/60248"}],"wp:attachment":[{"href":"https:\/\/www.interaccionnoticias.com.mx\/index.php?rest_route=%2Fwp%2Fv2%2Fmedia&parent=60247"}],"wp:term":[{"taxonomy":"category","embeddable":true,"href":"https:\/\/www.interaccionnoticias.com.mx\/index.php?rest_route=%2Fwp%2Fv2%2Fcategories&post=60247"},{"taxonomy":"post_tag","embeddable":true,"href":"https:\/\/www.interaccionnoticias.com.mx\/index.php?rest_route=%2Fwp%2Fv2%2Ftags&post=60247"}],"curies":[{"name":"wp","href":"https:\/\/api.w.org\/{rel}","templated":true}]}}