{"id":60239,"date":"2023-04-11T11:57:11","date_gmt":"2023-04-11T16:57:11","guid":{"rendered":"https:\/\/interaccionnoticias.com.mx\/?p=60239"},"modified":"2023-04-11T11:57:16","modified_gmt":"2023-04-11T16:57:16","slug":"se-preve-altas-temperaturas-y-lluvias-en-guerrero","status":"publish","type":"post","link":"https:\/\/www.interaccionnoticias.com.mx\/?p=60239","title":{"rendered":"Se prev\u00e9 altas temperaturas y lluvias en Guerrero"},"content":{"rendered":"\n<p><strong>&#8212; En las partes altas se pronostica posible ca\u00edda de granizo<\/strong><\/p>\n\n\n\n<p><strong>Yasm\u00edn Garc\u00eda Chino<\/strong><\/p>\n\n\n\n<p><strong>Chilpancingo, Gro., a 11 de abril 2023.-<\/strong> La Secretar\u00eda de Gesti\u00f3n Integral de Riesgos y Protecci\u00f3n Civil inform\u00f3 que se prev\u00e9n altas temperaturas y lluvias los pr\u00f3ximos d\u00edas en Guerrero.<\/p>\n\n\n\n<p>En la entidad se prev\u00e9 que las precipitaciones as\u00ed como tormentas locales se registren principalmente en las Regiones Norte, Monta\u00f1a, Centro, y la parte alta de la Sierra que podr\u00edan estar acompa\u00f1adas de descargas el\u00e9ctricas, rachas de viento fuerte y posible ca\u00edda de granizo en partes altas.<\/p>\n\n\n\n<p>Las altas temperaturas y lluvias ser\u00e1n ocasionadas por un canal de baja presi\u00f3n que se extiende sobre el norte, centro y sur de la Rep\u00fablica de acuerdo con el pron\u00f3stico del Servicio Metereologico Nacional.<br>El comunicado detall\u00f3 que se pronostica que las lluvias podr\u00edan registrarse desde el d\u00eda lunes y hasta el pr\u00f3ximo jueves 13 de abril.<\/p>\n\n\n\n<p>La Secretar\u00eda pidi\u00f3 a la poblaci\u00f3n extremar las medidas de precauci\u00f3n como evitar cruzar vados, r\u00edos, y cuerpos de agua que se encuentran crecidos, mantener la vigilancia por escurrimiento que pudiera presentarse en zonas bajas, y tener cuidado con el riesgo de ca\u00edda de \u00e1rboles, espectaculares y tendido el\u00e9ctrico.<\/p>\n\n\n\n<p>Adem\u00e1s de mantenerse informada a trav\u00e9s de los canales oficiales de comunicaci\u00f3n.<br><\/p>\n","protected":false},"excerpt":{"rendered":"<p>&#8212; En las partes altas se pronostica posible ca\u00edda de granizo Yasm\u00edn Garc\u00eda Chino Chilpancingo, Gro., a 11 de abril 2023.- La Secretar\u00eda de Gesti\u00f3n Integral de Riesgos y Protecci\u00f3n&hellip; <\/p>\n","protected":false},"author":32,"featured_media":60240,"comment_status":"open","ping_status":"open","sticky":false,"template":"","format":"standard","meta":{"fifu_image_url":"","fifu_image_alt":"","footnotes":""},"categories":[9],"tags":[],"class_list":["post-60239","post","type-post","status-publish","format-standard","has-post-thumbnail","hentry","category-fenomenos-naturales"],"_links":{"self":[{"href":"https:\/\/www.interaccionnoticias.com.mx\/index.php?rest_route=\/wp\/v2\/posts\/60239","targetHints":{"allow":["GET"]}}],"collection":[{"href":"https:\/\/www.interaccionnoticias.com.mx\/index.php?rest_route=\/wp\/v2\/posts"}],"about":[{"href":"https:\/\/www.interaccionnoticias.com.mx\/index.php?rest_route=\/wp\/v2\/types\/post"}],"author":[{"embeddable":true,"href":"https:\/\/www.interaccionnoticias.com.mx\/index.php?rest_route=\/wp\/v2\/users\/32"}],"replies":[{"embeddable":true,"href":"https:\/\/www.interaccionnoticias.com.mx\/index.php?rest_route=%2Fwp%2Fv2%2Fcomments&post=60239"}],"version-history":[{"count":1,"href":"https:\/\/www.interaccionnoticias.com.mx\/index.php?rest_route=\/wp\/v2\/posts\/60239\/revisions"}],"predecessor-version":[{"id":60241,"href":"https:\/\/www.interaccionnoticias.com.mx\/index.php?rest_route=\/wp\/v2\/posts\/60239\/revisions\/60241"}],"wp:featuredmedia":[{"embeddable":true,"href":"https:\/\/www.interaccionnoticias.com.mx\/index.php?rest_route=\/wp\/v2\/media\/60240"}],"wp:attachment":[{"href":"https:\/\/www.interaccionnoticias.com.mx\/index.php?rest_route=%2Fwp%2Fv2%2Fmedia&parent=60239"}],"wp:term":[{"taxonomy":"category","embeddable":true,"href":"https:\/\/www.interaccionnoticias.com.mx\/index.php?rest_route=%2Fwp%2Fv2%2Fcategories&post=60239"},{"taxonomy":"post_tag","embeddable":true,"href":"https:\/\/www.interaccionnoticias.com.mx\/index.php?rest_route=%2Fwp%2Fv2%2Ftags&post=60239"}],"curies":[{"name":"wp","href":"https:\/\/api.w.org\/{rel}","templated":true}]}}