{"id":60214,"date":"2023-04-10T20:53:25","date_gmt":"2023-04-11T01:53:25","guid":{"rendered":"https:\/\/interaccionnoticias.com.mx\/?p=60214"},"modified":"2023-04-10T20:53:29","modified_gmt":"2023-04-11T01:53:29","slug":"el-iepc-solicitara-a-la-gobernadora-evelyn-salgado-recursos-extraordinarios","status":"publish","type":"post","link":"https:\/\/www.interaccionnoticias.com.mx\/?p=60214","title":{"rendered":"El IEPC solicitar\u00e1 a la gobernadora Evelyn Salgado recursos extraordinarios"},"content":{"rendered":"\n<p><strong><em>&#8212; Se requieren para la organizaci\u00f3n del proceso electoral que inicia en septiembre pr\u00f3ximo<br>&#8212; Participar\u00e1n por lo menos 8 partidos nuevos en el siguiente proceso<br>&#8212; Habr\u00e1 representantes de pueblos ind\u00edgenas y afrodescendientes en los Consejos<\/em><\/strong><\/p>\n\n\n\n<p><strong>Rosario Garc\u00eda Orozco<\/strong><\/p>\n\n\n\n<p><strong>Chilpancingo, Gro., 10 de abril del 2023.-<\/strong> La presidenta del Instituto Electoral y de Participaci\u00f3n Ciudadana de Guerrero (IEPCGro), Luz Fabiola Matildes Gama inform\u00f3 que el viernes pr\u00f3ximo se reunir\u00e1 con la gobernadora Evelyn Salgado Pineda, para presentarle la solicitud de presupuesto extraordinario para ese \u00f3rgano, con ajustes, porque el de 147 millones de pesos, que era el original, no ser\u00e1 posible contar con \u00e9l.<\/p>\n\n\n\n<p>La funcionaria electoral fue abordada por representantes de los medios de comunicaci\u00f3n que acudieron a tomar el \u00abCurso en materia electoral para periodistas\u00bb, a quines confi\u00f3 que \u00abya est\u00e1 la solicitud, hicimos algunos ajustes, quitamos algunos proyectos de educaci\u00f3n c\u00edvica, de g\u00e9nero, de comunicaci\u00f3n social. Vamos a ir con la gobernadora el viernes pr\u00f3ximo para hacer este nuevo planteamiento y tenemos la esperanza de que s\u00ed nos aprueben un recurso extra. En un principio la solicitud fue de 147 millones de pesos, pero nos dijeron que es mucho y debimos hacer un ajuste, porque necesitamos el recurso para el inicio del proceso electoral\u00bb.<\/p>\n\n\n\n<p>Dijo que lo que se solicita es para el arranque del proceso electoral que ser\u00e1 en el mes de septiembre, porque lo \u00fanico que est\u00e1 garantizado en este momento es para el financiamiento de los partidos pol\u00edticos, \u00abhace falta dinero para la renta de inmuebles, pago de salarios, terminar las consultas a pueblos y comunidades ind\u00edgenas y afrodescendientes y el inicio del proceso electoral que es un tema importante, porque es un asunto que est\u00e1 en la Ley, es una obligaci\u00f3n de IEPC\u00bb.<\/p>\n\n\n\n<p>Record\u00f3 que el a\u00f1o pasado la instituci\u00f3n elabor\u00f3 un presupuesto que inclu\u00edan proyectos de educaci\u00f3n c\u00edvica y cultura democr\u00e1tica, para evitar casos de violencia pol\u00edtica, \u00abpero eso se tuvo que reajustar porque no hay recursos suficiente\u00bb.<\/p>\n\n\n\n<p>-Contin\u00faan las consultas a los pueblos ind\u00edgenas y afrodescendientes, porque ya habr\u00e1 representantes de esos grupos vulnerables en el IEPC<\/p>\n\n\n\n<p>Matildes Gama coment\u00f3 que el IEPC contin\u00faa con las consultas a comunidades y pueblos ind\u00edgenas y afrodescendientes, para determinar quienes ser\u00e1n sus representantes ante los consejos electorales distritales y el general, \u00abya iniciamos en 49 municipios de la Monta\u00f1a, la Costa Chica y la Regi\u00f3n Norte, y esa tarea debe realizarse entre los meses de abril, mayo y junio\u00bb.<\/p>\n\n\n\n<p>Tambi\u00e9n mencion\u00f3 que para el mes de septiembre, que es cuando inicia el pr\u00f3ximo proceso electoral, el IEPC contar\u00e1 con representantes de Pueblos Originarios y de Afrodescendientes en varios consejos distritales y en el Consejo General, \u00abpero ya es un hecho, porque la Sala Regional de la Ciudad de M\u00e9xico ya nos valid\u00f3 nuestra consulta, que cumpli\u00f3 con todos los par\u00e1metros internacionales y con el art\u00edculo 2 de la Constituci\u00f3n y dem\u00e1s documentos internacionales\u00bb.<\/p>\n\n\n\n<p>Explic\u00f3 que lo que sigue son las candidaturas ind\u00edgenas, \u00abpor eso les digo que tenemos mucho trabajo que nos queda de aqu\u00ed a que comience el proceso electoral y ya aprobando los lineamientos para iniciar el proceso electoral, tendremos renovaci\u00f3n de Consejos Distritales, de presidencias, secretar\u00edas y consejer\u00edas, y ya andamos en eso\u00bb.<\/p>\n\n\n\n<p>-Ser\u00e1n por lo menos 8 nuevos partidos pol\u00edticos para el siguiente proceso<\/p>\n\n\n\n<p>Fabiola Matildes dijo que los d\u00edas 17 y 20 de abril se llevar\u00e1n a cabo sesiones del Consejo General para emitir los dict\u00e1menes de los que ser\u00e1n los nuevos partidos pol\u00edticos, que cumplieron con todos los requisitos, con la organizaci\u00f3n de sus asambleas, \u00abpero a\u00fan falta por definir si ser\u00e1n 8 o 9 los nuevos partidos pol\u00edticos, que entrar\u00e1n en funci\u00f3n a partir del primero de junio de este a\u00f1o, ya con presupuesto p\u00fablico que ya se tiene para partidos pol\u00edticos, y en septiembre que comienza ya el proceso electoral formar\u00e1n parte de los Consejos Distritales y el Consejo General\u00bb.<\/p>\n","protected":false},"excerpt":{"rendered":"<p>&#8212; Se requieren para la organizaci\u00f3n del proceso electoral que inicia en septiembre pr\u00f3ximo&#8212; Participar\u00e1n por lo menos 8 partidos nuevos en el siguiente proceso&#8212; Habr\u00e1 representantes de pueblos ind\u00edgenas&hellip; <\/p>\n","protected":false},"author":14,"featured_media":60215,"comment_status":"open","ping_status":"open","sticky":false,"template":"","format":"standard","meta":{"fifu_image_url":"","fifu_image_alt":"","footnotes":""},"categories":[17],"tags":[],"class_list":["post-60214","post","type-post","status-publish","format-standard","has-post-thumbnail","hentry","category-organos-electorales"],"_links":{"self":[{"href":"https:\/\/www.interaccionnoticias.com.mx\/index.php?rest_route=\/wp\/v2\/posts\/60214","targetHints":{"allow":["GET"]}}],"collection":[{"href":"https:\/\/www.interaccionnoticias.com.mx\/index.php?rest_route=\/wp\/v2\/posts"}],"about":[{"href":"https:\/\/www.interaccionnoticias.com.mx\/index.php?rest_route=\/wp\/v2\/types\/post"}],"author":[{"embeddable":true,"href":"https:\/\/www.interaccionnoticias.com.mx\/index.php?rest_route=\/wp\/v2\/users\/14"}],"replies":[{"embeddable":true,"href":"https:\/\/www.interaccionnoticias.com.mx\/index.php?rest_route=%2Fwp%2Fv2%2Fcomments&post=60214"}],"version-history":[{"count":1,"href":"https:\/\/www.interaccionnoticias.com.mx\/index.php?rest_route=\/wp\/v2\/posts\/60214\/revisions"}],"predecessor-version":[{"id":60216,"href":"https:\/\/www.interaccionnoticias.com.mx\/index.php?rest_route=\/wp\/v2\/posts\/60214\/revisions\/60216"}],"wp:featuredmedia":[{"embeddable":true,"href":"https:\/\/www.interaccionnoticias.com.mx\/index.php?rest_route=\/wp\/v2\/media\/60215"}],"wp:attachment":[{"href":"https:\/\/www.interaccionnoticias.com.mx\/index.php?rest_route=%2Fwp%2Fv2%2Fmedia&parent=60214"}],"wp:term":[{"taxonomy":"category","embeddable":true,"href":"https:\/\/www.interaccionnoticias.com.mx\/index.php?rest_route=%2Fwp%2Fv2%2Fcategories&post=60214"},{"taxonomy":"post_tag","embeddable":true,"href":"https:\/\/www.interaccionnoticias.com.mx\/index.php?rest_route=%2Fwp%2Fv2%2Ftags&post=60214"}],"curies":[{"name":"wp","href":"https:\/\/api.w.org\/{rel}","templated":true}]}}