{"id":59983,"date":"2023-04-04T12:35:31","date_gmt":"2023-04-04T17:35:31","guid":{"rendered":"https:\/\/interaccionnoticias.com.mx\/?p=59983"},"modified":"2023-04-04T12:35:32","modified_gmt":"2023-04-04T17:35:32","slug":"obispo-emerito-pide-al-gobierno-federal-asumir-su-responsabilidad-por-la-muerte-de-40-migrantes","status":"publish","type":"post","link":"https:\/\/www.interaccionnoticias.com.mx\/?p=59983","title":{"rendered":"Obispo em\u00e9rito pide al gobierno federal asumir su responsabilidad, por la muerte de 40 migrantes"},"content":{"rendered":"\n<p><strong><em>&#8212; Salvador Rangel sostiene que ya ten\u00edan conocimiento que las instalaciones representaba un riesgo, porque los ten\u00edan encerrados<br>&#8212; En el tema de seguridad considera que el gobierno estatal no se deja ayudar y est\u00e1n cometiendo muchos errores<\/em><\/strong><\/p>\n\n\n\n<p><strong>Yasm\u00edn Garc\u00eda Chino<\/strong><\/p>\n\n\n\n<p><strong>Chilpancingo, Gro., a 4 de abril 2023.- <\/strong>El obispo em\u00e9rito de la di\u00f3cesis Chilpancingo- Chilapa, Salvador Rangel Mendoza responsabiliz\u00f3 al gobierno federal de la muerte de 40 migrantes que murieron quemados el pasado 27 de marzo en un Centro de detenci\u00f3n del Instituto Nacional de Migraci\u00f3n (INM), en Ciudad Ju\u00e1rez Chihuahua.<\/p>\n\n\n\n<p>Rangel Mendoza pidi\u00f3 al presidente de la Rep\u00fablica Andr\u00e9s Manuel L\u00f3pez Obrador, as\u00ed como a las instituciones federales \u00abque no metan la cabeza como el avestruz, en la arena\u00bb y asuman la responsabilidad en esa tragedia.<\/p>\n\n\n\n<p>Recrimin\u00f3 que el gobierno federal ten\u00edan conocimiento de que era un riesgo para los migrantes, porque los ten\u00edan encerrados.<\/p>\n\n\n\n<p>\u201cLos responsables de esto son las instituciones y sabemos que ya hab\u00edan advertido muchas veces de estos extranjeros que estaban como encarcelados. Porque se les ten\u00eda encerrados\u00bb, dijo el Obispo Em\u00e9rito.<\/p>\n\n\n\n<p>En torno a la inseguridad que prevalece en el estado de Guerrero, dijo que la iglesia quiere abonar al problema para lograr la pacificacion, pero el gobierno estatal no se deja ayudar.<\/p>\n\n\n\n<p>En reiteradas ocasiones, Rangel Mendoza ha declarado que el gobierno estatal que encabeza la gobernadora Evelyn Salgado Pineda se debe de reunir con l\u00edderes criminales para pacificar la entidad.<\/p>\n\n\n\n<p>\u00abEl gobierno no se deja ayudar, ellos van como el llanero solitario, corriendo solos y cometiendo muchos errores\u201d, recrimin\u00f3 el prelado cat\u00f3lico.<\/p>\n\n\n\n<p>El obispo em\u00e9rito encabez\u00f3 una misa en la Catedral de Chilapa de \u00c1lvarez, en el contexto de la Semana Santa.<\/p>\n","protected":false},"excerpt":{"rendered":"<p>&#8212; Salvador Rangel sostiene que ya ten\u00edan conocimiento que las instalaciones representaba un riesgo, porque los ten\u00edan encerrados&#8212; En el tema de seguridad considera que el gobierno estatal no se&hellip; <\/p>\n","protected":false},"author":32,"featured_media":59985,"comment_status":"open","ping_status":"open","sticky":false,"template":"","format":"standard","meta":{"fifu_image_url":"","fifu_image_alt":"","footnotes":""},"categories":[11],"tags":[],"class_list":["post-59983","post","type-post","status-publish","format-standard","has-post-thumbnail","hentry","category-guerrero"],"_links":{"self":[{"href":"https:\/\/www.interaccionnoticias.com.mx\/index.php?rest_route=\/wp\/v2\/posts\/59983","targetHints":{"allow":["GET"]}}],"collection":[{"href":"https:\/\/www.interaccionnoticias.com.mx\/index.php?rest_route=\/wp\/v2\/posts"}],"about":[{"href":"https:\/\/www.interaccionnoticias.com.mx\/index.php?rest_route=\/wp\/v2\/types\/post"}],"author":[{"embeddable":true,"href":"https:\/\/www.interaccionnoticias.com.mx\/index.php?rest_route=\/wp\/v2\/users\/32"}],"replies":[{"embeddable":true,"href":"https:\/\/www.interaccionnoticias.com.mx\/index.php?rest_route=%2Fwp%2Fv2%2Fcomments&post=59983"}],"version-history":[{"count":1,"href":"https:\/\/www.interaccionnoticias.com.mx\/index.php?rest_route=\/wp\/v2\/posts\/59983\/revisions"}],"predecessor-version":[{"id":59986,"href":"https:\/\/www.interaccionnoticias.com.mx\/index.php?rest_route=\/wp\/v2\/posts\/59983\/revisions\/59986"}],"wp:featuredmedia":[{"embeddable":true,"href":"https:\/\/www.interaccionnoticias.com.mx\/index.php?rest_route=\/wp\/v2\/media\/59985"}],"wp:attachment":[{"href":"https:\/\/www.interaccionnoticias.com.mx\/index.php?rest_route=%2Fwp%2Fv2%2Fmedia&parent=59983"}],"wp:term":[{"taxonomy":"category","embeddable":true,"href":"https:\/\/www.interaccionnoticias.com.mx\/index.php?rest_route=%2Fwp%2Fv2%2Fcategories&post=59983"},{"taxonomy":"post_tag","embeddable":true,"href":"https:\/\/www.interaccionnoticias.com.mx\/index.php?rest_route=%2Fwp%2Fv2%2Ftags&post=59983"}],"curies":[{"name":"wp","href":"https:\/\/api.w.org\/{rel}","templated":true}]}}