{"id":59968,"date":"2023-04-03T21:22:46","date_gmt":"2023-04-04T02:22:46","guid":{"rendered":"https:\/\/interaccionnoticias.com.mx\/?p=59968"},"modified":"2023-04-03T21:22:51","modified_gmt":"2023-04-04T02:22:51","slug":"preocupa-a-empresarios-locales-el-incremento-de-la-inseguridad-en-chilpancingo","status":"publish","type":"post","link":"https:\/\/www.interaccionnoticias.com.mx\/?p=59968","title":{"rendered":"Preocupa a empresarios locales el incremento de la inseguridad en Chilpancingo"},"content":{"rendered":"\n<p><strong>Rosario Garc\u00eda Orozco<\/strong><\/p>\n\n\n\n<p><strong>Chilpancingo, Gro., 3 de abril del 2023.-<\/strong> Los empresarios locales se encuentran preocupados por el repunte de la inseguridad en Chilpancingo, revel\u00f3 el presidente del Consejo Coordinador Empresarial (CCE), Omar El\u00edas Azar Herrera.<\/p>\n\n\n\n<p>El empresario coment\u00f3 que despu\u00e9s de la pandemia generada por el coronavirus, la cuesta ha sido \u201cextremadamente dif\u00edcil\u201d, ya que muchas empresas incluso tuvieron que reinventarse.<\/p>\n\n\n\n<p>Sin embargo, la situaci\u00f3n econ\u00f3mica es solo uno de los problemas que enfrenta en estos momentos el empresariado, \u00abla preocupaci\u00f3n de los empresarios en estos momentos es en cuanto a la inseguridad, ya que la estrategia impulsada en esta materia por parte de las autoridades no ha funcionado, \u201ces una estrategia fallida\u201d.<\/p>\n\n\n\n<p>Consider\u00f3 que el embate de la delincuencia organizada en contra de los negocios establecidos se refleja en varias \u201cmodalidades\u201d; una de ellas es el \u201chackeo\u201d de las cuentas de Whatsapp, de lo que al menos 40 empresarios han sido v\u00edctimas.<\/p>\n\n\n\n<p>Lament\u00f3 el incremento de los homicidios que ahora ocurren en las principales calles y a plena luz del d\u00eda de las principales ciudades del estado como Acapulco, Chilpancingo, Iguala, Zihuatanejo y Taxco, \u00ablo cual es preocupante porque es reflejo de que la estrategia de seguridad es fallida y sin resultados positivos\u00bb.<\/p>\n\n\n\n<p>El\u00edas Azar dijo que los empresarios locales aglutinados en el Centro Coordinador Empresarial tienen contemplado tener una reuni\u00f3n con la gobernadora Evelyn Salgado Pineda a m\u00e1s tardar antes de que concluyan estas vacaciones de Semana Santa, para hablar acerca de este problema, porque es necesario que se atienda.<\/p>\n\n\n\n<p>Reconoci\u00f3 que los empresarios locales ya se han reunido con la fiscal general del Estado, Sandra Luz Valdovinos Salmer\u00f3n, y con el secretario de Seguridad P\u00fablica, Evelio M\u00e9ndez, pero consideran necesario reunirse con la mandataria estatal, para que conozca de primera mano la preocupaci\u00f3n y las necesidades que enfrenta la iniciativa privada.<\/p>\n","protected":false},"excerpt":{"rendered":"<p>Rosario Garc\u00eda Orozco Chilpancingo, Gro., 3 de abril del 2023.- Los empresarios locales se encuentran preocupados por el repunte de la inseguridad en Chilpancingo, revel\u00f3 el presidente del Consejo Coordinador&hellip; <\/p>\n","protected":false},"author":14,"featured_media":53065,"comment_status":"open","ping_status":"open","sticky":false,"template":"","format":"standard","meta":{"fifu_image_url":"","fifu_image_alt":"","footnotes":""},"categories":[13],"tags":[],"class_list":["post-59968","post","type-post","status-publish","format-standard","has-post-thumbnail","hentry","category-capital"],"_links":{"self":[{"href":"https:\/\/www.interaccionnoticias.com.mx\/index.php?rest_route=\/wp\/v2\/posts\/59968","targetHints":{"allow":["GET"]}}],"collection":[{"href":"https:\/\/www.interaccionnoticias.com.mx\/index.php?rest_route=\/wp\/v2\/posts"}],"about":[{"href":"https:\/\/www.interaccionnoticias.com.mx\/index.php?rest_route=\/wp\/v2\/types\/post"}],"author":[{"embeddable":true,"href":"https:\/\/www.interaccionnoticias.com.mx\/index.php?rest_route=\/wp\/v2\/users\/14"}],"replies":[{"embeddable":true,"href":"https:\/\/www.interaccionnoticias.com.mx\/index.php?rest_route=%2Fwp%2Fv2%2Fcomments&post=59968"}],"version-history":[{"count":1,"href":"https:\/\/www.interaccionnoticias.com.mx\/index.php?rest_route=\/wp\/v2\/posts\/59968\/revisions"}],"predecessor-version":[{"id":59969,"href":"https:\/\/www.interaccionnoticias.com.mx\/index.php?rest_route=\/wp\/v2\/posts\/59968\/revisions\/59969"}],"wp:featuredmedia":[{"embeddable":true,"href":"https:\/\/www.interaccionnoticias.com.mx\/index.php?rest_route=\/wp\/v2\/media\/53065"}],"wp:attachment":[{"href":"https:\/\/www.interaccionnoticias.com.mx\/index.php?rest_route=%2Fwp%2Fv2%2Fmedia&parent=59968"}],"wp:term":[{"taxonomy":"category","embeddable":true,"href":"https:\/\/www.interaccionnoticias.com.mx\/index.php?rest_route=%2Fwp%2Fv2%2Fcategories&post=59968"},{"taxonomy":"post_tag","embeddable":true,"href":"https:\/\/www.interaccionnoticias.com.mx\/index.php?rest_route=%2Fwp%2Fv2%2Ftags&post=59968"}],"curies":[{"name":"wp","href":"https:\/\/api.w.org\/{rel}","templated":true}]}}