{"id":59930,"date":"2023-04-03T16:46:57","date_gmt":"2023-04-03T21:46:57","guid":{"rendered":"https:\/\/interaccionnoticias.com.mx\/?p=59930"},"modified":"2023-04-03T16:47:01","modified_gmt":"2023-04-03T21:47:01","slug":"incremento-en-ocupacion-hotelera-resultado-de-trabajos-realizados-abelina-lopez","status":"publish","type":"post","link":"https:\/\/www.interaccionnoticias.com.mx\/?p=59930","title":{"rendered":"Incremento en ocupaci\u00f3n hotelera, resultado de trabajos realizados: Abelina L\u00f3pez"},"content":{"rendered":"\n<p><strong><em>&#8212; Gracias a la promoci\u00f3n tur\u00edstica, conectividad a\u00e9rea y mar\u00edtima, es que se tiene m\u00e1s arribo de turistas en lo que va de su gobierno, destaca la alcaldesa<\/em><\/strong><\/p>\n\n\n\n<p><strong>Acapulco, Gro., 03 de abril de 2023.-<\/strong> Resultado del trabajo realizado por el Gobierno Municipal, en promoci\u00f3n tur\u00edstica, conectividad a\u00e9rea y mar\u00edtima, el puerto de Acapulco ha registrado un aumento en la ocupaci\u00f3n hotelera con respecto a a\u00f1os anteriores, destac\u00f3 la presidenta, Abelina L\u00f3pez Rodr\u00edguez.<\/p>\n\n\n\n<p>En conferencia de prensa, en la sala de Cabildo Juan R. Escudero, la primera autoridad del municipio present\u00f3 un comparativo del primer trimestre de 2013 hasta el 2023, donde explic\u00f3 que, en 2013, Acapulco report\u00f3 una ocupaci\u00f3n hotelera del 53.8 de ocupaci\u00f3n, en 2014 fue del 51 por ciento, en 2015 registr\u00f3 46.8 puntos porcentuales, en 2016 obtuvo una ocupaci\u00f3n del 54 por ciento y en 2017 alcanz\u00f3 el 51.1 por ciento.<\/p>\n\n\n\n<p>En 2018, la ocupaci\u00f3n fue del 54 por ciento, en 2019 fue del 50.7, en 2020 report\u00f3 48.7 y en 2021, ante la pandemia por Covid 19, cay\u00f3 al 26.0 por ciento.<\/p>\n\n\n\n<p>La presidenta municipal, Abelina, agreg\u00f3 que durante su administraci\u00f3n se trabaj\u00f3 para subir la ocupaci\u00f3n al 44 por ciento en el 2022 y al 56.1 por ciento este 2023, mejorando con respecto al 2013.<\/p>\n\n\n\n<p>\u201cDa mucho gusto saber que el esfuerzo tiene un resultado, saber que ese trabajo que traemos con los empresarios tiene un sentido y esta estad\u00edstica lo refleja\u201d, celebr\u00f3 la presidenta.<\/p>\n\n\n\n<p>Abelina L\u00f3pez, manifest\u00f3 que, \u201ces apasionante\u201d concretar convenios y actividades para promover al destino y mejorar el flujo de visitantes.<\/p>\n\n\n\n<p>Aunado a ello, la presidenta afirm\u00f3 que su gobierno trabaja en reactivar el turismo de cruceros y en ofrecer playas limpias, lo que ayuda a atraer m\u00e1s turistas.<\/p>\n\n\n\n<p>Asistieron a la conferencia, el secretario General del Ayuntamiento, Jos\u00e9 Juan Ayala Villase\u00f1or; el secretario de Turismo Municipal, David Abarca Rodr\u00edguez; el director de Promoci\u00f3n Tur\u00edstica, Gerardo Ochoa Amor\u00f3s; el procurador de la Inversi\u00f3n en Acapulco, Juan Olgu\u00edn Estrada; la regidora Hilda Sof\u00eda Corona Mijangos y el presidente de la Asociaci\u00f3n de Hoteles y Empresas Tur\u00edsticas de Acapulco, Alejandro Dom\u00ednguez Aveleyra.<\/p>\n","protected":false},"excerpt":{"rendered":"<p>&#8212; Gracias a la promoci\u00f3n tur\u00edstica, conectividad a\u00e9rea y mar\u00edtima, es que se tiene m\u00e1s arribo de turistas en lo que va de su gobierno, destaca la alcaldesa Acapulco, Gro.,&hellip; <\/p>\n","protected":false},"author":19,"featured_media":59931,"comment_status":"open","ping_status":"open","sticky":false,"template":"","format":"standard","meta":{"fifu_image_url":"","fifu_image_alt":"","footnotes":""},"categories":[242],"tags":[],"class_list":["post-59930","post","type-post","status-publish","format-standard","has-post-thumbnail","hentry","category-acapulco"],"_links":{"self":[{"href":"https:\/\/www.interaccionnoticias.com.mx\/index.php?rest_route=\/wp\/v2\/posts\/59930","targetHints":{"allow":["GET"]}}],"collection":[{"href":"https:\/\/www.interaccionnoticias.com.mx\/index.php?rest_route=\/wp\/v2\/posts"}],"about":[{"href":"https:\/\/www.interaccionnoticias.com.mx\/index.php?rest_route=\/wp\/v2\/types\/post"}],"author":[{"embeddable":true,"href":"https:\/\/www.interaccionnoticias.com.mx\/index.php?rest_route=\/wp\/v2\/users\/19"}],"replies":[{"embeddable":true,"href":"https:\/\/www.interaccionnoticias.com.mx\/index.php?rest_route=%2Fwp%2Fv2%2Fcomments&post=59930"}],"version-history":[{"count":2,"href":"https:\/\/www.interaccionnoticias.com.mx\/index.php?rest_route=\/wp\/v2\/posts\/59930\/revisions"}],"predecessor-version":[{"id":59933,"href":"https:\/\/www.interaccionnoticias.com.mx\/index.php?rest_route=\/wp\/v2\/posts\/59930\/revisions\/59933"}],"wp:featuredmedia":[{"embeddable":true,"href":"https:\/\/www.interaccionnoticias.com.mx\/index.php?rest_route=\/wp\/v2\/media\/59931"}],"wp:attachment":[{"href":"https:\/\/www.interaccionnoticias.com.mx\/index.php?rest_route=%2Fwp%2Fv2%2Fmedia&parent=59930"}],"wp:term":[{"taxonomy":"category","embeddable":true,"href":"https:\/\/www.interaccionnoticias.com.mx\/index.php?rest_route=%2Fwp%2Fv2%2Fcategories&post=59930"},{"taxonomy":"post_tag","embeddable":true,"href":"https:\/\/www.interaccionnoticias.com.mx\/index.php?rest_route=%2Fwp%2Fv2%2Ftags&post=59930"}],"curies":[{"name":"wp","href":"https:\/\/api.w.org\/{rel}","templated":true}]}}