{"id":59924,"date":"2023-04-03T16:21:48","date_gmt":"2023-04-03T21:21:48","guid":{"rendered":"https:\/\/interaccionnoticias.com.mx\/?p=59924"},"modified":"2023-04-03T16:21:53","modified_gmt":"2023-04-03T21:21:53","slug":"nueva-presidenta-del-ine-debe-ser-garante-de-los-equilibrios-dice-manuel-anorve","status":"publish","type":"post","link":"https:\/\/www.interaccionnoticias.com.mx\/?p=59924","title":{"rendered":"Nueva presidenta del INE debe ser garante de los equilibrios, dice Manuel A\u00f1orve"},"content":{"rendered":"\n<p><em><strong>&#8212; En 2024 debe tenerse una elecci\u00f3n tranquila y democr\u00e1tica<\/strong><\/em><\/p>\n\n\n\n<p><strong>Rogelio Agust\u00edn<\/strong><\/p>\n\n\n\n<p>El coordinador del PRI en el Senado de la Rep\u00fablica, Manuel A\u00f1orve Ba\u00f1os record\u00f3 a la nueva presidenta del Instituto Nacional Electoral (INE), Guadalupe Taddei Zavala, que debe ser garante de los equilibrios y que su desempe\u00f1o en el cargo, estar\u00e1 muy vigilado por la sociedad.<\/p>\n\n\n\n<p>V\u00eda telef\u00f3nica, A\u00f1orve Ba\u00f1os se pronunci\u00f3 a favor de que la consejera Taddei Zavala tenga \u00e9xito en la presidencia del INE, \u00f3rgano electoral que asegur\u00f3, se conforma con la voluntad de los ciudadanos.<\/p>\n\n\n\n<p>Indic\u00f3 que el INE debe ser el garante de guardar los equilibrios durante los procesos electorales.<\/p>\n\n\n\n<p>Record\u00f3 que el desempe\u00f1o de los consejeros del INE estar\u00e1 sumamente vigilado, por lo que deben manejarse de manera imparcial, para que el pa\u00eds tenga certeza y credibilidad en los resultados de las elecciones.<\/p>\n\n\n\n<p>En los comicios de 2024, record\u00f3 que adem\u00e1s de la presidencia de la Rep\u00fablica, se van a votar 9 gubernaturas, el Senado, los diputados federales y casi todas las presidencias municipales del pa\u00eds.<\/p>\n\n\n\n<p>Reconoci\u00f3 que es irrefutable que hay cambios en la vida democr\u00e1tica del pa\u00eds, lo que se debe tratar, es de que dichos cambios sean para bien.<\/p>\n\n\n\n<p>\u201cTenemos que fortalecer al INE, no estrangularlo como lo planteaba el Plan B, por eso es que nosotros nos fuimos al recurso de inconstitucionalidad\u201d, indic\u00f3.<\/p>\n\n\n\n<p>Con el recurso de referencia, destac\u00f3 que se busca que el proceso electoral arranque el 1 de septiembre de este a\u00f1o, no la tercera semana de noviembre, como contemplaba el Plan B propuesto por el Gobierno de la Rep\u00fablica, mismo que fue suspendido temporalmente por la Suprema Corte de Justicia de la Naci\u00f3n (SCJN).<\/p>\n\n\n\n<p>\u201cLo que quieren es que los precandidatos (de MORENA) puedan hacer precampa\u00f1a, pero eso no es posible si se le da marcha atr\u00e1s completamente al Plan B\u201d, asever\u00f3.<\/p>\n\n\n\n<p>La prioridad para todos, de acuerdo con el representante popular, es que en 2024 se garantice una elecci\u00f3n tranquila, democr\u00e1tica, en la que se cuente con las casillas, el material y el personal que se requiere.<\/p>\n","protected":false},"excerpt":{"rendered":"<p>&#8212; En 2024 debe tenerse una elecci\u00f3n tranquila y democr\u00e1tica Rogelio Agust\u00edn El coordinador del PRI en el Senado de la Rep\u00fablica, Manuel A\u00f1orve Ba\u00f1os record\u00f3 a la nueva presidenta&hellip; <\/p>\n","protected":false},"author":21,"featured_media":59925,"comment_status":"open","ping_status":"open","sticky":false,"template":"","format":"standard","meta":{"fifu_image_url":"","fifu_image_alt":"","footnotes":""},"categories":[21],"tags":[],"class_list":["post-59924","post","type-post","status-publish","format-standard","has-post-thumbnail","hentry","category-politica"],"_links":{"self":[{"href":"https:\/\/www.interaccionnoticias.com.mx\/index.php?rest_route=\/wp\/v2\/posts\/59924","targetHints":{"allow":["GET"]}}],"collection":[{"href":"https:\/\/www.interaccionnoticias.com.mx\/index.php?rest_route=\/wp\/v2\/posts"}],"about":[{"href":"https:\/\/www.interaccionnoticias.com.mx\/index.php?rest_route=\/wp\/v2\/types\/post"}],"author":[{"embeddable":true,"href":"https:\/\/www.interaccionnoticias.com.mx\/index.php?rest_route=\/wp\/v2\/users\/21"}],"replies":[{"embeddable":true,"href":"https:\/\/www.interaccionnoticias.com.mx\/index.php?rest_route=%2Fwp%2Fv2%2Fcomments&post=59924"}],"version-history":[{"count":1,"href":"https:\/\/www.interaccionnoticias.com.mx\/index.php?rest_route=\/wp\/v2\/posts\/59924\/revisions"}],"predecessor-version":[{"id":59926,"href":"https:\/\/www.interaccionnoticias.com.mx\/index.php?rest_route=\/wp\/v2\/posts\/59924\/revisions\/59926"}],"wp:featuredmedia":[{"embeddable":true,"href":"https:\/\/www.interaccionnoticias.com.mx\/index.php?rest_route=\/wp\/v2\/media\/59925"}],"wp:attachment":[{"href":"https:\/\/www.interaccionnoticias.com.mx\/index.php?rest_route=%2Fwp%2Fv2%2Fmedia&parent=59924"}],"wp:term":[{"taxonomy":"category","embeddable":true,"href":"https:\/\/www.interaccionnoticias.com.mx\/index.php?rest_route=%2Fwp%2Fv2%2Fcategories&post=59924"},{"taxonomy":"post_tag","embeddable":true,"href":"https:\/\/www.interaccionnoticias.com.mx\/index.php?rest_route=%2Fwp%2Fv2%2Ftags&post=59924"}],"curies":[{"name":"wp","href":"https:\/\/api.w.org\/{rel}","templated":true}]}}