{"id":59914,"date":"2023-04-03T13:40:54","date_gmt":"2023-04-03T18:40:54","guid":{"rendered":"https:\/\/interaccionnoticias.com.mx\/?p=59914"},"modified":"2023-04-03T13:40:59","modified_gmt":"2023-04-03T18:40:59","slug":"acusan-a-trabajador-de-la-fge-de-amenazar-a-menor-de-edad-victima-de-abuso","status":"publish","type":"post","link":"https:\/\/www.interaccionnoticias.com.mx\/?p=59914","title":{"rendered":"Acusan a trabajador de la FGE de amenazar a menor de edad, v\u00edctima de abuso"},"content":{"rendered":"\n<p><strong><em>&#8212; Sin el respaldo de colectivas, madre de la agraviada protesta en la FGE<br>&#8212; El trabajador graba a la menor en su colonia, la amenaza con hacerle \u00abalgo\u00bb a ella y su familia<\/em><\/strong><\/p>\n\n\n\n<p><strong>Yasm\u00edn Garc\u00eda Chino<\/strong><\/p>\n\n\n\n<p><strong>Chilpancingo, Gro., a 3 de abril del 2023.-<\/strong> Rosa Bucio Infante y su hija, una ni\u00f1a menor de edad protestaron frente a las instalaciones de la Fiscal\u00eda General del Estado (FGE), para denunciar al trabajador de la Contralor\u00eda Interna, Antonio Ben\u00edtez Guerrero de proteger a un hombre acusado de abusos sexual, lo que ha provocado que amenace a la v\u00edctima directa y su familia.<\/p>\n\n\n\n<p>De acuerdo con la denuncia de la se\u00f1ora Bucio Infante, el funcionario Ben\u00edtez Guerrero graba a la ni\u00f1a cuando est\u00e1 jugando en la colonia donde vive, le dice mentirosa y la conmina a que se retracte de la denuncia presentada en contra de un abusador.<\/p>\n\n\n\n<p>En caso de que no atienda la orden, se le advierte que tanto ella como sus pap\u00e1s van a sufrir alg\u00fan tipo de da\u00f1o.<\/p>\n\n\n\n<p>\u201cA mi hija la graba no la puede ver jugando, yo no quiero que le pase algo, antes de que act\u00fae en su contra yo hago responsable a la fiscal, porque ya desde hace seis meses he acudido la FGE y no me atiende\u201d, dijo la madre de la menor.<\/p>\n\n\n\n<p>Indic\u00f3 que el funcionario en menci\u00f3n no tiene una profesi\u00f3n y por ende carece de una cedula profesional, sin embargo se ostenta como abogado y lleva la defensor\u00eda del sujeto que cometi\u00f3 el crimen en contra de la menor de edad, mismo que fue detenido por la FGE en noviembre del a\u00f1o pasado.<\/p>\n\n\n\n<p>Adem\u00e1s, el perpetrador ha sido denunciado en varias ocasiones por la comisi\u00f3n de presuntos actos de corrupci\u00f3n, pero destac\u00f3 que en los archivos de la fiscal\u00eda no existe un registro de tales denuncias, recrimin\u00f3 Rosa Bucio.<\/p>\n\n\n\n<p>Rosa protest\u00f3 sola junto a su hija, ninguna colectiva feminista de la entidad acudi\u00f3 para darle acompa\u00f1amiento.<\/p>\n\n\n\n<p>El acusado del caso es Ciriaco \u201cN\u201d por el cual la Asociaci\u00f3n de Discapacitados y Sordomudos del Estado de Guerrero, que dirige Silvestre Rodr\u00edguez bloquearon en el mes de noviembre la Autopista del Sol, en el punto conocido como el Parador del Marques, para exigir su liberaci\u00f3n.<\/p>\n","protected":false},"excerpt":{"rendered":"<p>&#8212; Sin el respaldo de colectivas, madre de la agraviada protesta en la FGE&#8212; El trabajador graba a la menor en su colonia, la amenaza con hacerle \u00abalgo\u00bb a ella&hellip; <\/p>\n","protected":false},"author":32,"featured_media":59915,"comment_status":"open","ping_status":"open","sticky":false,"template":"","format":"standard","meta":{"fifu_image_url":"","fifu_image_alt":"","footnotes":""},"categories":[29],"tags":[],"class_list":["post-59914","post","type-post","status-publish","format-standard","has-post-thumbnail","hentry","category-sociedad"],"_links":{"self":[{"href":"https:\/\/www.interaccionnoticias.com.mx\/index.php?rest_route=\/wp\/v2\/posts\/59914","targetHints":{"allow":["GET"]}}],"collection":[{"href":"https:\/\/www.interaccionnoticias.com.mx\/index.php?rest_route=\/wp\/v2\/posts"}],"about":[{"href":"https:\/\/www.interaccionnoticias.com.mx\/index.php?rest_route=\/wp\/v2\/types\/post"}],"author":[{"embeddable":true,"href":"https:\/\/www.interaccionnoticias.com.mx\/index.php?rest_route=\/wp\/v2\/users\/32"}],"replies":[{"embeddable":true,"href":"https:\/\/www.interaccionnoticias.com.mx\/index.php?rest_route=%2Fwp%2Fv2%2Fcomments&post=59914"}],"version-history":[{"count":1,"href":"https:\/\/www.interaccionnoticias.com.mx\/index.php?rest_route=\/wp\/v2\/posts\/59914\/revisions"}],"predecessor-version":[{"id":59916,"href":"https:\/\/www.interaccionnoticias.com.mx\/index.php?rest_route=\/wp\/v2\/posts\/59914\/revisions\/59916"}],"wp:featuredmedia":[{"embeddable":true,"href":"https:\/\/www.interaccionnoticias.com.mx\/index.php?rest_route=\/wp\/v2\/media\/59915"}],"wp:attachment":[{"href":"https:\/\/www.interaccionnoticias.com.mx\/index.php?rest_route=%2Fwp%2Fv2%2Fmedia&parent=59914"}],"wp:term":[{"taxonomy":"category","embeddable":true,"href":"https:\/\/www.interaccionnoticias.com.mx\/index.php?rest_route=%2Fwp%2Fv2%2Fcategories&post=59914"},{"taxonomy":"post_tag","embeddable":true,"href":"https:\/\/www.interaccionnoticias.com.mx\/index.php?rest_route=%2Fwp%2Fv2%2Ftags&post=59914"}],"curies":[{"name":"wp","href":"https:\/\/api.w.org\/{rel}","templated":true}]}}