{"id":59883,"date":"2023-04-02T18:49:12","date_gmt":"2023-04-02T23:49:12","guid":{"rendered":"https:\/\/interaccionnoticias.com.mx\/?p=59883"},"modified":"2023-04-02T18:49:18","modified_gmt":"2023-04-02T23:49:18","slug":"presentan-del-libro-de-marcelo-ebrard-en-regiones-de-guerrero-el-camino-de-mexico","status":"publish","type":"post","link":"https:\/\/www.interaccionnoticias.com.mx\/?p=59883","title":{"rendered":"Presentan del libro de Marcelo Ebrard en regiones de Guerrero: \u00abEl Camino de M\u00e9xico\u00bb"},"content":{"rendered":"\n<p><em><strong>&#8212; En Costa Grande, zona Norte y la Monta\u00f1a de Guerrero<br>&#8212; Crece la demanda por ejemplares impresos<\/strong><\/em><\/p>\n\n\n\n<p><strong>Javier Trujillo<\/strong><\/p>\n\n\n\n<p><strong>Acapulco, Gro. &#8211;<\/strong> Con el libro \u201cEl Camino de M\u00e9xico\u201d, que narra la vida del canciller Marcelo Ebrard Casaubon, la casa Editorial Aguilar, contin\u00fao con la ruta de presentaciones con gran \u00e9xito y aceptaci\u00f3n en los municipios del estado de Guerrero.<\/p>\n\n\n\n<p>Fue en los municipios de Tlapa de Comonfort, Iguala y Benito Ju\u00e1rez. D\u00f3nde el libro escrito por el actual titular de la Secretar\u00eda de Relaci\u00f3n exteriores, Ebrard Casaub\u00f3n, logr\u00f3 permear entre los asistentes a las regiones Norte, Monta\u00f1a y Costa Grande de la entidad.<\/p>\n\n\n\n<p>Cada uno de los comentaristas de la obra literaria en cada presentaci\u00f3n, coincidieron en que no se pude acceder a una vida de servicio p\u00fablico si no se entiende los or\u00edgenes de cada persona y en el caso de Marcelo Ebrard se destaca la importancia de su familia en su formaci\u00f3n y en su concepci\u00f3n de c\u00f3mo enfrentar y dar soluciones a los problemas del pa\u00eds.<\/p>\n\n\n\n<p>En Iguala de la Independencia, los comentaristas fueron el investigador y promotor cultural maestro Am\u00edlcar Venegas Cisneros y el docente e historiador, doctor Salvador Rom\u00e1n quienes se\u00f1alaron que en cada capitulo de \u201cEl Camino de M\u00e9xico\u201d, se destaca la constancia y consistencia del pol\u00edtico mexicano para lograr sus objetivos.<\/p>\n\n\n\n<p>Entre los asistentes de la sociedad igualteca, se destacaron integrantes de las distintas expresiones de apoyo al canciller Marcelo Ebrard como \u00abGuerrero con Marcelo\u00bb, con el doctor L\u00e1zaro Maz\u00f3n Alonso, \u00abBenem\u00e9rito Ju\u00e1rez Siglo XXI\u00bb, con Alberto L\u00f3pez Rosas y la diputada federal Araceli Ocampo Manzanares, de \u00abMorena Progresista\u00bb, entre otros.<\/p>\n\n\n\n<p>Mientras, en el auditorio del Instituto Iberoamericano Espa\u00f1ol de Tlapa de Comonfort, en la regi\u00f3n de la Monta\u00f1a de Guerrero, el libro fue comentado magistralmente por los maestros Jaime Baz\u00e1n Flores y Daybelis Lizbeth Sol\u00eds Ramos, moderados por H\u00e9ctor Vitrago.<\/p>\n\n\n\n<p>Los comentaristas destacaron la s\u00f3lida formaci\u00f3n de Marcelo Ebrard desde sus or\u00edgenes familiares, la experiencia consolidada por los diversos cargos desempe\u00f1ados, as\u00ed como la propuesta viable y consentido social que presenta.<\/p>\n\n\n\n<p>La presentaci\u00f3n de la importante obra literaria, tuvo como invitados a conocidas personalidades de la vida pol\u00edtica y social, entre ellos al diputado Macedonio Mendoza Basurto, los regidores Deyssi Guerrero Bola\u00f1os, Mois\u00e9s Perea de Movimiento Progresista, Sebasti\u00e1n G\u00f3mez Gonz\u00e1lez e Inocencio Navarro, entre otros.<\/p>\n\n\n\n<p>Finalmente, el recorrido de \u201cEl Camino de M\u00e9xico\u201d, lleg\u00f3 a la Costa Grande de la entidad, al municipio de Benito Ju\u00e1rez con cabecera municipal en San Jer\u00f3nimo, donde fue comentado por el historiador y promotor cultural, Rub\u00e9n R\u00edos Radilla y por el catedr\u00e1tico y escritor, Guillermo Coria Contreras, mismos que reconocieron en esta obra una gran oportunidad para conocer el lado humano de Marcelo.<\/p>\n\n\n\n<p>A la presentaci\u00f3n acudieron entre otros, Hilario Ruiz de Guerrero con Marcelo, el doctor Jorge Ocampo de Di\u00e1logos Progresistas, el profesor Antonio Nieves Solis y la maestra Juana Guzm\u00e1n Reyna.<\/p>\n\n\n\n<p>Al t\u00e9rmino de la presentaci\u00f3n, personal de Editorial Aguilar vendi\u00f3 algunos ejemplares del libro con alta demanda entre los asistentes, por lo cual se puso a disposici\u00f3n la venta en l\u00ednea a trav\u00e9s de la p\u00e1gina de internet de la editorial y la casa distribuidora Pinguin.<\/p>\n\n\n\n<div class=\"wp-block-jetpack-slideshow aligncenter\" data-effect=\"slide\"><div class=\"wp-block-jetpack-slideshow_container swiper-container\"><ul class=\"wp-block-jetpack-slideshow_swiper-wrapper swiper-wrapper\"><li class=\"wp-block-jetpack-slideshow_slide swiper-slide\"><figure><img decoding=\"async\" src=\"data:image\/gif;base64,R0lGODlhAQABAIAAAAAAAP\/\/\/ywAAAAAAQABAAACAUwAOw==\" fifu-lazy=\"1\" fifu-data-sizes=\"auto\" fifu-data-srcset=\"https:\/\/i1.wp.com\/interaccionnoticias.com.mx\/wp-content\/uploads\/2023\/04\/230402-libro-de-Marcelo-Ebrard-3-1024x683.jpg?ssl=1&w=75&resize=75&ssl=1 75w, https:\/\/i1.wp.com\/interaccionnoticias.com.mx\/wp-content\/uploads\/2023\/04\/230402-libro-de-Marcelo-Ebrard-3-1024x683.jpg?ssl=1&w=100&resize=100&ssl=1 100w, https:\/\/i1.wp.com\/interaccionnoticias.com.mx\/wp-content\/uploads\/2023\/04\/230402-libro-de-Marcelo-Ebrard-3-1024x683.jpg?ssl=1&w=150&resize=150&ssl=1 150w, https:\/\/i1.wp.com\/interaccionnoticias.com.mx\/wp-content\/uploads\/2023\/04\/230402-libro-de-Marcelo-Ebrard-3-1024x683.jpg?ssl=1&w=240&resize=240&ssl=1 240w, https:\/\/i1.wp.com\/interaccionnoticias.com.mx\/wp-content\/uploads\/2023\/04\/230402-libro-de-Marcelo-Ebrard-3-1024x683.jpg?ssl=1&w=320&resize=320&ssl=1 320w, https:\/\/i1.wp.com\/interaccionnoticias.com.mx\/wp-content\/uploads\/2023\/04\/230402-libro-de-Marcelo-Ebrard-3-1024x683.jpg?ssl=1&w=500&resize=500&ssl=1 500w, https:\/\/i1.wp.com\/interaccionnoticias.com.mx\/wp-content\/uploads\/2023\/04\/230402-libro-de-Marcelo-Ebrard-3-1024x683.jpg?ssl=1&w=640&resize=640&ssl=1 640w, https:\/\/i1.wp.com\/interaccionnoticias.com.mx\/wp-content\/uploads\/2023\/04\/230402-libro-de-Marcelo-Ebrard-3-1024x683.jpg?ssl=1&w=800&resize=800&ssl=1 800w, https:\/\/i1.wp.com\/interaccionnoticias.com.mx\/wp-content\/uploads\/2023\/04\/230402-libro-de-Marcelo-Ebrard-3-1024x683.jpg?ssl=1&w=1024&resize=1024&ssl=1 1024w, https:\/\/i1.wp.com\/interaccionnoticias.com.mx\/wp-content\/uploads\/2023\/04\/230402-libro-de-Marcelo-Ebrard-3-1024x683.jpg?ssl=1&w=1280&resize=1280&ssl=1 1280w, https:\/\/i1.wp.com\/interaccionnoticias.com.mx\/wp-content\/uploads\/2023\/04\/230402-libro-de-Marcelo-Ebrard-3-1024x683.jpg?ssl=1&w=1600&resize=1600&ssl=1 1600w\" alt=\"\" class=\"wp-block-jetpack-slideshow_image wp-image-59886\" data-id=\"59886\" fifu-data-src=\"https:\/\/i1.wp.com\/interaccionnoticias.com.mx\/wp-content\/uploads\/2023\/04\/230402-libro-de-Marcelo-Ebrard-3-1024x683.jpg?ssl=1\"\/><\/figure><\/li><li class=\"wp-block-jetpack-slideshow_slide swiper-slide\"><figure><img decoding=\"async\" src=\"data:image\/gif;base64,R0lGODlhAQABAIAAAAAAAP\/\/\/ywAAAAAAQABAAACAUwAOw==\" fifu-lazy=\"1\" fifu-data-sizes=\"auto\" fifu-data-srcset=\"https:\/\/i0.wp.com\/interaccionnoticias.com.mx\/wp-content\/uploads\/2023\/04\/230402-libro-de-Marcelo-Ebrard-1-1024x683.jpg?ssl=1&w=75&resize=75&ssl=1 75w, https:\/\/i0.wp.com\/interaccionnoticias.com.mx\/wp-content\/uploads\/2023\/04\/230402-libro-de-Marcelo-Ebrard-1-1024x683.jpg?ssl=1&w=100&resize=100&ssl=1 100w, https:\/\/i0.wp.com\/interaccionnoticias.com.mx\/wp-content\/uploads\/2023\/04\/230402-libro-de-Marcelo-Ebrard-1-1024x683.jpg?ssl=1&w=150&resize=150&ssl=1 150w, https:\/\/i0.wp.com\/interaccionnoticias.com.mx\/wp-content\/uploads\/2023\/04\/230402-libro-de-Marcelo-Ebrard-1-1024x683.jpg?ssl=1&w=240&resize=240&ssl=1 240w, https:\/\/i0.wp.com\/interaccionnoticias.com.mx\/wp-content\/uploads\/2023\/04\/230402-libro-de-Marcelo-Ebrard-1-1024x683.jpg?ssl=1&w=320&resize=320&ssl=1 320w, https:\/\/i0.wp.com\/interaccionnoticias.com.mx\/wp-content\/uploads\/2023\/04\/230402-libro-de-Marcelo-Ebrard-1-1024x683.jpg?ssl=1&w=500&resize=500&ssl=1 500w, https:\/\/i0.wp.com\/interaccionnoticias.com.mx\/wp-content\/uploads\/2023\/04\/230402-libro-de-Marcelo-Ebrard-1-1024x683.jpg?ssl=1&w=640&resize=640&ssl=1 640w, https:\/\/i0.wp.com\/interaccionnoticias.com.mx\/wp-content\/uploads\/2023\/04\/230402-libro-de-Marcelo-Ebrard-1-1024x683.jpg?ssl=1&w=800&resize=800&ssl=1 800w, https:\/\/i0.wp.com\/interaccionnoticias.com.mx\/wp-content\/uploads\/2023\/04\/230402-libro-de-Marcelo-Ebrard-1-1024x683.jpg?ssl=1&w=1024&resize=1024&ssl=1 1024w, https:\/\/i0.wp.com\/interaccionnoticias.com.mx\/wp-content\/uploads\/2023\/04\/230402-libro-de-Marcelo-Ebrard-1-1024x683.jpg?ssl=1&w=1280&resize=1280&ssl=1 1280w, https:\/\/i0.wp.com\/interaccionnoticias.com.mx\/wp-content\/uploads\/2023\/04\/230402-libro-de-Marcelo-Ebrard-1-1024x683.jpg?ssl=1&w=1600&resize=1600&ssl=1 1600w\" alt=\"\" class=\"wp-block-jetpack-slideshow_image wp-image-59884\" data-id=\"59884\" fifu-data-src=\"https:\/\/i0.wp.com\/interaccionnoticias.com.mx\/wp-content\/uploads\/2023\/04\/230402-libro-de-Marcelo-Ebrard-1-1024x683.jpg?ssl=1\"\/><\/figure><\/li><li class=\"wp-block-jetpack-slideshow_slide swiper-slide\"><figure><img decoding=\"async\" src=\"data:image\/gif;base64,R0lGODlhAQABAIAAAAAAAP\/\/\/ywAAAAAAQABAAACAUwAOw==\" fifu-lazy=\"1\" fifu-data-sizes=\"auto\" fifu-data-srcset=\"https:\/\/i3.wp.com\/interaccionnoticias.com.mx\/wp-content\/uploads\/2023\/04\/230402-libro-de-Marcelo-Ebrard-2-1024x683.jpg?ssl=1&w=75&resize=75&ssl=1 75w, https:\/\/i3.wp.com\/interaccionnoticias.com.mx\/wp-content\/uploads\/2023\/04\/230402-libro-de-Marcelo-Ebrard-2-1024x683.jpg?ssl=1&w=100&resize=100&ssl=1 100w, https:\/\/i3.wp.com\/interaccionnoticias.com.mx\/wp-content\/uploads\/2023\/04\/230402-libro-de-Marcelo-Ebrard-2-1024x683.jpg?ssl=1&w=150&resize=150&ssl=1 150w, https:\/\/i3.wp.com\/interaccionnoticias.com.mx\/wp-content\/uploads\/2023\/04\/230402-libro-de-Marcelo-Ebrard-2-1024x683.jpg?ssl=1&w=240&resize=240&ssl=1 240w, https:\/\/i3.wp.com\/interaccionnoticias.com.mx\/wp-content\/uploads\/2023\/04\/230402-libro-de-Marcelo-Ebrard-2-1024x683.jpg?ssl=1&w=320&resize=320&ssl=1 320w, https:\/\/i3.wp.com\/interaccionnoticias.com.mx\/wp-content\/uploads\/2023\/04\/230402-libro-de-Marcelo-Ebrard-2-1024x683.jpg?ssl=1&w=500&resize=500&ssl=1 500w, https:\/\/i3.wp.com\/interaccionnoticias.com.mx\/wp-content\/uploads\/2023\/04\/230402-libro-de-Marcelo-Ebrard-2-1024x683.jpg?ssl=1&w=640&resize=640&ssl=1 640w, https:\/\/i3.wp.com\/interaccionnoticias.com.mx\/wp-content\/uploads\/2023\/04\/230402-libro-de-Marcelo-Ebrard-2-1024x683.jpg?ssl=1&w=800&resize=800&ssl=1 800w, https:\/\/i3.wp.com\/interaccionnoticias.com.mx\/wp-content\/uploads\/2023\/04\/230402-libro-de-Marcelo-Ebrard-2-1024x683.jpg?ssl=1&w=1024&resize=1024&ssl=1 1024w, https:\/\/i3.wp.com\/interaccionnoticias.com.mx\/wp-content\/uploads\/2023\/04\/230402-libro-de-Marcelo-Ebrard-2-1024x683.jpg?ssl=1&w=1280&resize=1280&ssl=1 1280w, https:\/\/i3.wp.com\/interaccionnoticias.com.mx\/wp-content\/uploads\/2023\/04\/230402-libro-de-Marcelo-Ebrard-2-1024x683.jpg?ssl=1&w=1600&resize=1600&ssl=1 1600w\" alt=\"\" class=\"wp-block-jetpack-slideshow_image wp-image-59885\" data-id=\"59885\" fifu-data-src=\"https:\/\/i3.wp.com\/interaccionnoticias.com.mx\/wp-content\/uploads\/2023\/04\/230402-libro-de-Marcelo-Ebrard-2-1024x683.jpg?ssl=1\"\/><\/figure><\/li><\/ul><a class=\"wp-block-jetpack-slideshow_button-prev swiper-button-prev swiper-button-white\" role=\"button\"><\/a><a class=\"wp-block-jetpack-slideshow_button-next swiper-button-next swiper-button-white\" role=\"button\"><\/a><a aria-label=\"Pause Slideshow\" class=\"wp-block-jetpack-slideshow_button-pause\" role=\"button\"><\/a><div class=\"wp-block-jetpack-slideshow_pagination swiper-pagination swiper-pagination-white\"><\/div><\/div><\/div>\n","protected":false},"excerpt":{"rendered":"<p>&#8212; En Costa Grande, zona Norte y la Monta\u00f1a de Guerrero&#8212; Crece la demanda por ejemplares impresos Javier Trujillo Acapulco, Gro. &#8211; Con el libro \u201cEl Camino de M\u00e9xico\u201d, que&hellip; <\/p>\n","protected":false},"author":3,"featured_media":59886,"comment_status":"open","ping_status":"open","sticky":false,"template":"","format":"standard","meta":{"fifu_image_url":"","fifu_image_alt":"","footnotes":""},"categories":[21],"tags":[],"class_list":["post-59883","post","type-post","status-publish","format-standard","has-post-thumbnail","hentry","category-politica"],"_links":{"self":[{"href":"https:\/\/www.interaccionnoticias.com.mx\/index.php?rest_route=\/wp\/v2\/posts\/59883","targetHints":{"allow":["GET"]}}],"collection":[{"href":"https:\/\/www.interaccionnoticias.com.mx\/index.php?rest_route=\/wp\/v2\/posts"}],"about":[{"href":"https:\/\/www.interaccionnoticias.com.mx\/index.php?rest_route=\/wp\/v2\/types\/post"}],"author":[{"embeddable":true,"href":"https:\/\/www.interaccionnoticias.com.mx\/index.php?rest_route=\/wp\/v2\/users\/3"}],"replies":[{"embeddable":true,"href":"https:\/\/www.interaccionnoticias.com.mx\/index.php?rest_route=%2Fwp%2Fv2%2Fcomments&post=59883"}],"version-history":[{"count":1,"href":"https:\/\/www.interaccionnoticias.com.mx\/index.php?rest_route=\/wp\/v2\/posts\/59883\/revisions"}],"predecessor-version":[{"id":59887,"href":"https:\/\/www.interaccionnoticias.com.mx\/index.php?rest_route=\/wp\/v2\/posts\/59883\/revisions\/59887"}],"wp:featuredmedia":[{"embeddable":true,"href":"https:\/\/www.interaccionnoticias.com.mx\/index.php?rest_route=\/wp\/v2\/media\/59886"}],"wp:attachment":[{"href":"https:\/\/www.interaccionnoticias.com.mx\/index.php?rest_route=%2Fwp%2Fv2%2Fmedia&parent=59883"}],"wp:term":[{"taxonomy":"category","embeddable":true,"href":"https:\/\/www.interaccionnoticias.com.mx\/index.php?rest_route=%2Fwp%2Fv2%2Fcategories&post=59883"},{"taxonomy":"post_tag","embeddable":true,"href":"https:\/\/www.interaccionnoticias.com.mx\/index.php?rest_route=%2Fwp%2Fv2%2Ftags&post=59883"}],"curies":[{"name":"wp","href":"https:\/\/api.w.org\/{rel}","templated":true}]}}