{"id":59855,"date":"2023-04-02T14:57:51","date_gmt":"2023-04-02T19:57:51","guid":{"rendered":"https:\/\/interaccionnoticias.com.mx\/?p=59855"},"modified":"2023-04-02T14:57:56","modified_gmt":"2023-04-02T19:57:56","slug":"se-incendia-autobus-de-pasajeros-en-la-autopista-del-sol","status":"publish","type":"post","link":"https:\/\/www.interaccionnoticias.com.mx\/?p=59855","title":{"rendered":"Se incendia autob\u00fas de pasajeros en la Autopista del Sol"},"content":{"rendered":"\n<p><strong><em>No se reportan lesionados<\/em><\/strong><\/p>\n\n\n\n<p><strong>Jes\u00fas Dorantes<\/strong><\/p>\n\n\n\n<p><strong>Chilpancingo, Gro.-<\/strong> La ma\u00f1ana del domingo de incendio de manera parcial un autob\u00fas de pasajeros en la Autopista del Sol, en la salida sur de la capital d\u00f3nde acudieron bomberos del municipio para sofocar la llamas del veh\u00edculo.<\/p>\n\n\n\n<p>El hecho se registr\u00f3 pasadas las 05:30 de la ma\u00f1ana del domingo sobre el kil\u00f3metro 282 a la altura de la colonia Nuevo Mirador, cuando se solicit\u00f3 el apoyo de unidades de rescate tras un incendio en la parte trasera de un autob\u00fas que inici\u00f3 por un corto circuito.<\/p>\n\n\n\n<p>Al lugar acudieron elementos del Heroico Cuerpo de Bomberos de Chilpancingo y personal de Protecci\u00f3n Civil para atender el incendio, el cual se logr\u00f3 controlar y solo afect\u00f3 la parte trasera del veh\u00edculo por lo que los pasajeros pudieron descender sin que existiera ning\u00fan lesionado.<\/p>\n\n\n\n<p>El veh\u00edculo ten\u00eda que ten\u00eda como direcci\u00f3n el Puerto de Acapulco qued\u00f3 varado mientras que los pasajeros se encontraban al costado de la carretera, algunos de ellos con sus maletas que lograron bajar despu\u00e9s de que el ch\u00f3fer emitiera una alarma advertirles del incendio.<\/p>\n","protected":false},"excerpt":{"rendered":"<p>No se reportan lesionados Jes\u00fas Dorantes Chilpancingo, Gro.- La ma\u00f1ana del domingo de incendio de manera parcial un autob\u00fas de pasajeros en la Autopista del Sol, en la salida sur&hellip; <\/p>\n","protected":false},"author":8,"featured_media":59856,"comment_status":"open","ping_status":"open","sticky":false,"template":"","format":"standard","meta":{"fifu_image_url":"","fifu_image_alt":"","footnotes":""},"categories":[27],"tags":[],"class_list":["post-59855","post","type-post","status-publish","format-standard","has-post-thumbnail","hentry","category-seguridad-publica"],"_links":{"self":[{"href":"https:\/\/www.interaccionnoticias.com.mx\/index.php?rest_route=\/wp\/v2\/posts\/59855","targetHints":{"allow":["GET"]}}],"collection":[{"href":"https:\/\/www.interaccionnoticias.com.mx\/index.php?rest_route=\/wp\/v2\/posts"}],"about":[{"href":"https:\/\/www.interaccionnoticias.com.mx\/index.php?rest_route=\/wp\/v2\/types\/post"}],"author":[{"embeddable":true,"href":"https:\/\/www.interaccionnoticias.com.mx\/index.php?rest_route=\/wp\/v2\/users\/8"}],"replies":[{"embeddable":true,"href":"https:\/\/www.interaccionnoticias.com.mx\/index.php?rest_route=%2Fwp%2Fv2%2Fcomments&post=59855"}],"version-history":[{"count":1,"href":"https:\/\/www.interaccionnoticias.com.mx\/index.php?rest_route=\/wp\/v2\/posts\/59855\/revisions"}],"predecessor-version":[{"id":59857,"href":"https:\/\/www.interaccionnoticias.com.mx\/index.php?rest_route=\/wp\/v2\/posts\/59855\/revisions\/59857"}],"wp:featuredmedia":[{"embeddable":true,"href":"https:\/\/www.interaccionnoticias.com.mx\/index.php?rest_route=\/wp\/v2\/media\/59856"}],"wp:attachment":[{"href":"https:\/\/www.interaccionnoticias.com.mx\/index.php?rest_route=%2Fwp%2Fv2%2Fmedia&parent=59855"}],"wp:term":[{"taxonomy":"category","embeddable":true,"href":"https:\/\/www.interaccionnoticias.com.mx\/index.php?rest_route=%2Fwp%2Fv2%2Fcategories&post=59855"},{"taxonomy":"post_tag","embeddable":true,"href":"https:\/\/www.interaccionnoticias.com.mx\/index.php?rest_route=%2Fwp%2Fv2%2Ftags&post=59855"}],"curies":[{"name":"wp","href":"https:\/\/api.w.org\/{rel}","templated":true}]}}