{"id":59849,"date":"2023-03-31T19:59:05","date_gmt":"2023-04-01T01:59:05","guid":{"rendered":"https:\/\/interaccionnoticias.com.mx\/?p=59849"},"modified":"2023-03-31T19:59:10","modified_gmt":"2023-04-01T01:59:10","slug":"incendios-danan-dos-vehiculos-en-ometepec","status":"publish","type":"post","link":"https:\/\/www.interaccionnoticias.com.mx\/?p=59849","title":{"rendered":"Incendios da\u00f1an dos veh\u00edculos en Ometepec"},"content":{"rendered":"\n<p><strong><em>&#8212; Queman cercas y un poste de Telmex<br>&#8212; Reprochan falta de equipo de bomberos<\/em><\/strong><\/p>\n\n\n\n<p><strong>Javier Trujillo<\/strong><\/p>\n\n\n\n<p>Acapulco, Gro. \u2013 Al menos diez hect\u00e1reas de pastizales, da\u00f1os dos veh\u00edculos y un poste de Tel\u00e9fonos de M\u00e9xico, dej\u00f3 un incontrolable incendio en tres colonias al oriente del municipio de Ometepec, Guerrero.<\/p>\n\n\n\n<p>De acuerdo con autoridades, se incendi\u00f3 un taxi y se report\u00f3 como p\u00e9rdida total y otro autom\u00f3vil, present\u00f3 da\u00f1os parciales.<\/p>\n\n\n\n<p>Adem\u00e1s, el fuego alcanz\u00f3 a devorar pastizales, basura, hojarasca y hasta un poste de la empresa Tel\u00e9fonos de M\u00e9xico, y decenas de postres que son utilizados por los due\u00f1os para sus corrales.<\/p>\n\n\n\n<p>Cenobio L\u00f3pez de Jes\u00fas, propietario del taxi del servicio p\u00fablico, marca Nissan, explic\u00f3 que el fuego comenz\u00f3 cerca del punto conocido como el Instituto Nacional Indigenista, desde una orilla de la carretera, un carrizo de s\u00e1cate alcanz\u00f3 el veh\u00edculo que qued\u00f3 totalmente calcinado.<\/p>\n\n\n\n<p>\u201cCuando yo llegu\u00e9 y estaba Protecci\u00f3n Civil con esas bombitas que son para fumigar le echaron agua, el carro estaba creo un cuarto se estaba quemando, o sea se pod\u00eda parar el fuego\u201d, cont\u00f3 un afligido chofer.<\/p>\n\n\n\n<p>El afectado, dijo que en el municipio de Ometepec, es una ciudad que crece en forma muy acelerada por lo que ya se requiere una estaci\u00f3n bomberos, porque Protecci\u00f3n Civil es insuficiente para combatir los incendios.<\/p>\n\n\n\n<p>A\u00f1adi\u00f3 que le avisaron que se estaba incendiando el veh\u00edculo, y \u201cme vine r\u00e1pidamente y efectivamente se estaba quemando el carro, y me di cuenta que desde all\u00e1 comenz\u00f3 el incendio, alcanz\u00f3 al carro que estaba desde el otro extremo y se quem\u00f3\u201d, explic\u00f3 un pesaroso taxista.<\/p>\n\n\n\n<p>Adem\u00e1s, las llamas destruyeron pastizales de la colonia Bicentenario, Loma Bonita y La Cima, donde siete voluntarios de un autolavado, con cubetas arrojaron agua al pasto que se quemaba.<\/p>\n\n\n\n<p>De hecho, los trabajadores, lo estaban haciendo para evitar que las llamas no alcanzaran dicho negoci\u00f3. No obstante, la lumbre alcanz\u00f3 la orilla de la v\u00eda donde tambi\u00e9n se quem\u00f3 el poste de la compa\u00f1\u00eda telef\u00f3nica.<\/p>\n\n\n\n<p>Mar\u00eda del Carmen, vecina de la colonia La Cima, dijo que se llevaron un gran susto porque el fuego a punto estuvo de llegar a las viviendas y comercios del \u00e1rea.<\/p>\n\n\n\n<p>\u201cEl fuego, ven\u00eda muy recio de ambas partes, escuchamos muy fuerte, creo explot\u00f3 un carro y entonces ya todos los vecinos que est\u00e1n aqu\u00ed alrededor salieron a ver tratando de mojar parte de su terreno de su negocio para que la lumbre no se acercara\u201d, cont\u00f3 la mujer.<br><\/p>\n","protected":false},"excerpt":{"rendered":"<p>&#8212; Queman cercas y un poste de Telmex&#8212; Reprochan falta de equipo de bomberos Javier Trujillo Acapulco, Gro. \u2013 Al menos diez hect\u00e1reas de pastizales, da\u00f1os dos veh\u00edculos y un&hellip; <\/p>\n","protected":false},"author":3,"featured_media":59850,"comment_status":"open","ping_status":"open","sticky":false,"template":"","format":"standard","meta":{"fifu_image_url":"","fifu_image_alt":"","footnotes":""},"categories":[9],"tags":[],"class_list":["post-59849","post","type-post","status-publish","format-standard","has-post-thumbnail","hentry","category-fenomenos-naturales"],"_links":{"self":[{"href":"https:\/\/www.interaccionnoticias.com.mx\/index.php?rest_route=\/wp\/v2\/posts\/59849","targetHints":{"allow":["GET"]}}],"collection":[{"href":"https:\/\/www.interaccionnoticias.com.mx\/index.php?rest_route=\/wp\/v2\/posts"}],"about":[{"href":"https:\/\/www.interaccionnoticias.com.mx\/index.php?rest_route=\/wp\/v2\/types\/post"}],"author":[{"embeddable":true,"href":"https:\/\/www.interaccionnoticias.com.mx\/index.php?rest_route=\/wp\/v2\/users\/3"}],"replies":[{"embeddable":true,"href":"https:\/\/www.interaccionnoticias.com.mx\/index.php?rest_route=%2Fwp%2Fv2%2Fcomments&post=59849"}],"version-history":[{"count":1,"href":"https:\/\/www.interaccionnoticias.com.mx\/index.php?rest_route=\/wp\/v2\/posts\/59849\/revisions"}],"predecessor-version":[{"id":59851,"href":"https:\/\/www.interaccionnoticias.com.mx\/index.php?rest_route=\/wp\/v2\/posts\/59849\/revisions\/59851"}],"wp:featuredmedia":[{"embeddable":true,"href":"https:\/\/www.interaccionnoticias.com.mx\/index.php?rest_route=\/wp\/v2\/media\/59850"}],"wp:attachment":[{"href":"https:\/\/www.interaccionnoticias.com.mx\/index.php?rest_route=%2Fwp%2Fv2%2Fmedia&parent=59849"}],"wp:term":[{"taxonomy":"category","embeddable":true,"href":"https:\/\/www.interaccionnoticias.com.mx\/index.php?rest_route=%2Fwp%2Fv2%2Fcategories&post=59849"},{"taxonomy":"post_tag","embeddable":true,"href":"https:\/\/www.interaccionnoticias.com.mx\/index.php?rest_route=%2Fwp%2Fv2%2Ftags&post=59849"}],"curies":[{"name":"wp","href":"https:\/\/api.w.org\/{rel}","templated":true}]}}