{"id":59846,"date":"2023-03-31T19:45:54","date_gmt":"2023-04-01T01:45:54","guid":{"rendered":"https:\/\/interaccionnoticias.com.mx\/?p=59846"},"modified":"2023-03-31T19:45:59","modified_gmt":"2023-04-01T01:45:59","slug":"localizan-el-cuerpo-en-estado-de-descomposicion-de-maricruz-garcia-en-san-luis-acatlan","status":"publish","type":"post","link":"https:\/\/www.interaccionnoticias.com.mx\/?p=59846","title":{"rendered":"Localizan el cuerpo en estado de descomposici\u00f3n de Maricruz Garc\u00eda en San Luis Acatl\u00e1n"},"content":{"rendered":"\n<p><strong>&#8212; El hallazgo ocurri\u00f3 despu\u00e9s de la detenci\u00f3n de Emanuel \u00abN\u00bb alias \u00abEl Garrobo\u00bb<\/strong><\/p>\n\n\n\n<p><strong>Yasm\u00edn Garc\u00eda Chino<\/strong><\/p>\n\n\n\n<p>Chilpancingo, Gro., a 31 de marzo 2023.- La joven Maricruz Garc\u00eda Margarito fue localizada asesinada entre las comunidades de Cuanacaxtitl\u00e1n y Yolox\u00f3chilt, municipio de San Luis Acatl\u00e1n en la regi\u00f3n Costa Chica a 4 d\u00edas de que fue privada de la libertad por hombres armadas sobre la carretera Cuanacaxtitl\u00e1n-Yolox\u00f3chilt.<\/p>\n\n\n\n<p>Durante la jornada del viernes familiares y amigos de Maricruz bloquearon una de las v\u00edas de comunicaci\u00f3n en San Luis Acatl\u00e1n, para exigir a las autoridades competentes su localizaci\u00f3n con vida, mientras manten\u00edan el bloqueo fueron notificados del hallazgo del cuerpo.<\/p>\n\n\n\n<p>El cuerpo de Maricruz de 26 a\u00f1os de edad fue localizado despu\u00e9s de la detenci\u00f3n de Manuel \u00abN\u00bb alias \u00abEl Garrobo\u00bb presunto implicado en el secuestro de la v\u00edctima.<\/p>\n\n\n\n<p>De manera extraoficial se dio a conocer que el cuerpo fue encontrado en estado de descomposici\u00f3n, y a unos metros su ropa interior.<\/p>\n\n\n\n<p>Hasta el cierre de la edici\u00f3n la Fiscal\u00eda General del Estado se encontraba en ese punto realizando las diligencias correspondientes.<br><\/p>\n","protected":false},"excerpt":{"rendered":"<p>&#8212; El hallazgo ocurri\u00f3 despu\u00e9s de la detenci\u00f3n de Emanuel \u00abN\u00bb alias \u00abEl Garrobo\u00bb Yasm\u00edn Garc\u00eda Chino Chilpancingo, Gro., a 31 de marzo 2023.- La joven Maricruz Garc\u00eda Margarito fue&hellip; <\/p>\n","protected":false},"author":32,"featured_media":59847,"comment_status":"open","ping_status":"open","sticky":false,"template":"","format":"standard","meta":{"fifu_image_url":"","fifu_image_alt":"","footnotes":""},"categories":[27],"tags":[],"class_list":["post-59846","post","type-post","status-publish","format-standard","has-post-thumbnail","hentry","category-seguridad-publica"],"_links":{"self":[{"href":"https:\/\/www.interaccionnoticias.com.mx\/index.php?rest_route=\/wp\/v2\/posts\/59846","targetHints":{"allow":["GET"]}}],"collection":[{"href":"https:\/\/www.interaccionnoticias.com.mx\/index.php?rest_route=\/wp\/v2\/posts"}],"about":[{"href":"https:\/\/www.interaccionnoticias.com.mx\/index.php?rest_route=\/wp\/v2\/types\/post"}],"author":[{"embeddable":true,"href":"https:\/\/www.interaccionnoticias.com.mx\/index.php?rest_route=\/wp\/v2\/users\/32"}],"replies":[{"embeddable":true,"href":"https:\/\/www.interaccionnoticias.com.mx\/index.php?rest_route=%2Fwp%2Fv2%2Fcomments&post=59846"}],"version-history":[{"count":1,"href":"https:\/\/www.interaccionnoticias.com.mx\/index.php?rest_route=\/wp\/v2\/posts\/59846\/revisions"}],"predecessor-version":[{"id":59848,"href":"https:\/\/www.interaccionnoticias.com.mx\/index.php?rest_route=\/wp\/v2\/posts\/59846\/revisions\/59848"}],"wp:featuredmedia":[{"embeddable":true,"href":"https:\/\/www.interaccionnoticias.com.mx\/index.php?rest_route=\/wp\/v2\/media\/59847"}],"wp:attachment":[{"href":"https:\/\/www.interaccionnoticias.com.mx\/index.php?rest_route=%2Fwp%2Fv2%2Fmedia&parent=59846"}],"wp:term":[{"taxonomy":"category","embeddable":true,"href":"https:\/\/www.interaccionnoticias.com.mx\/index.php?rest_route=%2Fwp%2Fv2%2Fcategories&post=59846"},{"taxonomy":"post_tag","embeddable":true,"href":"https:\/\/www.interaccionnoticias.com.mx\/index.php?rest_route=%2Fwp%2Fv2%2Ftags&post=59846"}],"curies":[{"name":"wp","href":"https:\/\/api.w.org\/{rel}","templated":true}]}}