{"id":59843,"date":"2023-03-31T17:59:10","date_gmt":"2023-03-31T23:59:10","guid":{"rendered":"https:\/\/interaccionnoticias.com.mx\/?p=59843"},"modified":"2023-03-31T17:59:15","modified_gmt":"2023-03-31T23:59:15","slug":"alcaldesa-de-xalpatlahuac-teme-ser-victima-de-atentado-por-parte-de-policias-comunitarios","status":"publish","type":"post","link":"https:\/\/www.interaccionnoticias.com.mx\/?p=59843","title":{"rendered":"Alcaldesa de Xalpatlahuac teme ser v\u00edctima de atentado por parte de Polic\u00edas Comunitarios"},"content":{"rendered":"\n<p><strong><em>&#8212; Selene Sotelo Maldonado refiere que en dos ocasiones ha sido enca\u00f1onada con armas de fuego<br>&#8212; Advierte denuncia por violencia pol\u00edtica en contra de Alfredo S\u00e1nchez Esquivel, ex l\u00edder del Congreso local<br>&#8212; \u00bfA qu\u00e9 le juega el subsecretario de Asuntos Pol\u00edticos Oscar Ch\u00e1vez? Cuestiona la jefa de Cabildo<br>&#8212; Responsabiliza al funcionario de la agresi\u00f3n con palos y piedras contra personal militar y polic\u00edas<\/em><\/strong><\/p>\n\n\n\n<p><strong>Rogelio Agust\u00edn<\/strong><\/p>\n\n\n\n<p>La alcaldesa de Xalpatlahuac, Selene Sotelo Maldonado sostuvo que ha sido enca\u00f1onada en dos ocasiones por integrantes de la Polic\u00eda Comunitaria (PC), acus\u00f3 al<br>diputado Alfredo S\u00e1nchez Esquivel de ejercer violencia pol\u00edtica en su contra y solicit\u00f3 que se analice la actuaci\u00f3n del subsecretario de Asuntos Pol\u00edticos del Gobierno estatal Oscar Ch\u00e1vez Rend\u00f3n, a quien responsabiliza de la agresi\u00f3n con palos y piedras desatada en contra de personal del Ej\u00e9rcito Mexicano.<\/p>\n\n\n\n<p>En Chilpancingo, Sotelo Maldonado record\u00f3 que desde el 25 de octubre de 2021, los integrantes de la Polic\u00eda Comunitaria disolvieron una asamblea en la plaza central, en un acto en el que golpearon a varias personas y realizaron disparos al aire para amedrentarlos.<\/p>\n\n\n\n<p>Desde ese d\u00eda, la jefa de Cabildo no puede entrar a la cabecera municipal y realiza sus funciones desde una sede alterna, misma que se encuentra en la comunidad de Cahuatache.<\/p>\n\n\n\n<p>Para Sotelo Maldonado, el grupo de Xalpatlahuac en realidad es una autodefensa armada, porque sus integrantes no fueron electos en una asamblea en los pueblos, sino que se encuentran integrados por inter\u00e9s de Edmundo Delgado Gallardo, ex candidato a la presidencia municipal.<\/p>\n\n\n\n<p>Con ese argumento, asegura que no cumplen con lo esencial para ser denominados como polic\u00edas comunitarios.<\/p>\n\n\n\n<p>\u201cLo que pasa inicialmente, es que el se\u00f1or Edmundo Delgado no acepta que le haya ganado las elecciones una mujer, integra ese grupo armado y logra que lo acepte la Casa de Justicia de Espino Blanco, a partir de ah\u00ed comienza una larga lista de abusos contra la poblaci\u00f3n\u201d, asegura la jefa de Cabildo.<\/p>\n\n\n\n<p>Refiere que su \u00fanico conficto est\u00e1 focalizado en la cabecera municipal con el ex candidato del Movimiento Ciudadano (MC) y la polic\u00eda comunitaria, el resto de los pueblos se encuentran trabajando de manera ordenada.<\/p>\n\n\n\n<p><strong>La han enca\u00f1onado en dos ocasiones<\/strong><\/p>\n\n\n\n<p>A partir de que la comunitaria ha mantenido la cabecera municipal bajo su control, ha tenido la oportunidad de extenderse hacia otros pueblos aleda\u00f1os, lo que genera miedo en la presienta.<\/p>\n\n\n\n<p>\u201cLa verdad es que ahora realizan patrullajes en los pueblos y s\u00ed tengo miedo que me puedan agredir, ya ha pasado que me los he encontrado y me han apuntado con las armas\u201d, anota.<\/p>\n\n\n\n<p>De los amagues, dijo que son testigos los elementos de la Polic\u00eda del Esrado que se encuentran a cargo de su vigilancia, asignados como medidas cautelares.<\/p>\n\n\n\n<p>\u201cDel 25 de octubre (de 2021) han sido dos ocasiones (en que la enca\u00f1onan con armas de fuego), la \u00faltima fue el d\u00eda 7 de noviembre, cuando el subsecretario de Asuntos Pol\u00edticos, Oscar Ch\u00e1vez pasa a la ciudad de Tlapa y me dice que ya hay acuerdos y que subiera con \u00e9l a Xalpaylahuac\u201d.<\/p>\n\n\n\n<p>Contin\u00faa: \u201cYo le dije al subsecretario que no hab\u00eda condiciones, \u00e9l me dijo que s\u00ed, entonces llegu\u00e9 el 7 de noviembre a la cabecera municipal y vuelvo a ser apuntada con las armas, ese d\u00eda fue cuando se dijo que me hab\u00edan entregado el Palacio Municipal, cosa que no fue as\u00ed\u201d.<\/p>\n\n\n\n<p>Sotelo Maldonado destac\u00f3 que el ayuntamiento fue entregado a un grupo de regidores afines al ex candidato, la PC y al Tlayakanky de la localidad.<\/p>\n\n\n\n<p><strong>Hay parcialidad en el Congreso<\/strong><\/p>\n\n\n\n<p>Respecto a la visita que una comisi\u00f3n de diputados realiz\u00f3 al municipio, se\u00f1al\u00f3 que en realidad nunca fue convocada y que la actuaci\u00f3n de los legisladores no fue imparcial.<\/p>\n\n\n\n<p>\u201cEllos fueron a darle su apoyo a ese grupo, nunca se me convoc\u00f3 a mi y nunca tuvieron la comunicaci\u00f3n, ellos en lugar de procurar que haya paz, en realidad fueron a alentar a ese grupo\u201d, asegur\u00f3.<\/p>\n\n\n\n<p>En esa parte, es en la que cuestion\u00f3 la actitud de quien fuera presidente de la Junta de Coordinaci\u00f3n Pol\u00edtica (Jucopo) del Congreso local.<\/p>\n\n\n\n<p>\u201cCreo que el diputado Alfredo S\u00e1nchez Esquivel en lugar de ayudarme ha ido a generar m\u00e1s problemas, adem\u00e1s, con sus acciones me ha violentado, porque est\u00e1 empoderando a quienes generan confrontaci\u00f3n\u201d.<\/p>\n\n\n\n<p>Agrega: \u201cRecientemente subi\u00f3 a tribuna para respaldar a ese grupo, ellos retomaron ese audio y ahora lo difunden en los altavoces del pueblo para decir que el Congreso los apoya\u201d.<\/p>\n\n\n\n<p>En todo caso, dijo que se requiere una intervenci\u00f3n del Congreso pero de manera imparcial.<\/p>\n\n\n\n<p>En consecuencia, advirti\u00f3 que ya considera la posibilidad de proceder jur\u00eddicamente en contra el ex coordinador parlamentario de MORENA.<\/p>\n\n\n\n<p>\u201cPudiera ser que yo tambi\u00e9n lo denuncie por Violencia Pol\u00edtica en raz\u00f3n de G\u00e9nero, no ser\u00eda la primera ocasi\u00f3n porque tambi\u00e9n est\u00e1 el caso de la diputada Yoloczin Dom\u00ednguez Serna y mujeres de su partido, pero en mi caso, me ha geneado serios agravios\u201d, anot\u00f3.<\/p>\n\n\n\n<p><strong>\u00bfA qu\u00e9 juega el subsecretario de Asuntos Pol\u00edticos?<\/strong><\/p>\n\n\n\n<p>El 23 de marzo, al menos 200 elementos del Ej\u00e9rcito, Guardia Nacional y Polic\u00eda del Estado ingresaron a la cabecera municipal de Xalpatlahuac y la polic\u00eda comunitaria se repleg\u00f3 sin que se registraran roces.<\/p>\n\n\n\n<p>Entrada la tarde, una turba de personas expuls\u00f3 a las corporaciones utilizando piedras y palos.<\/p>\n\n\n\n<p>\u201cYo me enter\u00e9 por los medios, pero lo que supe es que el director de Gobernaci\u00f3n llamaba al Tlayakanky para dialogar y acordar que se quedara una Base de Operaciones Mixtas, pero no s\u00e9 cual es la intenci\u00f3n del subsecretario de Asuntos Pol\u00edticos, quien de acuerdo con el Tlayakanky, le dijo que no bajara para dialogar, lo que pudo haber provocado una situaci\u00f3n que pudo terminar mal\u201d, anot\u00f3.<\/p>\n\n\n\n<p>Dicha contradicci\u00f3n fue dada a conocer por el Tlayakanky de Xalpatlahuac, en un enlace hecho a trav\u00e9s de la plataforma digital del Centro de Derechos Humanos de la Monta\u00f1a (CDHM), Tlachinollan.<\/p>\n\n\n\n<p>Por eso la alcaldesa sostiene: \u201cYo no s\u00e9 que juego traiga el subsecretario de Asuntos Pol\u00edticos, quiero responsabilizarlo a \u00e9l de estas situaciones que est\u00e1n pasando, de que prevalezca ese grupo, ha estado jugando con las dos partes y creo que la gobernadora, la maestra Evelyn tiene que revisar el actuar de este funcionario, porque no es correcto, porque llam\u00f3 a no dialogar y lo que vino enseguida, fue que los comunitarios vestidos de civil lanzaran piedras y palos contra las fuerzas armadas\u201d.<\/p>\n\n\n\n<p>Record\u00f3 que los polic\u00edas, Guardia Nacional y Polic\u00edas estatales decidieron retirarse, lo que evit\u00f3 una confrontaci\u00f3n mayor.<\/p>\n\n\n\n<p>Agreg\u00f3 que hasta el momento ha recurrido a las instancias correspondientes, lo que implica la existencia de carpetas de investigaci\u00f3n que avanzan, por lo que en su momento se dar\u00e1n a conocer sus consecuencias.<\/p>\n","protected":false},"excerpt":{"rendered":"<p>&#8212; Selene Sotelo Maldonado refiere que en dos ocasiones ha sido enca\u00f1onada con armas de fuego&#8212; Advierte denuncia por violencia pol\u00edtica en contra de Alfredo S\u00e1nchez Esquivel, ex l\u00edder del&hellip; <\/p>\n","protected":false},"author":21,"featured_media":59844,"comment_status":"open","ping_status":"open","sticky":false,"template":"","format":"standard","meta":{"fifu_image_url":"","fifu_image_alt":"","footnotes":""},"categories":[23],"tags":[],"class_list":["post-59843","post","type-post","status-publish","format-standard","has-post-thumbnail","hentry","category-regionales"],"_links":{"self":[{"href":"https:\/\/www.interaccionnoticias.com.mx\/index.php?rest_route=\/wp\/v2\/posts\/59843","targetHints":{"allow":["GET"]}}],"collection":[{"href":"https:\/\/www.interaccionnoticias.com.mx\/index.php?rest_route=\/wp\/v2\/posts"}],"about":[{"href":"https:\/\/www.interaccionnoticias.com.mx\/index.php?rest_route=\/wp\/v2\/types\/post"}],"author":[{"embeddable":true,"href":"https:\/\/www.interaccionnoticias.com.mx\/index.php?rest_route=\/wp\/v2\/users\/21"}],"replies":[{"embeddable":true,"href":"https:\/\/www.interaccionnoticias.com.mx\/index.php?rest_route=%2Fwp%2Fv2%2Fcomments&post=59843"}],"version-history":[{"count":1,"href":"https:\/\/www.interaccionnoticias.com.mx\/index.php?rest_route=\/wp\/v2\/posts\/59843\/revisions"}],"predecessor-version":[{"id":59845,"href":"https:\/\/www.interaccionnoticias.com.mx\/index.php?rest_route=\/wp\/v2\/posts\/59843\/revisions\/59845"}],"wp:featuredmedia":[{"embeddable":true,"href":"https:\/\/www.interaccionnoticias.com.mx\/index.php?rest_route=\/wp\/v2\/media\/59844"}],"wp:attachment":[{"href":"https:\/\/www.interaccionnoticias.com.mx\/index.php?rest_route=%2Fwp%2Fv2%2Fmedia&parent=59843"}],"wp:term":[{"taxonomy":"category","embeddable":true,"href":"https:\/\/www.interaccionnoticias.com.mx\/index.php?rest_route=%2Fwp%2Fv2%2Fcategories&post=59843"},{"taxonomy":"post_tag","embeddable":true,"href":"https:\/\/www.interaccionnoticias.com.mx\/index.php?rest_route=%2Fwp%2Fv2%2Ftags&post=59843"}],"curies":[{"name":"wp","href":"https:\/\/api.w.org\/{rel}","templated":true}]}}