{"id":59760,"date":"2023-03-30T13:55:27","date_gmt":"2023-03-30T19:55:27","guid":{"rendered":"https:\/\/interaccionnoticias.com.mx\/?p=59760"},"modified":"2023-03-30T13:55:32","modified_gmt":"2023-03-30T19:55:32","slug":"rezan-por-migrantes-que-murieron-quemados","status":"publish","type":"post","link":"https:\/\/www.interaccionnoticias.com.mx\/?p=59760","title":{"rendered":"Rezan por migrantes que murieron quemados"},"content":{"rendered":"\n<p><strong><em>&#8212; Acusan que el INM no brinda garant\u00edas m\u00ednimas a v\u00edctimas<br>&#8212; Prenden cirios, rezan y clausuran<\/em><\/strong><\/p>\n\n\n\n<p><strong>Javier Trujillo<\/strong><\/p>\n\n\n\n<p><strong>Acapulco, Gro. &#8211; <\/strong>Un grupo de normalistas de Ayotzinapa, y comit\u00e9s eclesi\u00e1stico de base, realizaron una oraci\u00f3n, y prendieron cirios, por la muerte de 39 migrantes en Chihuahua, y clausuraron simb\u00f3licamente la delegaci\u00f3n del Instituto Nacional de Migraci\u00f3n en Acapulco.<\/p>\n\n\n\n<p>El pasado 27 de marzo, en un albergue para migrantes, ubicado en Ciudad Ju\u00e1rez, en el estado de Chihuahua, murieron 39 migrantes y resultaron 29 m\u00e1s con quemaduras de distinta gravedad, al filo de las 21:30 horas.<\/p>\n\n\n\n<p>Este jueves, a bordo de un autob\u00fas arribaron a las oficinas de la delegaci\u00f3n regional del INM, normalistas y religiosos, para manifestarse, y todos los trabajadores fueron evacuados de la sede.<\/p>\n\n\n\n<p>\u00abVenimos para manifestarnos por una serie de omisiones de las autoridades encargadas del espacio y rutas de evacuaci\u00f3n para atender este tipo de siniestro.<\/p>\n\n\n\n<p>\u00abLas autoridades contin\u00faan utilizando t\u00e9rminos como alojamiento o albergues, para referirse a la privaci\u00f3n arbitraria de las libertades de los migrantes en las estancias migratorias\u00bb, critic\u00f3.<\/p>\n\n\n\n<p>En seguida se colocaron sellos de clausura y demandaron la destituci\u00f3n del titular del INM Francisco Gardu\u00f1o Ya\u00f1ez, y clamaron justicia por las v\u00edctimas que<\/p>\n\n\n\n<p>\u00abMigrar no es un delito\u00bb, \u00abNo fue el fuego, fue el Estado\u00bb fue una cartulina con la que pos\u00f3 el sacerdote Jos\u00e9 Filiberto Vel\u00e1zquez, qui\u00e9n oficio una breve misa.<\/p>\n\n\n\n<p>Otras cartulinas dec\u00edan \u00abEl INM mata\u00bb, y \u00abCierre total de Centros de detenci\u00f3n migratoria\u00bb, y \u00abLas estaciones migratorias no son albergues, son c\u00e1rceles\u00bb se pod\u00eda leer en las cartulinas que pegaron en las oficinas del INM en el puerto.<\/p>\n\n\n\n<p>Incluso el cl\u00e9rigo, cr\u00edtico que no existen las garant\u00edas m\u00ednimas para que puedan estar albergados de una manera humana, por lo que es una omisi\u00f3n del Instituto Nacional de Migraci\u00f3n.<\/p>\n\n\n\n<p>Dijo que es preocupante, d\u00f3nde tienen a los migrantes que los meten en jaulas, la militarizaci\u00f3n en las fronteras y la falta de protocolos, acuso el p\u00e1rroco Jose Filiberto Vel\u00e1zquez Florencio, director general del Centro de derechos de v\u00edctimas de violencia \u00abMinerva Bello\u00bb.<\/p>\n\n\n\n<div class=\"wp-block-jetpack-slideshow aligncenter\" data-effect=\"slide\"><div class=\"wp-block-jetpack-slideshow_container swiper-container\"><ul class=\"wp-block-jetpack-slideshow_swiper-wrapper swiper-wrapper\"><li class=\"wp-block-jetpack-slideshow_slide swiper-slide\"><figure><img decoding=\"async\" src=\"data:image\/gif;base64,R0lGODlhAQABAIAAAAAAAP\/\/\/ywAAAAAAQABAAACAUwAOw==\" fifu-lazy=\"1\" fifu-data-sizes=\"auto\" fifu-data-srcset=\"https:\/\/i3.wp.com\/interaccionnoticias.com.mx\/wp-content\/uploads\/2023\/03\/230330-migrantes-2-1024x683.jpg?ssl=1&w=75&resize=75&ssl=1 75w, https:\/\/i3.wp.com\/interaccionnoticias.com.mx\/wp-content\/uploads\/2023\/03\/230330-migrantes-2-1024x683.jpg?ssl=1&w=100&resize=100&ssl=1 100w, https:\/\/i3.wp.com\/interaccionnoticias.com.mx\/wp-content\/uploads\/2023\/03\/230330-migrantes-2-1024x683.jpg?ssl=1&w=150&resize=150&ssl=1 150w, https:\/\/i3.wp.com\/interaccionnoticias.com.mx\/wp-content\/uploads\/2023\/03\/230330-migrantes-2-1024x683.jpg?ssl=1&w=240&resize=240&ssl=1 240w, https:\/\/i3.wp.com\/interaccionnoticias.com.mx\/wp-content\/uploads\/2023\/03\/230330-migrantes-2-1024x683.jpg?ssl=1&w=320&resize=320&ssl=1 320w, https:\/\/i3.wp.com\/interaccionnoticias.com.mx\/wp-content\/uploads\/2023\/03\/230330-migrantes-2-1024x683.jpg?ssl=1&w=500&resize=500&ssl=1 500w, https:\/\/i3.wp.com\/interaccionnoticias.com.mx\/wp-content\/uploads\/2023\/03\/230330-migrantes-2-1024x683.jpg?ssl=1&w=640&resize=640&ssl=1 640w, https:\/\/i3.wp.com\/interaccionnoticias.com.mx\/wp-content\/uploads\/2023\/03\/230330-migrantes-2-1024x683.jpg?ssl=1&w=800&resize=800&ssl=1 800w, https:\/\/i3.wp.com\/interaccionnoticias.com.mx\/wp-content\/uploads\/2023\/03\/230330-migrantes-2-1024x683.jpg?ssl=1&w=1024&resize=1024&ssl=1 1024w, https:\/\/i3.wp.com\/interaccionnoticias.com.mx\/wp-content\/uploads\/2023\/03\/230330-migrantes-2-1024x683.jpg?ssl=1&w=1280&resize=1280&ssl=1 1280w, https:\/\/i3.wp.com\/interaccionnoticias.com.mx\/wp-content\/uploads\/2023\/03\/230330-migrantes-2-1024x683.jpg?ssl=1&w=1600&resize=1600&ssl=1 1600w\" alt=\"\" class=\"wp-block-jetpack-slideshow_image wp-image-59762\" data-id=\"59762\" fifu-data-src=\"https:\/\/i3.wp.com\/interaccionnoticias.com.mx\/wp-content\/uploads\/2023\/03\/230330-migrantes-2-1024x683.jpg?ssl=1\"\/><\/figure><\/li><li class=\"wp-block-jetpack-slideshow_slide swiper-slide\"><figure><img decoding=\"async\" src=\"data:image\/gif;base64,R0lGODlhAQABAIAAAAAAAP\/\/\/ywAAAAAAQABAAACAUwAOw==\" fifu-lazy=\"1\" fifu-data-sizes=\"auto\" fifu-data-srcset=\"https:\/\/i0.wp.com\/interaccionnoticias.com.mx\/wp-content\/uploads\/2023\/03\/230330-migrantes-1024x683.jpg?ssl=1&w=75&resize=75&ssl=1 75w, https:\/\/i0.wp.com\/interaccionnoticias.com.mx\/wp-content\/uploads\/2023\/03\/230330-migrantes-1024x683.jpg?ssl=1&w=100&resize=100&ssl=1 100w, https:\/\/i0.wp.com\/interaccionnoticias.com.mx\/wp-content\/uploads\/2023\/03\/230330-migrantes-1024x683.jpg?ssl=1&w=150&resize=150&ssl=1 150w, https:\/\/i0.wp.com\/interaccionnoticias.com.mx\/wp-content\/uploads\/2023\/03\/230330-migrantes-1024x683.jpg?ssl=1&w=240&resize=240&ssl=1 240w, https:\/\/i0.wp.com\/interaccionnoticias.com.mx\/wp-content\/uploads\/2023\/03\/230330-migrantes-1024x683.jpg?ssl=1&w=320&resize=320&ssl=1 320w, https:\/\/i0.wp.com\/interaccionnoticias.com.mx\/wp-content\/uploads\/2023\/03\/230330-migrantes-1024x683.jpg?ssl=1&w=500&resize=500&ssl=1 500w, https:\/\/i0.wp.com\/interaccionnoticias.com.mx\/wp-content\/uploads\/2023\/03\/230330-migrantes-1024x683.jpg?ssl=1&w=640&resize=640&ssl=1 640w, https:\/\/i0.wp.com\/interaccionnoticias.com.mx\/wp-content\/uploads\/2023\/03\/230330-migrantes-1024x683.jpg?ssl=1&w=800&resize=800&ssl=1 800w, https:\/\/i0.wp.com\/interaccionnoticias.com.mx\/wp-content\/uploads\/2023\/03\/230330-migrantes-1024x683.jpg?ssl=1&w=1024&resize=1024&ssl=1 1024w, https:\/\/i0.wp.com\/interaccionnoticias.com.mx\/wp-content\/uploads\/2023\/03\/230330-migrantes-1024x683.jpg?ssl=1&w=1280&resize=1280&ssl=1 1280w, https:\/\/i0.wp.com\/interaccionnoticias.com.mx\/wp-content\/uploads\/2023\/03\/230330-migrantes-1024x683.jpg?ssl=1&w=1600&resize=1600&ssl=1 1600w\" alt=\"\" class=\"wp-block-jetpack-slideshow_image wp-image-59761\" data-id=\"59761\" fifu-data-src=\"https:\/\/i0.wp.com\/interaccionnoticias.com.mx\/wp-content\/uploads\/2023\/03\/230330-migrantes-1024x683.jpg?ssl=1\"\/><\/figure><\/li><\/ul><a class=\"wp-block-jetpack-slideshow_button-prev swiper-button-prev swiper-button-white\" role=\"button\"><\/a><a class=\"wp-block-jetpack-slideshow_button-next swiper-button-next swiper-button-white\" role=\"button\"><\/a><a aria-label=\"Pause Slideshow\" class=\"wp-block-jetpack-slideshow_button-pause\" role=\"button\"><\/a><div class=\"wp-block-jetpack-slideshow_pagination swiper-pagination swiper-pagination-white\"><\/div><\/div><\/div>\n","protected":false},"excerpt":{"rendered":"<p>&#8212; Acusan que el INM no brinda garant\u00edas m\u00ednimas a v\u00edctimas&#8212; Prenden cirios, rezan y clausuran Javier Trujillo Acapulco, Gro. &#8211; Un grupo de normalistas de Ayotzinapa, y comit\u00e9s eclesi\u00e1stico&hellip; <\/p>\n","protected":false},"author":3,"featured_media":59761,"comment_status":"open","ping_status":"open","sticky":false,"template":"","format":"standard","meta":{"fifu_image_url":"","fifu_image_alt":"","footnotes":""},"categories":[11],"tags":[],"class_list":["post-59760","post","type-post","status-publish","format-standard","has-post-thumbnail","hentry","category-guerrero"],"_links":{"self":[{"href":"https:\/\/www.interaccionnoticias.com.mx\/index.php?rest_route=\/wp\/v2\/posts\/59760","targetHints":{"allow":["GET"]}}],"collection":[{"href":"https:\/\/www.interaccionnoticias.com.mx\/index.php?rest_route=\/wp\/v2\/posts"}],"about":[{"href":"https:\/\/www.interaccionnoticias.com.mx\/index.php?rest_route=\/wp\/v2\/types\/post"}],"author":[{"embeddable":true,"href":"https:\/\/www.interaccionnoticias.com.mx\/index.php?rest_route=\/wp\/v2\/users\/3"}],"replies":[{"embeddable":true,"href":"https:\/\/www.interaccionnoticias.com.mx\/index.php?rest_route=%2Fwp%2Fv2%2Fcomments&post=59760"}],"version-history":[{"count":1,"href":"https:\/\/www.interaccionnoticias.com.mx\/index.php?rest_route=\/wp\/v2\/posts\/59760\/revisions"}],"predecessor-version":[{"id":59763,"href":"https:\/\/www.interaccionnoticias.com.mx\/index.php?rest_route=\/wp\/v2\/posts\/59760\/revisions\/59763"}],"wp:featuredmedia":[{"embeddable":true,"href":"https:\/\/www.interaccionnoticias.com.mx\/index.php?rest_route=\/wp\/v2\/media\/59761"}],"wp:attachment":[{"href":"https:\/\/www.interaccionnoticias.com.mx\/index.php?rest_route=%2Fwp%2Fv2%2Fmedia&parent=59760"}],"wp:term":[{"taxonomy":"category","embeddable":true,"href":"https:\/\/www.interaccionnoticias.com.mx\/index.php?rest_route=%2Fwp%2Fv2%2Fcategories&post=59760"},{"taxonomy":"post_tag","embeddable":true,"href":"https:\/\/www.interaccionnoticias.com.mx\/index.php?rest_route=%2Fwp%2Fv2%2Ftags&post=59760"}],"curies":[{"name":"wp","href":"https:\/\/api.w.org\/{rel}","templated":true}]}}