{"id":59743,"date":"2023-03-29T20:27:22","date_gmt":"2023-03-30T02:27:22","guid":{"rendered":"https:\/\/interaccionnoticias.com.mx\/?p=59743"},"modified":"2023-03-29T20:27:26","modified_gmt":"2023-03-30T02:27:26","slug":"llama-ssg-a-reforzar-las-medidas-de-prevencion-ante-temporada-de-calor","status":"publish","type":"post","link":"https:\/\/www.interaccionnoticias.com.mx\/?p=59743","title":{"rendered":"Llama SSG a reforzar las medidas de prevenci\u00f3n ante temporada de calor"},"content":{"rendered":"\n<p><strong>Chilpancingo, Gro., 29 de marzo del 2023.-<\/strong> La Secretar\u00eda de Salud en Guerrero (SSG), dio a conocer que debido a la temporada de calor que se presenta en la entidad, se refuerzan las acciones de prevenci\u00f3n e informaci\u00f3n entre la poblaci\u00f3n para evitar brotes de diarreas e insolaci\u00f3n (deshidrataciones).<\/p>\n\n\n\n<p>Lo anterior fue dado a conocer por la secretaria de Salud en Guerrero, Aid\u00e9 Ibarez Castro quien destac\u00f3 que debido a que oficialmente la Temporada de Calor inicia en la tercera semana de marzo, y finaliza en la tercera semana de octubre, la dependencia estatal mantiene, en las siete Jurisdicciones Sanitarias y Centros de Salud, la vigilancia epidemiol\u00f3gica en alerta ente los da\u00f1os ocasionados a la poblaci\u00f3n por exposici\u00f3n ambiental al calor, mejor conocida como insolaci\u00f3n o golpe de calor.<\/p>\n\n\n\n<p>Ibarez Castro hizo un llamado a la poblaci\u00f3n para reforzar las medidas preventivas como son: Evitar realizar actividades f\u00edsicas durante las horas m\u00e1s intensas de calor, aumentar la ingesta de l\u00edquidos y bebidas hidroelectrol\u00edticas, evitar exponerse al sol por tiempo prolongado, evitar el uso de ropa obscura o gruesa.<\/p>\n\n\n\n<p>De igual forma resalt\u00f3 la importancia de aumentar las medidas generales de higiene como el lavado de manos antes de comer y despu\u00e9s de ir al ba\u00f1o, lavar y desinfectar frutas y verduras, as\u00ed como dar tratamiento al agua de consumo humano.<\/p>\n\n\n\n<p>Explic\u00f3 que las enfermedades diarreicas se adquieren utilizando el agua contaminada en la preparaci\u00f3n de alimentos, y consumiendo productos en estado de descomposici\u00f3n o por la falta de una refrigeraci\u00f3n adecuada, por lo que hizo un llamado para que eviten comer en la calle.<\/p>\n\n\n\n<p>La funcionaria estatal, destac\u00f3 que la poblaci\u00f3n m\u00e1s vulnerable a los efectos de calor son los ni\u00f1os menores de cinco a\u00f1os y los adultos mayores de 60, y es en ellos en quienes se tiene que poner mayor atenci\u00f3n para evitar enfermedades como la gastroenteritis, la diarrea y, sobre todo, la deshidrataci\u00f3n.<\/p>\n\n\n\n<p>La secretaria de Salud estatal invit\u00f3 a la poblaci\u00f3n a procurar tener en casa sobres de Vida Suero Oral o solicitarlos en las unidades y Centros de salud m\u00e1s cercanos a su domicilio y en caso de presentar comportamientos que pongan en riesgo su salud, acudir a los Centros o Unidades de salud para su atenci\u00f3n m\u00e9dica.<\/p>\n\n\n\n<div class=\"wp-block-jetpack-slideshow aligncenter\" data-effect=\"slide\"><div class=\"wp-block-jetpack-slideshow_container swiper-container\"><ul class=\"wp-block-jetpack-slideshow_swiper-wrapper swiper-wrapper\"><li class=\"wp-block-jetpack-slideshow_slide swiper-slide\"><figure><img decoding=\"async\" src=\"data:image\/gif;base64,R0lGODlhAQABAIAAAAAAAP\/\/\/ywAAAAAAQABAAACAUwAOw==\" fifu-lazy=\"1\" fifu-data-sizes=\"auto\" fifu-data-srcset=\"https:\/\/i1.wp.com\/interaccionnoticias.com.mx\/wp-content\/uploads\/2023\/03\/230329-Temporada-de-Calor-1-1024x683.jpg?ssl=1&w=75&resize=75&ssl=1 75w, https:\/\/i1.wp.com\/interaccionnoticias.com.mx\/wp-content\/uploads\/2023\/03\/230329-Temporada-de-Calor-1-1024x683.jpg?ssl=1&w=100&resize=100&ssl=1 100w, https:\/\/i1.wp.com\/interaccionnoticias.com.mx\/wp-content\/uploads\/2023\/03\/230329-Temporada-de-Calor-1-1024x683.jpg?ssl=1&w=150&resize=150&ssl=1 150w, https:\/\/i1.wp.com\/interaccionnoticias.com.mx\/wp-content\/uploads\/2023\/03\/230329-Temporada-de-Calor-1-1024x683.jpg?ssl=1&w=240&resize=240&ssl=1 240w, https:\/\/i1.wp.com\/interaccionnoticias.com.mx\/wp-content\/uploads\/2023\/03\/230329-Temporada-de-Calor-1-1024x683.jpg?ssl=1&w=320&resize=320&ssl=1 320w, https:\/\/i1.wp.com\/interaccionnoticias.com.mx\/wp-content\/uploads\/2023\/03\/230329-Temporada-de-Calor-1-1024x683.jpg?ssl=1&w=500&resize=500&ssl=1 500w, https:\/\/i1.wp.com\/interaccionnoticias.com.mx\/wp-content\/uploads\/2023\/03\/230329-Temporada-de-Calor-1-1024x683.jpg?ssl=1&w=640&resize=640&ssl=1 640w, https:\/\/i1.wp.com\/interaccionnoticias.com.mx\/wp-content\/uploads\/2023\/03\/230329-Temporada-de-Calor-1-1024x683.jpg?ssl=1&w=800&resize=800&ssl=1 800w, https:\/\/i1.wp.com\/interaccionnoticias.com.mx\/wp-content\/uploads\/2023\/03\/230329-Temporada-de-Calor-1-1024x683.jpg?ssl=1&w=1024&resize=1024&ssl=1 1024w, https:\/\/i1.wp.com\/interaccionnoticias.com.mx\/wp-content\/uploads\/2023\/03\/230329-Temporada-de-Calor-1-1024x683.jpg?ssl=1&w=1280&resize=1280&ssl=1 1280w, https:\/\/i1.wp.com\/interaccionnoticias.com.mx\/wp-content\/uploads\/2023\/03\/230329-Temporada-de-Calor-1-1024x683.jpg?ssl=1&w=1600&resize=1600&ssl=1 1600w\" alt=\"\" class=\"wp-block-jetpack-slideshow_image wp-image-59745\" data-id=\"59745\" fifu-data-src=\"https:\/\/i1.wp.com\/interaccionnoticias.com.mx\/wp-content\/uploads\/2023\/03\/230329-Temporada-de-Calor-1-1024x683.jpg?ssl=1\"\/><\/figure><\/li><li class=\"wp-block-jetpack-slideshow_slide swiper-slide\"><figure><img decoding=\"async\" src=\"data:image\/gif;base64,R0lGODlhAQABAIAAAAAAAP\/\/\/ywAAAAAAQABAAACAUwAOw==\" fifu-lazy=\"1\" fifu-data-sizes=\"auto\" fifu-data-srcset=\"https:\/\/i2.wp.com\/interaccionnoticias.com.mx\/wp-content\/uploads\/2023\/03\/230329-Temporada-de-Calor-2-1024x683.jpg?ssl=1&w=75&resize=75&ssl=1 75w, https:\/\/i2.wp.com\/interaccionnoticias.com.mx\/wp-content\/uploads\/2023\/03\/230329-Temporada-de-Calor-2-1024x683.jpg?ssl=1&w=100&resize=100&ssl=1 100w, https:\/\/i2.wp.com\/interaccionnoticias.com.mx\/wp-content\/uploads\/2023\/03\/230329-Temporada-de-Calor-2-1024x683.jpg?ssl=1&w=150&resize=150&ssl=1 150w, https:\/\/i2.wp.com\/interaccionnoticias.com.mx\/wp-content\/uploads\/2023\/03\/230329-Temporada-de-Calor-2-1024x683.jpg?ssl=1&w=240&resize=240&ssl=1 240w, https:\/\/i2.wp.com\/interaccionnoticias.com.mx\/wp-content\/uploads\/2023\/03\/230329-Temporada-de-Calor-2-1024x683.jpg?ssl=1&w=320&resize=320&ssl=1 320w, https:\/\/i2.wp.com\/interaccionnoticias.com.mx\/wp-content\/uploads\/2023\/03\/230329-Temporada-de-Calor-2-1024x683.jpg?ssl=1&w=500&resize=500&ssl=1 500w, https:\/\/i2.wp.com\/interaccionnoticias.com.mx\/wp-content\/uploads\/2023\/03\/230329-Temporada-de-Calor-2-1024x683.jpg?ssl=1&w=640&resize=640&ssl=1 640w, https:\/\/i2.wp.com\/interaccionnoticias.com.mx\/wp-content\/uploads\/2023\/03\/230329-Temporada-de-Calor-2-1024x683.jpg?ssl=1&w=800&resize=800&ssl=1 800w, https:\/\/i2.wp.com\/interaccionnoticias.com.mx\/wp-content\/uploads\/2023\/03\/230329-Temporada-de-Calor-2-1024x683.jpg?ssl=1&w=1024&resize=1024&ssl=1 1024w, https:\/\/i2.wp.com\/interaccionnoticias.com.mx\/wp-content\/uploads\/2023\/03\/230329-Temporada-de-Calor-2-1024x683.jpg?ssl=1&w=1280&resize=1280&ssl=1 1280w, https:\/\/i2.wp.com\/interaccionnoticias.com.mx\/wp-content\/uploads\/2023\/03\/230329-Temporada-de-Calor-2-1024x683.jpg?ssl=1&w=1600&resize=1600&ssl=1 1600w\" alt=\"\" class=\"wp-block-jetpack-slideshow_image wp-image-59744\" data-id=\"59744\" fifu-data-src=\"https:\/\/i2.wp.com\/interaccionnoticias.com.mx\/wp-content\/uploads\/2023\/03\/230329-Temporada-de-Calor-2-1024x683.jpg?ssl=1\"\/><\/figure><\/li><\/ul><a class=\"wp-block-jetpack-slideshow_button-prev swiper-button-prev swiper-button-white\" role=\"button\"><\/a><a class=\"wp-block-jetpack-slideshow_button-next swiper-button-next swiper-button-white\" role=\"button\"><\/a><a aria-label=\"Pause Slideshow\" class=\"wp-block-jetpack-slideshow_button-pause\" role=\"button\"><\/a><div class=\"wp-block-jetpack-slideshow_pagination swiper-pagination swiper-pagination-white\"><\/div><\/div><\/div>\n","protected":false},"excerpt":{"rendered":"<p>Chilpancingo, Gro., 29 de marzo del 2023.- La Secretar\u00eda de Salud en Guerrero (SSG), dio a conocer que debido a la temporada de calor que se presenta en la entidad,&hellip; <\/p>\n","protected":false},"author":19,"featured_media":59745,"comment_status":"open","ping_status":"open","sticky":false,"template":"","format":"standard","meta":{"fifu_image_url":"","fifu_image_alt":"","footnotes":""},"categories":[11],"tags":[],"class_list":["post-59743","post","type-post","status-publish","format-standard","has-post-thumbnail","hentry","category-guerrero"],"_links":{"self":[{"href":"https:\/\/www.interaccionnoticias.com.mx\/index.php?rest_route=\/wp\/v2\/posts\/59743","targetHints":{"allow":["GET"]}}],"collection":[{"href":"https:\/\/www.interaccionnoticias.com.mx\/index.php?rest_route=\/wp\/v2\/posts"}],"about":[{"href":"https:\/\/www.interaccionnoticias.com.mx\/index.php?rest_route=\/wp\/v2\/types\/post"}],"author":[{"embeddable":true,"href":"https:\/\/www.interaccionnoticias.com.mx\/index.php?rest_route=\/wp\/v2\/users\/19"}],"replies":[{"embeddable":true,"href":"https:\/\/www.interaccionnoticias.com.mx\/index.php?rest_route=%2Fwp%2Fv2%2Fcomments&post=59743"}],"version-history":[{"count":1,"href":"https:\/\/www.interaccionnoticias.com.mx\/index.php?rest_route=\/wp\/v2\/posts\/59743\/revisions"}],"predecessor-version":[{"id":59746,"href":"https:\/\/www.interaccionnoticias.com.mx\/index.php?rest_route=\/wp\/v2\/posts\/59743\/revisions\/59746"}],"wp:featuredmedia":[{"embeddable":true,"href":"https:\/\/www.interaccionnoticias.com.mx\/index.php?rest_route=\/wp\/v2\/media\/59745"}],"wp:attachment":[{"href":"https:\/\/www.interaccionnoticias.com.mx\/index.php?rest_route=%2Fwp%2Fv2%2Fmedia&parent=59743"}],"wp:term":[{"taxonomy":"category","embeddable":true,"href":"https:\/\/www.interaccionnoticias.com.mx\/index.php?rest_route=%2Fwp%2Fv2%2Fcategories&post=59743"},{"taxonomy":"post_tag","embeddable":true,"href":"https:\/\/www.interaccionnoticias.com.mx\/index.php?rest_route=%2Fwp%2Fv2%2Ftags&post=59743"}],"curies":[{"name":"wp","href":"https:\/\/api.w.org\/{rel}","templated":true}]}}