{"id":59621,"date":"2023-03-27T19:37:09","date_gmt":"2023-03-28T01:37:09","guid":{"rendered":"https:\/\/interaccionnoticias.com.mx\/?p=59621"},"modified":"2023-03-27T19:37:13","modified_gmt":"2023-03-28T01:37:13","slug":"inauguran-la-sala-de-exposicion-de-stands-del-tianguis-turistico-2023-y-el-pabellon-guerrero","status":"publish","type":"post","link":"https:\/\/www.interaccionnoticias.com.mx\/?p=59621","title":{"rendered":"Inauguran la sala de exposici\u00f3n de stands del Tianguis Tur\u00edstico 2023 y el pabell\u00f3n Guerrero"},"content":{"rendered":"\n<p><em><strong>&#8212; La gobernadora Evelyn Salgado cort\u00f3 el list\u00f3n inaugural junto a la jefa de gobierno de CDMX, Claudia Sheinbaum y el secretario de Turismo, Miguel Torruco<br>&#8212; Realizan recorrido por los stands de Michoac\u00e1n, Estado de M\u00e9xico, Tlaxcala, Guanajuato, Oaxaca y Turismo para todos<\/strong><\/em><\/p>\n\n\n\n<p><strong>Ciudad de M\u00e9xico, a 27 de marzo de 2023.-<\/strong> La gobernadora Evelyn Salgado Pineda acompa\u00f1\u00f3 a la jefa de Gobierno de la Ciudad de M\u00e9xico, Claudia Sheinbaum Pardo y al secretario de Turismo del Gobierno de M\u00e9xico, Miguel Torruco Marqu\u00e9s a la ceremonia de inauguraci\u00f3n y corte de list\u00f3n de la sala de exposici\u00f3n de stands de la edici\u00f3n 47 del Tianguis Tur\u00edstico.<\/p>\n\n\n\n<p>Durante el acto protocolario, el secretario de Turismo federal anunci\u00f3 que se han superado las expectativas y adelant\u00f3 que el pr\u00f3ximo mi\u00e9rcoles dar\u00e1n los pormenores de las cifras correspondientes a los logros alcanzados. En tanto que la jefa de Gobierno agradeci\u00f3 a todos los que hacen posible este evento, que muestra la belleza de cada uno de los estados de la Rep\u00fablica, de la Ciudad de M\u00e9xico y de todas las empresas participantes.<\/p>\n\n\n\n<p>Como parte de esta inauguraci\u00f3n, se llev\u00f3 a cabo un desfile de trajes t\u00edpicos de las distintas entidades participantes y se realiz\u00f3 la presentaci\u00f3n del Ballet Telet\u00f3n. Adem\u00e1s, se hizo la develaci\u00f3n del billete de la Loter\u00eda Nacional conmemorativo de esta edici\u00f3n del Tianguis Tur\u00edstico.<\/p>\n\n\n\n<p>Enseguida la gobernadora Salgado Pineda acompa\u00f1\u00f3 a la comitiva al recorrido, en donde se llev\u00f3 a cabo la inauguraci\u00f3n del pabell\u00f3n de Guerrero y visitaron los stands de Michoac\u00e1n, Estado de M\u00e9xico, Tlaxcala, Guanajuato, Oaxaca y el denominado Turismo para todos, que busca promover el turismo incluyente.<\/p>\n\n\n\n<p>Asistieron a este evento la gobernadora de Quintana Roo, Mara Lezama Espinosa; la gobernadora de Tlaxcala, Lorena Cu\u00e9llar Cisneros; el gobernador de Yucat\u00e1n, Mauricio Vila Dosal; el subsecretario del Gobierno de M\u00e9xico, Humberto Hern\u00e1ndez Haddad; la secretaria de Turismo de la Ciudad de M\u00e9xico, Nathalie Desplas; el director general del Tren Maya, \u00d3scar David Lozano \u00c1guila; la directora general de la Loter\u00eda Nacional, Margarita Gonz\u00e1lez; el presidente de la Concanaco-Servytur, H\u00e9ctor Tejada; el presidente de la Canirac, Germ\u00e1n Gonz\u00e1lez Bernal, entre otros.<\/p>\n","protected":false},"excerpt":{"rendered":"<p>&#8212; La gobernadora Evelyn Salgado cort\u00f3 el list\u00f3n inaugural junto a la jefa de gobierno de CDMX, Claudia Sheinbaum y el secretario de Turismo, Miguel Torruco&#8212; Realizan recorrido por los&hellip; <\/p>\n","protected":false},"author":19,"featured_media":59622,"comment_status":"open","ping_status":"open","sticky":false,"template":"","format":"standard","meta":{"fifu_image_url":"","fifu_image_alt":"","footnotes":""},"categories":[11],"tags":[],"class_list":["post-59621","post","type-post","status-publish","format-standard","has-post-thumbnail","hentry","category-guerrero"],"_links":{"self":[{"href":"https:\/\/www.interaccionnoticias.com.mx\/index.php?rest_route=\/wp\/v2\/posts\/59621","targetHints":{"allow":["GET"]}}],"collection":[{"href":"https:\/\/www.interaccionnoticias.com.mx\/index.php?rest_route=\/wp\/v2\/posts"}],"about":[{"href":"https:\/\/www.interaccionnoticias.com.mx\/index.php?rest_route=\/wp\/v2\/types\/post"}],"author":[{"embeddable":true,"href":"https:\/\/www.interaccionnoticias.com.mx\/index.php?rest_route=\/wp\/v2\/users\/19"}],"replies":[{"embeddable":true,"href":"https:\/\/www.interaccionnoticias.com.mx\/index.php?rest_route=%2Fwp%2Fv2%2Fcomments&post=59621"}],"version-history":[{"count":1,"href":"https:\/\/www.interaccionnoticias.com.mx\/index.php?rest_route=\/wp\/v2\/posts\/59621\/revisions"}],"predecessor-version":[{"id":59623,"href":"https:\/\/www.interaccionnoticias.com.mx\/index.php?rest_route=\/wp\/v2\/posts\/59621\/revisions\/59623"}],"wp:featuredmedia":[{"embeddable":true,"href":"https:\/\/www.interaccionnoticias.com.mx\/index.php?rest_route=\/wp\/v2\/media\/59622"}],"wp:attachment":[{"href":"https:\/\/www.interaccionnoticias.com.mx\/index.php?rest_route=%2Fwp%2Fv2%2Fmedia&parent=59621"}],"wp:term":[{"taxonomy":"category","embeddable":true,"href":"https:\/\/www.interaccionnoticias.com.mx\/index.php?rest_route=%2Fwp%2Fv2%2Fcategories&post=59621"},{"taxonomy":"post_tag","embeddable":true,"href":"https:\/\/www.interaccionnoticias.com.mx\/index.php?rest_route=%2Fwp%2Fv2%2Ftags&post=59621"}],"curies":[{"name":"wp","href":"https:\/\/api.w.org\/{rel}","templated":true}]}}