{"id":59605,"date":"2023-03-27T19:20:34","date_gmt":"2023-03-28T01:20:34","guid":{"rendered":"https:\/\/interaccionnoticias.com.mx\/?p=59605"},"modified":"2023-03-27T19:20:40","modified_gmt":"2023-03-28T01:20:40","slug":"piden-a-originarios-de-taxco-y-region-norte-denunciar-a-los-halcones-de-la-fm","status":"publish","type":"post","link":"https:\/\/www.interaccionnoticias.com.mx\/?p=59605","title":{"rendered":"Piden a originarios de Taxco y regi\u00f3n Norte, denunciar a los \u201chalcones\u201d de la FM"},"content":{"rendered":"\n<p><em><strong>&#8212; Hay ciudadanos y autoridades que por miedo se han sumado<br>&#8212; \u201cEl crimen organizado no es amigo\u201d, se\u00f1ala texto difundido por amigos y familiares de desaparecidos<\/strong><\/em><\/p>\n\n\n\n<p><strong>Rogelio Agust\u00edn<\/strong><\/p>\n\n\n\n<p>Familiares y amigos del servidor de la naci\u00f3n, Miguel Huerta Torres solicitaron a quienes se encuentran fuera de la regi\u00f3n Norte de Guerrero, pero que tienen sus ra\u00edces ah\u00ed, para que denuncien a los ciudadanos y autoridades que han aceptado colaborar como halcones de La Familia Michoacana (FM).<\/p>\n\n\n\n<p>A pocos d\u00edas de que se cumpla un mes de la desaparici\u00f3n de Huerta Torres, los integrantes del movimiento ciudadano que aglutina a familiares y amigos de v\u00edctimas de desaparici\u00f3n forzosa, se\u00f1alaron que se han percatado de que hay ciudadanos y autoridades que han sido c\u00f3mplices de dicho grupo delictivo.<\/p>\n\n\n\n<p>Manifestaron su benepl\u00e1cito por el hecho de que en algunas comunidades de la Tierra Caliente los habitantes se organizaron y lograron sacar de sus pueblos a la FM.<\/p>\n\n\n\n<p>Ese tipo de acciones, se\u00f1alaron que tiene un efecto en otros puntos donde el grupo opera.<\/p>\n\n\n\n<p>\u201cNos han comunicado que existen ocasiones que los delincuentes que conforman a la FM, desean salirse, porque sus jefes no tienen dinero para pagar la n\u00f3mina, pero peque\u00f1as c\u00e9lulas comienzan a delinquir por su cuenta\u201d, se\u00f1alan.<\/p>\n\n\n\n<p>Contin\u00faa: \u201cHay integrantes de la FM que se observan deambulando, comprando un pan y refresco como \u00fanico alimento, en otras ocasiones obligan a gente de la comunidad a qu\u00e9 les den alimento, todo esto bajo amenaza. Sin embargo, siguen siendo un grupo delincuencial peligroso\u201d.<\/p>\n\n\n\n<p>En un texto difundido en redes sociales, se\u00f1alan que existen autoridades, ciudadanos o taxistas que act\u00faan como lo que halcones, la mayor\u00eda se une por miedo, con el inter\u00e9s de obtener protecci\u00f3n o con promesas de dinero.<\/p>\n\n\n\n<p>\u201cLo que hacen es que comienzan a delatar a personas, adultos mayores ( para que les den una parte del apoyo destinado para adultos mayores), poblaci\u00f3n que tiene familiares en los EEUU, ganaderos que cuentan con algunas cabezas de ganado\u201d.<\/p>\n\n\n\n<p>Por esa raz\u00f3n, hacen un llamado a quienes son originarios de los pueblos de la regi\u00f3n Norte, pero que han salido por cuestiones de academia o trabajo, para que en la medida de sus posibilidades hablen con sus familiares que se han quedado en sus pueblos y les expliquen que el crimen organizado no es amigo.<\/p>\n\n\n\n<p>\u201cpidan que denuncien a sus autoridades que est\u00e1n unidos al crimen organizado, la principal arma que tenemos en este momento, es la denuncia, hay varios desaparecidos de manera forzada en nuestros pueblos, estamos exigiendo que deben regresar con vida. Si no ponemos un granito de arena, en la medida de nuestros posibilidades para que regrese la tranquilidad a nuestros pueblos, ma\u00f1ana no nos quejemos de lo que posiblemente pudi\u00e9ramos haber realizado y no lo hicimos\u201d, plantean.<\/p>\n\n\n\n<p>Y cierran: \u201cNuevamente les hacemos un llamado a nuestros paisanos que est\u00e1n fuera de sus comunidades trabajando, a los profesionistas, a los que por alguna raz\u00f3n dejaron el pueblo, para que denuncien lo que sucede en la zona norte de Guerrero. Estamos seguros que vamos a contar con su colaboraci\u00f3n\u201d.<\/p>\n","protected":false},"excerpt":{"rendered":"<p>&#8212; Hay ciudadanos y autoridades que por miedo se han sumado&#8212; \u201cEl crimen organizado no es amigo\u201d, se\u00f1ala texto difundido por amigos y familiares de desaparecidos Rogelio Agust\u00edn Familiares y&hellip; <\/p>\n","protected":false},"author":21,"featured_media":59606,"comment_status":"open","ping_status":"open","sticky":false,"template":"","format":"standard","meta":{"fifu_image_url":"","fifu_image_alt":"","footnotes":""},"categories":[27],"tags":[],"class_list":["post-59605","post","type-post","status-publish","format-standard","has-post-thumbnail","hentry","category-seguridad-publica"],"_links":{"self":[{"href":"https:\/\/www.interaccionnoticias.com.mx\/index.php?rest_route=\/wp\/v2\/posts\/59605","targetHints":{"allow":["GET"]}}],"collection":[{"href":"https:\/\/www.interaccionnoticias.com.mx\/index.php?rest_route=\/wp\/v2\/posts"}],"about":[{"href":"https:\/\/www.interaccionnoticias.com.mx\/index.php?rest_route=\/wp\/v2\/types\/post"}],"author":[{"embeddable":true,"href":"https:\/\/www.interaccionnoticias.com.mx\/index.php?rest_route=\/wp\/v2\/users\/21"}],"replies":[{"embeddable":true,"href":"https:\/\/www.interaccionnoticias.com.mx\/index.php?rest_route=%2Fwp%2Fv2%2Fcomments&post=59605"}],"version-history":[{"count":1,"href":"https:\/\/www.interaccionnoticias.com.mx\/index.php?rest_route=\/wp\/v2\/posts\/59605\/revisions"}],"predecessor-version":[{"id":59607,"href":"https:\/\/www.interaccionnoticias.com.mx\/index.php?rest_route=\/wp\/v2\/posts\/59605\/revisions\/59607"}],"wp:featuredmedia":[{"embeddable":true,"href":"https:\/\/www.interaccionnoticias.com.mx\/index.php?rest_route=\/wp\/v2\/media\/59606"}],"wp:attachment":[{"href":"https:\/\/www.interaccionnoticias.com.mx\/index.php?rest_route=%2Fwp%2Fv2%2Fmedia&parent=59605"}],"wp:term":[{"taxonomy":"category","embeddable":true,"href":"https:\/\/www.interaccionnoticias.com.mx\/index.php?rest_route=%2Fwp%2Fv2%2Fcategories&post=59605"},{"taxonomy":"post_tag","embeddable":true,"href":"https:\/\/www.interaccionnoticias.com.mx\/index.php?rest_route=%2Fwp%2Fv2%2Ftags&post=59605"}],"curies":[{"name":"wp","href":"https:\/\/api.w.org\/{rel}","templated":true}]}}