{"id":5960,"date":"2017-07-01T18:10:04","date_gmt":"2017-07-01T23:10:04","guid":{"rendered":"http:\/\/www.inter-accion.com.mx\/?p=5960"},"modified":"2017-07-01T18:10:04","modified_gmt":"2017-07-01T23:10:04","slug":"deslave-y-hundimiento-cierra-la-carretera-federal-chilpacingo-tlapa","status":"publish","type":"post","link":"https:\/\/www.interaccionnoticias.com.mx\/?p=5960","title":{"rendered":"Deslave y hundimiento cierra la carretera federal Chilpacingo-Tlapa"},"content":{"rendered":"<p><br \/>\nAl menos 18 los municipios incomunicados los perjudicados en la comunicaci\u00f3n con Chilpancingo<br \/>\nUn deslave generado a la altura de Tlatlauquitepec mantiene bloqueada la carretera federal Chilpancingo-Tlapa, lo que perjudica la comunicaci\u00f3n de por lo menos 18 municipios de Monta\u00f1a con la regi\u00f3n Centro de Guerrero.<br \/>\nLa ma\u00f1ana del s\u00e1bado 1 de julio, la Secretar\u00eda de Protecci\u00f3n Civil del gobierno estatal, confirm\u00f3 que derivado de las lluvias que se han registrado en las \u00faltimas horas, el deslave de un cerro cerr\u00f3 completamente la carretera federal, a la altura de Tlatlauiquitepec, en el municipio de Atlixtac.<br \/>\nAdem\u00e1s del deslave, el reblandecimiento de la tierra propici\u00f3 el hundimiento de la carpeta asf\u00e1ltica, raz\u00f3n por la que no hay hasta el momento circulaci\u00f3n vehicular.<br \/>\nMarco C\u00e9sar Mayares, responsable de Protecci\u00f3n Civil en el gobierno estatal, inform\u00f3 que son por lo menos 20 metros lineales de afectaci\u00f3n en la v\u00eda carretera, pero agreg\u00f3 que en la zona ya hay personal y maquinaria de la Secretar\u00eda de Comunicaciones y Transportes (DCT).<br \/>\nDe acuerdo con el titular de PC, la carretera hacia Tlapa es hasta el momento la m\u00e1s afectada, ya que el reblandecimiento del suelo ha provocado la interrupci\u00f3n de la comunicaci\u00f3n.<br \/>\nLa carretera a Tlapa, es la \u00fanica v\u00eda directa de comunicaci\u00f3n para quienes de alguno de los 18 municipios de la Monta\u00f1a pretende viajar hacia Chilpancingo.<br \/>\nOtra ruta es la Tlapa-Marquelia, que enlaza hacia la Costa Chica, lo que implica un viaje m\u00e1s prolongado, con el riesgo de que en dicha v\u00eda tambi\u00e9n se presenten derrumbes.<br \/>\nLos d\u00edas jueves y viernes se registraron encharcamientos en la cabecera municipal de Iguala de la Independencia.<\/p>\n","protected":false},"excerpt":{"rendered":"<p>Al menos 18 los municipios incomunicados los perjudicados en la comunicaci\u00f3n con Chilpancingo Un deslave generado a la altura de Tlatlauquitepec mantiene bloqueada la carretera federal Chilpancingo-Tlapa, lo que perjudica&hellip; <\/p>\n","protected":false},"author":1,"featured_media":0,"comment_status":"closed","ping_status":"closed","sticky":false,"template":"","format":"standard","meta":{"fifu_image_url":"","fifu_image_alt":"","footnotes":""},"categories":[8,23],"tags":[],"class_list":["post-5960","post","type-post","status-publish","format-standard","hentry","category-featured","category-regionales"],"_links":{"self":[{"href":"https:\/\/www.interaccionnoticias.com.mx\/index.php?rest_route=\/wp\/v2\/posts\/5960","targetHints":{"allow":["GET"]}}],"collection":[{"href":"https:\/\/www.interaccionnoticias.com.mx\/index.php?rest_route=\/wp\/v2\/posts"}],"about":[{"href":"https:\/\/www.interaccionnoticias.com.mx\/index.php?rest_route=\/wp\/v2\/types\/post"}],"author":[{"embeddable":true,"href":"https:\/\/www.interaccionnoticias.com.mx\/index.php?rest_route=\/wp\/v2\/users\/1"}],"replies":[{"embeddable":true,"href":"https:\/\/www.interaccionnoticias.com.mx\/index.php?rest_route=%2Fwp%2Fv2%2Fcomments&post=5960"}],"version-history":[{"count":0,"href":"https:\/\/www.interaccionnoticias.com.mx\/index.php?rest_route=\/wp\/v2\/posts\/5960\/revisions"}],"wp:attachment":[{"href":"https:\/\/www.interaccionnoticias.com.mx\/index.php?rest_route=%2Fwp%2Fv2%2Fmedia&parent=5960"}],"wp:term":[{"taxonomy":"category","embeddable":true,"href":"https:\/\/www.interaccionnoticias.com.mx\/index.php?rest_route=%2Fwp%2Fv2%2Fcategories&post=5960"},{"taxonomy":"post_tag","embeddable":true,"href":"https:\/\/www.interaccionnoticias.com.mx\/index.php?rest_route=%2Fwp%2Fv2%2Ftags&post=5960"}],"curies":[{"name":"wp","href":"https:\/\/api.w.org\/{rel}","templated":true}]}}