{"id":59598,"date":"2023-03-27T15:48:02","date_gmt":"2023-03-27T21:48:02","guid":{"rendered":"https:\/\/interaccionnoticias.com.mx\/?p=59598"},"modified":"2023-03-27T15:48:07","modified_gmt":"2023-03-27T21:48:07","slug":"la-violencia-politica-en-un-razon-de-genero-se-recrudece-con-la-paridad-martha-elena-mejia-presidenta-del-tee-de-morelos","status":"publish","type":"post","link":"https:\/\/www.interaccionnoticias.com.mx\/?p=59598","title":{"rendered":"La violencia pol\u00edtica en un raz\u00f3n de g\u00e9nero se recrudece con la paridad: Martha Elena Mej\u00eda, presidenta del TEE de Morelos"},"content":{"rendered":"\n<p><strong>Rosario Garc\u00eda Orozco<\/strong><\/p>\n\n\n\n<p><strong>Chilpancingo, Gro., 27 de marzo del 2023.-<\/strong> A ra\u00edz del avance en la paridad, se ha recrudecido la violencia pol\u00edtica en un raz\u00f3n de g\u00e9nero, consider\u00f3 la presidenta del Tribunal Electoral del Estado de Morelos, Martha Elena Mej\u00eda.<\/p>\n\n\n\n<p>La presidenta del Tribunal Electoral del Estado de Morelos, disert\u00f3 la conferencia: \u00abViolencia Pol\u00edtica en raz\u00f3n de G\u00e9nero: Retos y perspectivas\u00bb, que organiz\u00f3 el Tribunal Electoral del Estado en Guerrero (Teegro), en el marco del D\u00eda Internacional de la Mujer, que se conmemora el 8 de marzo.<\/p>\n\n\n\n<p>Ejemplific\u00f3 que en el Poder Judicial de la Federaci\u00f3n hay paridad de g\u00e9nero en el sentido de que entre los trabajadores el 50 por ciento son hombres, y el 50 por ciento son mujeres, pero resulta que el 71 por ciento de los jueces son hombres, \u00abentonces en el n\u00fameros de trabajadores s\u00ed hay paridad, pero no en los cargos de decisi\u00f3n\u00bb.<\/p>\n\n\n\n<p>Y agreg\u00f3 que en el Congreso del Estado de Morelos, de 20 diputados, 11 son mujeres, pero no presiden ni las comisiones m\u00e1s importantes, ni la Junta de Coordinaci\u00f3n Pol\u00edtica, ni la mesa directiva, \u00abde tal modo que no hay paridad efectivo\u00bb.<\/p>\n\n\n\n<p>En su oportunidad, la presidenta del Teegro, Evelyn Rodr\u00edguez Xinol, lament\u00f3 que el avance en la conquista de los derechos pol\u00edtico electorales sea tan lento y que \u00abla violencia pol\u00edtica en raz\u00f3n de g\u00e9nero se suma a ese c\u00famulo de violencia contra las mujeres, por lo que algunas han dejado de participar para intervenir en el espacio p\u00fablico\u00bb.<\/p>\n\n\n\n<p>Sostuvo que la condici\u00f3n de ser mujer es uno de los principales causales de la violencia en raz\u00f3n de g\u00e9nero, porque evidencia la cultura machista que indica que no se debe permitir la participaci\u00f3n de la mujer en la vida p\u00fablica, por lo que se hace indispensable seguir luchando por el respeto de los derechos de las mujeres. No<\/p>\n\n\n\n<p>En la ronda de preguntas y respuestas, la activista feminista Mar\u00eda Luisa Garfias Mar\u00edn, sostuvo que la sentencia de la Suprema Corte de Justicia de la Naci\u00f3n (SCJN), va a generar impunidad en el tema de la violencia contra las mujeres, porque ya no ser\u00e1n inhabilitados para ser candidatos a cargos de elecci\u00f3n popular los agresores contra mujeres.<\/p>\n\n\n\n<p>Consider\u00f3 que a pesar de que se dice que se aplica la justicia con perspectiva de g\u00e9nero, \u00ablas creencias y la formaci\u00f3n tradicional machista se percibe entre los juzgadores en Guerrero, se mantiene el sometimiento contra las mujeres, y no se hacen realidad el castigo a los agresores de mujeres\u00bb.<\/p>\n\n\n\n<p>La tambi\u00e9n activista feminista, Beatriz Eslava Borja cuestion\u00f3 el desinter\u00e9s de los partidos pol\u00edticos porque en la conferencia no estuvo presente ning\u00fan representante de alguno de los institutos pol\u00edticos, \u00aby deben capacitarse para dejar de cometer violencia en contra de las mujeres\u00bb.<\/p>\n","protected":false},"excerpt":{"rendered":"<p>Rosario Garc\u00eda Orozco Chilpancingo, Gro., 27 de marzo del 2023.- A ra\u00edz del avance en la paridad, se ha recrudecido la violencia pol\u00edtica en un raz\u00f3n de g\u00e9nero, consider\u00f3 la&hellip; <\/p>\n","protected":false},"author":14,"featured_media":59599,"comment_status":"open","ping_status":"open","sticky":false,"template":"","format":"standard","meta":{"fifu_image_url":"","fifu_image_alt":"","footnotes":""},"categories":[17],"tags":[],"class_list":["post-59598","post","type-post","status-publish","format-standard","has-post-thumbnail","hentry","category-organos-electorales"],"_links":{"self":[{"href":"https:\/\/www.interaccionnoticias.com.mx\/index.php?rest_route=\/wp\/v2\/posts\/59598","targetHints":{"allow":["GET"]}}],"collection":[{"href":"https:\/\/www.interaccionnoticias.com.mx\/index.php?rest_route=\/wp\/v2\/posts"}],"about":[{"href":"https:\/\/www.interaccionnoticias.com.mx\/index.php?rest_route=\/wp\/v2\/types\/post"}],"author":[{"embeddable":true,"href":"https:\/\/www.interaccionnoticias.com.mx\/index.php?rest_route=\/wp\/v2\/users\/14"}],"replies":[{"embeddable":true,"href":"https:\/\/www.interaccionnoticias.com.mx\/index.php?rest_route=%2Fwp%2Fv2%2Fcomments&post=59598"}],"version-history":[{"count":1,"href":"https:\/\/www.interaccionnoticias.com.mx\/index.php?rest_route=\/wp\/v2\/posts\/59598\/revisions"}],"predecessor-version":[{"id":59600,"href":"https:\/\/www.interaccionnoticias.com.mx\/index.php?rest_route=\/wp\/v2\/posts\/59598\/revisions\/59600"}],"wp:featuredmedia":[{"embeddable":true,"href":"https:\/\/www.interaccionnoticias.com.mx\/index.php?rest_route=\/wp\/v2\/media\/59599"}],"wp:attachment":[{"href":"https:\/\/www.interaccionnoticias.com.mx\/index.php?rest_route=%2Fwp%2Fv2%2Fmedia&parent=59598"}],"wp:term":[{"taxonomy":"category","embeddable":true,"href":"https:\/\/www.interaccionnoticias.com.mx\/index.php?rest_route=%2Fwp%2Fv2%2Fcategories&post=59598"},{"taxonomy":"post_tag","embeddable":true,"href":"https:\/\/www.interaccionnoticias.com.mx\/index.php?rest_route=%2Fwp%2Fv2%2Ftags&post=59598"}],"curies":[{"name":"wp","href":"https:\/\/api.w.org\/{rel}","templated":true}]}}