{"id":5957,"date":"2017-06-30T21:33:57","date_gmt":"2017-07-01T02:33:57","guid":{"rendered":"http:\/\/www.inter-accion.com.mx\/?p=5957"},"modified":"2017-06-30T21:33:57","modified_gmt":"2017-07-01T02:33:57","slug":"por-portacion-ilegal-de-arma-de-fuego-detienen-a-lider-de-carniceros-en-chilpancingo","status":"publish","type":"post","link":"https:\/\/www.interaccionnoticias.com.mx\/?p=5957","title":{"rendered":"Por portaci\u00f3n ilegal de arma de fuego, detienen a l\u00edder de carniceros en Chilpancingo"},"content":{"rendered":"<p>Elementos de la Polic\u00eda Federal (PF) detuvieron a Milt\u00f3n N, l\u00edder de expendedores de carne en el mercado Baltazar R. Leyva Mancilla, a quien le encontraron un arma de fuego cuya propiedad no pudo acreditar.<br \/>\nDe acuerdo con un parte informativo, el dirigente fue interceptado en un filtro de revisi\u00f3n que personal de la PF instal\u00f3 en el punto conocido como \u00abLos cocos\u00bb, sobre el antiguo libramiento a Tixtla.<br \/>\nEl expendedor de carne manejaba una camioneta Ford Lobo de color gris, placas del estado de Guerrero y dentro de la unidad una pistola 9 mil\u00ednetros de la que no pudo acreditar la propiedad.<br \/>\nMilt\u00f3n, de 35 a\u00f1os de edad fue asegurado por los elementos de la Polic\u00eda Federal (PF), ya que en el piso de la camioneta se encontr\u00f3 un cartucho \u00fatil, en tantp que la pistola ten\u00eda un cargador con ocho balas, raz\u00f3n por la que indicar\u00f3n, ser\u00eda puesto a disposici\u00f3n de las autoridades correspondientes.<br \/>\nDurante el mes de junio, el mercado Baltazar R. Leyva Mancilla se ha convertido en el lugar en que m\u00e1s balaceras se han registrado en la capital de Guerrero.<\/p>\n","protected":false},"excerpt":{"rendered":"<p>Elementos de la Polic\u00eda Federal (PF) detuvieron a Milt\u00f3n N, l\u00edder de expendedores de carne en el mercado Baltazar R. Leyva Mancilla, a quien le encontraron un arma de fuego&hellip; <\/p>\n","protected":false},"author":1,"featured_media":0,"comment_status":"closed","ping_status":"closed","sticky":false,"template":"","format":"standard","meta":{"fifu_image_url":"","fifu_image_alt":"","footnotes":""},"categories":[8,27],"tags":[],"class_list":["post-5957","post","type-post","status-publish","format-standard","hentry","category-featured","category-seguridad-publica"],"_links":{"self":[{"href":"https:\/\/www.interaccionnoticias.com.mx\/index.php?rest_route=\/wp\/v2\/posts\/5957","targetHints":{"allow":["GET"]}}],"collection":[{"href":"https:\/\/www.interaccionnoticias.com.mx\/index.php?rest_route=\/wp\/v2\/posts"}],"about":[{"href":"https:\/\/www.interaccionnoticias.com.mx\/index.php?rest_route=\/wp\/v2\/types\/post"}],"author":[{"embeddable":true,"href":"https:\/\/www.interaccionnoticias.com.mx\/index.php?rest_route=\/wp\/v2\/users\/1"}],"replies":[{"embeddable":true,"href":"https:\/\/www.interaccionnoticias.com.mx\/index.php?rest_route=%2Fwp%2Fv2%2Fcomments&post=5957"}],"version-history":[{"count":0,"href":"https:\/\/www.interaccionnoticias.com.mx\/index.php?rest_route=\/wp\/v2\/posts\/5957\/revisions"}],"wp:attachment":[{"href":"https:\/\/www.interaccionnoticias.com.mx\/index.php?rest_route=%2Fwp%2Fv2%2Fmedia&parent=5957"}],"wp:term":[{"taxonomy":"category","embeddable":true,"href":"https:\/\/www.interaccionnoticias.com.mx\/index.php?rest_route=%2Fwp%2Fv2%2Fcategories&post=5957"},{"taxonomy":"post_tag","embeddable":true,"href":"https:\/\/www.interaccionnoticias.com.mx\/index.php?rest_route=%2Fwp%2Fv2%2Ftags&post=5957"}],"curies":[{"name":"wp","href":"https:\/\/api.w.org\/{rel}","templated":true}]}}