{"id":59564,"date":"2023-03-27T11:41:43","date_gmt":"2023-03-27T17:41:43","guid":{"rendered":"https:\/\/interaccionnoticias.com.mx\/?p=59564"},"modified":"2023-03-27T11:41:47","modified_gmt":"2023-03-27T17:41:47","slug":"el-obispo-de-la-diocesis-chilpancingo-chilapa-pide-que-recen-por-su-salud","status":"publish","type":"post","link":"https:\/\/www.interaccionnoticias.com.mx\/?p=59564","title":{"rendered":"El Obispo de la Di\u00f3cesis Chilpancingo Chilapa pide que recen por su salud"},"content":{"rendered":"\n<p><strong>&#8212; El prelado cat\u00f3lico tuvo coronavirus en diciembre del a\u00f1o pasado y enero recay\u00f3<\/strong><\/p>\n\n\n\n<p><strong>Yasm\u00edn Garc\u00eda Chino<\/strong><\/p>\n\n\n\n<p><strong>Chilpancingo, Gro., a 27 de marzo 2023.- <\/strong>El obispo de la Di\u00f3cesis Chilpancingo-Chilapa, Jos\u00e9 de Jes\u00fas Gonz\u00e1lez Hern\u00e1ndez pidi\u00f3 a la comunidad cat\u00f3lica que hagan oraci\u00f3n por \u00e9l ya que su salud quedo deteriorada despu\u00e9s de padecer Covid-19.<\/p>\n\n\n\n<p>En la misa dominical celebrada en la Santa Iglesia Catedral de Chilapa de \u00c1lvarez, el obispo revel\u00f3 a los feligreses que no est\u00e1 al cien por ciento de salud.<\/p>\n\n\n\n<p>Di\u00f3 a conocer que en tres meses le realizar\u00e1n estudios por lo que conf\u00eda que saldr\u00e1n bien.<\/p>\n\n\n\n<p>\u00abEspero salgan con bien y que el m\u00e9dico me diga se\u00f1or obispo ya siga haciendo bien su trabajo, entonces pidan por m\u00ed, gracias\u201d, recalc\u00f3 el prelado cat\u00f3lico.<\/p>\n\n\n\n<p>A finales del mes de diciembre del 2022, el Obispo contrajo la enfermedad del coronavirus, por lo que fue traslado a un hospital de Cuernavaca para recibir atenci\u00f3n m\u00e9dica.<\/p>\n\n\n\n<p>En el mes de enero del a\u00f1o en curso el obispo em\u00e9rito, Salvador Rangel Mendoza, inform\u00f3 que Jos\u00e9 de Jes\u00fas Gonz\u00e1lez hab\u00eda reca\u00eddo por el coronavirus, por lo que \u00e9l se encargaba de efectuar las misas dominicales en la catedral de Chilapa y en los festejos religiosos a los que invitaban al clero, asimismo Salvador Rangel fue quien tom\u00f3 protesta a los sacerdotes de Chilpancingo, Taxco y Chilapa.<\/p>\n","protected":false},"excerpt":{"rendered":"<p>&#8212; El prelado cat\u00f3lico tuvo coronavirus en diciembre del a\u00f1o pasado y enero recay\u00f3 Yasm\u00edn Garc\u00eda Chino Chilpancingo, Gro., a 27 de marzo 2023.- El obispo de la Di\u00f3cesis Chilpancingo-Chilapa,&hellip; <\/p>\n","protected":false},"author":32,"featured_media":59565,"comment_status":"open","ping_status":"open","sticky":false,"template":"","format":"standard","meta":{"fifu_image_url":"","fifu_image_alt":"","footnotes":""},"categories":[29],"tags":[],"class_list":["post-59564","post","type-post","status-publish","format-standard","has-post-thumbnail","hentry","category-sociedad"],"_links":{"self":[{"href":"https:\/\/www.interaccionnoticias.com.mx\/index.php?rest_route=\/wp\/v2\/posts\/59564","targetHints":{"allow":["GET"]}}],"collection":[{"href":"https:\/\/www.interaccionnoticias.com.mx\/index.php?rest_route=\/wp\/v2\/posts"}],"about":[{"href":"https:\/\/www.interaccionnoticias.com.mx\/index.php?rest_route=\/wp\/v2\/types\/post"}],"author":[{"embeddable":true,"href":"https:\/\/www.interaccionnoticias.com.mx\/index.php?rest_route=\/wp\/v2\/users\/32"}],"replies":[{"embeddable":true,"href":"https:\/\/www.interaccionnoticias.com.mx\/index.php?rest_route=%2Fwp%2Fv2%2Fcomments&post=59564"}],"version-history":[{"count":1,"href":"https:\/\/www.interaccionnoticias.com.mx\/index.php?rest_route=\/wp\/v2\/posts\/59564\/revisions"}],"predecessor-version":[{"id":59566,"href":"https:\/\/www.interaccionnoticias.com.mx\/index.php?rest_route=\/wp\/v2\/posts\/59564\/revisions\/59566"}],"wp:featuredmedia":[{"embeddable":true,"href":"https:\/\/www.interaccionnoticias.com.mx\/index.php?rest_route=\/wp\/v2\/media\/59565"}],"wp:attachment":[{"href":"https:\/\/www.interaccionnoticias.com.mx\/index.php?rest_route=%2Fwp%2Fv2%2Fmedia&parent=59564"}],"wp:term":[{"taxonomy":"category","embeddable":true,"href":"https:\/\/www.interaccionnoticias.com.mx\/index.php?rest_route=%2Fwp%2Fv2%2Fcategories&post=59564"},{"taxonomy":"post_tag","embeddable":true,"href":"https:\/\/www.interaccionnoticias.com.mx\/index.php?rest_route=%2Fwp%2Fv2%2Ftags&post=59564"}],"curies":[{"name":"wp","href":"https:\/\/api.w.org\/{rel}","templated":true}]}}